{"id":53392,"date":"2025-09-29T08:00:56","date_gmt":"2025-09-29T14:00:56","guid":{"rendered":"https:\/\/cuernavaca.gob.mx\/?p=53392"},"modified":"2025-09-30T12:14:29","modified_gmt":"2025-09-30T18:14:29","slug":"b623-29-09-25-secretaria-de-proteccion-y-auxilio-ciudadano-seprac-informa","status":"publish","type":"post","link":"https:\/\/cuernavaca.gob.mx\/?p=53392","title":{"rendered":"B623 29\/09\/25 Secretar\u00eda de Protecci\u00f3n y Auxilio Ciudadano (SEPRAC) INFORMA"},"content":{"rendered":"<p>La Secretar\u00eda de Protecci\u00f3n y Auxilio Ciudadano (SEPRAC) de Cuernavaca informa sobre las atenciones realizadas tras las lluvias registradas las \u00faltimas horas en el municipio de Cuernavaca:<\/p>\n<p>Entre las incidencias reportadas se encuentran:<br \/>\n\u2022 Inundaciones en las colonias Flores Mag\u00f3n, San Fernando y Lomas de Atzingo<br \/>\n\u2022 Ca\u00edda de \u00e1rbol en Lomas de la Selva<br \/>\n\u2022 Alcantarillas abiertas debido a que el agua arrastr\u00f3 las tapas<br \/>\n\u2022 Derrumbe de rocas entre Av. Diana y Villas de Lago, sin personas lesionadas.<\/p>\n<p>\u2705 Personal de Bomberos y Protecci\u00f3n Civil contin\u00faa en recorridos para la evaluaci\u00f3n de da\u00f1os y atenci\u00f3n a la ciudadan\u00eda.<\/p>\n<p>\u26a0\ufe0f Se recomienda extremar precauciones y evitar zonas encharcadas o con riesgo de deslaves. Ante cualquier emergencia pueden comunicarse al n\u00famero del C4, al 777-312-12-74.<\/p>\n\n\t\t<style type=\"text\/css\">\n\t\t\t#gallery-1 {\n\t\t\t\tmargin: auto;\n\t\t\t}\n\t\t\t#gallery-1 .gallery-item {\n\t\t\t\tfloat: left;\n\t\t\t\tmargin-top: 10px;\n\t\t\t\ttext-align: center;\n\t\t\t\twidth: 33%;\n\t\t\t}\n\t\t\t#gallery-1 img {\n\t\t\t\tborder: 2px solid #cfcfcf;\n\t\t\t}\n\t\t\t#gallery-1 .gallery-caption {\n\t\t\t\tmargin-left: 0;\n\t\t\t}\n\t\t\t\/* see gallery_shortcode() in wp-includes\/media.php *\/\n\t\t<\/style>\n\t\t<div id='gallery-1' class='gallery galleryid-53392 gallery-columns-3 gallery-size-thumbnail'><dl class='gallery-item'>\n\t\t\t<dt class='gallery-icon landscape'>\n\t\t\t\t<a href='https:\/\/cuernavaca.gob.mx\/?attachment_id=53393'><img width=\"150\" height=\"150\" src=\"https:\/\/cuernavaca.gob.mx\/wp-content\/uploads\/2025\/09\/Secretari\u0301a-de-Proteccio\u0301n-y-Auxilio-Ciudadano-SEPRAC-1-150x150.jpg\" class=\"attachment-thumbnail size-thumbnail\" alt=\"\" loading=\"lazy\" \/><\/a>\n\t\t\t<\/dt><\/dl><dl class='gallery-item'>\n\t\t\t<dt class='gallery-icon portrait'>\n\t\t\t\t<a href='https:\/\/cuernavaca.gob.mx\/?attachment_id=53394'><img width=\"150\" height=\"150\" src=\"https:\/\/cuernavaca.gob.mx\/wp-content\/uploads\/2025\/09\/Secretari\u0301a-de-Proteccio\u0301n-y-Auxilio-Ciudadano-SEPRAC-2-150x150.jpg\" class=\"attachment-thumbnail size-thumbnail\" alt=\"\" loading=\"lazy\" \/><\/a>\n\t\t\t<\/dt><\/dl><dl class='gallery-item'>\n\t\t\t<dt class='gallery-icon portrait'>\n\t\t\t\t<a href='https:\/\/cuernavaca.gob.mx\/?attachment_id=53395'><img width=\"150\" height=\"150\" src=\"https:\/\/cuernavaca.gob.mx\/wp-content\/uploads\/2025\/09\/Secretari\u0301a-de-Proteccio\u0301n-y-Auxilio-Ciudadano-SEPRAC-3-150x150.jpg\" class=\"attachment-thumbnail size-thumbnail\" alt=\"\" loading=\"lazy\" \/><\/a>\n\t\t\t<\/dt><\/dl><br style=\"clear: both\" \/>\n\t\t<\/div>\n\n","protected":false},"excerpt":{"rendered":"<p>La Secretar\u00eda de Protecci\u00f3n y Auxilio Ciudadano (SEPRAC) de Cuernavaca informa sobre las atenciones realizadas tras las lluvias registradas las \u00faltimas horas en el municipio de Cuernavaca: Entre las incidencias reportadas se encuentran: \u2022 Inundaciones en las colonias Flores Mag\u00f3n, San Fernando y Lomas de Atzingo \u2022 Ca\u00edda de \u00e1rbol en Lomas de la Selva [&hellip;]<\/p>\n","protected":false},"author":1,"featured_media":53395,"comment_status":"closed","ping_status":"open","sticky":false,"template":"","format":"standard","meta":[],"categories":[2227],"tags":[121,120,1044,127,172],"aioseo_notices":[],"_links":{"self":[{"href":"https:\/\/cuernavaca.gob.mx\/index.php?rest_route=\/wp\/v2\/posts\/53392"}],"collection":[{"href":"https:\/\/cuernavaca.gob.mx\/index.php?rest_route=\/wp\/v2\/posts"}],"about":[{"href":"https:\/\/cuernavaca.gob.mx\/index.php?rest_route=\/wp\/v2\/types\/post"}],"author":[{"embeddable":true,"href":"https:\/\/cuernavaca.gob.mx\/index.php?rest_route=\/wp\/v2\/users\/1"}],"replies":[{"embeddable":true,"href":"https:\/\/cuernavaca.gob.mx\/index.php?rest_route=%2Fwp%2Fv2%2Fcomments&post=53392"}],"version-history":[{"count":1,"href":"https:\/\/cuernavaca.gob.mx\/index.php?rest_route=\/wp\/v2\/posts\/53392\/revisions"}],"predecessor-version":[{"id":53396,"href":"https:\/\/cuernavaca.gob.mx\/index.php?rest_route=\/wp\/v2\/posts\/53392\/revisions\/53396"}],"wp:featuredmedia":[{"embeddable":true,"href":"https:\/\/cuernavaca.gob.mx\/index.php?rest_route=\/wp\/v2\/media\/53395"}],"wp:attachment":[{"href":"https:\/\/cuernavaca.gob.mx\/index.php?rest_route=%2Fwp%2Fv2%2Fmedia&parent=53392"}],"wp:term":[{"taxonomy":"category","embeddable":true,"href":"https:\/\/cuernavaca.gob.mx\/index.php?rest_route=%2Fwp%2Fv2%2Fcategories&post=53392"},{"taxonomy":"post_tag","embeddable":true,"href":"https:\/\/cuernavaca.gob.mx\/index.php?rest_route=%2Fwp%2Fv2%2Ftags&post=53392"}],"curies":[{"name":"wp","href":"https:\/\/api.w.org\/{rel}","templated":true}]}}