{"id":53409,"date":"2025-10-01T09:00:50","date_gmt":"2025-10-01T15:00:50","guid":{"rendered":"https:\/\/cuernavaca.gob.mx\/?p=53409"},"modified":"2025-10-01T09:41:24","modified_gmt":"2025-10-01T15:41:24","slug":"b625-01-10-25-arranca-en-cuernavaca-campana-de-cobro-anticipado-del-predial-2026-con-descuentos-del-15-y-hasta-50-para-grupos-prioritarios","status":"publish","type":"post","link":"https:\/\/cuernavaca.gob.mx\/?p=53409","title":{"rendered":"B625 01\/10\/25 ARRANCA EN CUERNAVACA CAMPA\u00d1A DE COBRO ANTICIPADO DEL PREDIAL 2026 CON DESCUENTOS DEL 15% Y HASTA 50% PARA GRUPOS PRIORITARIOS"},"content":{"rendered":"<p><strong>\u2022 El presidente municipal, Jos\u00e9 Luis Uri\u00f3stegui Salgado, invita a la ciudadan\u00eda a aprovechar los beneficios fiscales vigentes del 01 de octubre al 31 de diciembre, destacando que la recaudaci\u00f3n responsable permite mejorar servicios p\u00fablicos e infraestructura<\/strong><\/p>\n<p><strong>\u2022 El alcalde destac\u00f3 que, desde su primera administraci\u00f3n, la recaudaci\u00f3n ha tenido un aumento sostenido de entre el 10 y el 15%, demostrando la confianza de la poblaci\u00f3n en el gobierno<\/strong><\/p>\n<p>El Ayuntamiento de Cuernavaca, a trav\u00e9s de la Tesorer\u00eda Municipal, dio inicio este mi\u00e9rcoles 01 de octubre a la campa\u00f1a de cobro anticipado del impuesto predial y servicios p\u00fablicos municipales correspondiente al ejercicio fiscal 2026, ofreciendo un descuento del 15% al p\u00fablico en general y del 50% a jubilados, pensionados, personas con discapacidad y adultos mayores de 65 a\u00f1os, beneficio que estar\u00e1 vigente hasta el 31 de diciembre de 2025.<\/p>\n<p>Para marcar el inicio de esta campa\u00f1a, el presidente municipal Jos\u00e9 Luis Uri\u00f3stegui Salgado realiz\u00f3 personalmente el pago de su impuesto predial en las oficinas de la Tesorer\u00eda, acompa\u00f1ado del tesorero municipal, Javier Arozarena Salazar, y el director general de Catastro e Impuesto Predial, Fernando Streber Montange, reforzando as\u00ed con el ejemplo el compromiso institucional con el cumplimiento de esta obligaci\u00f3n ciudadana.<\/p>\n<p>Uri\u00f3stegui Salgado subray\u00f3 que esta estrategia ha sido fundamental para fortalecer los ingresos propios del municipio, logrando a partir de su primera administraci\u00f3n un aumento sostenido de entre el 10 y el 15% en la captaci\u00f3n, lo que se ha traducido en mayor inversi\u00f3n en obras p\u00fablicas y mejora de servicios b\u00e1sicos, pero tambi\u00e9n en una reconciliaci\u00f3n con la poblaci\u00f3n.<\/p>\n<p>\u201cCada persona que cumple con su pago contribuye directamente a generar ingresos para el Ayuntamiento, lo que nos permite hacer obras necesarias para la poblaci\u00f3n. Gracias a esta cultura de responsabilidad y a la reconciliaci\u00f3n ciudadana con la administraci\u00f3n, hemos logrado una recaudaci\u00f3n aproximada de 300 millones de pesos, derivada tambi\u00e9n del registro voluntario de predios ejidales, comunales y construcciones no regularizadas\u201d, puntualiz\u00f3 el alcalde.<\/p>\n<p>Como parte de esta campa\u00f1a y como ha ocurrido desde la primera administraci\u00f3n de Jos\u00e9 Luis Uri\u00f3stegui, las y los contribuyentes podr\u00e1n participar en una encuesta al momento de pagar, en la cual podr\u00e1n decidir en qu\u00e9 \u00e1reas desean que se invierta hasta el 40% de lo recaudado: bacheo y pavimentaci\u00f3n, alumbrado, c\u00e1maras de vigilancia, agua potable y drenaje, as\u00ed como embellecimiento urbano. Asimismo, recibir\u00e1n una carta de agradecimiento personalizada por parte del presidente municipal.<\/p>\n<p>Para facilitar el proceso, la Tesorer\u00eda Municipal cuenta con cajas especializadas para personas con discapacidad y mujeres embarazadas, turnos organizados en el \u00e1rea de cajas y citas en l\u00ednea a trav\u00e9s del portal: https:\/\/citas.cuernavaca.gob.mx. Pr\u00f3ximamente tambi\u00e9n estar\u00e1 disponible el pago en l\u00ednea en https:\/\/cuernavaca.gob.mx<\/p>\n<p>Las oficinas centrales de la Tesorer\u00eda brindan atenci\u00f3n de lunes a viernes de 08:00 a 17:00 horas y los s\u00e1bados de 09:00 a 14:00 horas en calle Cuauhtemotzin #4, colonia Centro. Adem\u00e1s, hay m\u00f3dulos de pago distribuidos en distintos puntos del municipio, algunos con servicio incluso en fines de semana. La ubicaci\u00f3n de estas cajas puede consultarse en las redes sociales oficiales del Municipio de Cuernavaca.<\/p>\n\n\t\t<style type=\"text\/css\">\n\t\t\t#gallery-1 {\n\t\t\t\tmargin: auto;\n\t\t\t}\n\t\t\t#gallery-1 .gallery-item {\n\t\t\t\tfloat: left;\n\t\t\t\tmargin-top: 10px;\n\t\t\t\ttext-align: center;\n\t\t\t\twidth: 33%;\n\t\t\t}\n\t\t\t#gallery-1 img {\n\t\t\t\tborder: 2px solid #cfcfcf;\n\t\t\t}\n\t\t\t#gallery-1 .gallery-caption {\n\t\t\t\tmargin-left: 0;\n\t\t\t}\n\t\t\t\/* see gallery_shortcode() in wp-includes\/media.php *\/\n\t\t<\/style>\n\t\t<div id='gallery-1' class='gallery galleryid-53409 gallery-columns-3 gallery-size-thumbnail'><dl class='gallery-item'>\n\t\t\t<dt class='gallery-icon landscape'>\n\t\t\t\t<a href='https:\/\/cuernavaca.gob.mx\/?attachment_id=53410'><img width=\"150\" height=\"150\" src=\"https:\/\/cuernavaca.gob.mx\/wp-content\/uploads\/2025\/10\/ARRANCA-EN-CUERNAVACA-CAMPAN\u0303A-DE-COBRO-ANTICIPADO-DEL-PREDIAL-2026-CON-DESCUENTOS-DEL-15-Y-HASTA-50-PARA-GRUPOS-PRIORITARIOS-1-150x150.jpg\" class=\"attachment-thumbnail size-thumbnail\" alt=\"\" loading=\"lazy\" \/><\/a>\n\t\t\t<\/dt><\/dl><dl class='gallery-item'>\n\t\t\t<dt class='gallery-icon landscape'>\n\t\t\t\t<a href='https:\/\/cuernavaca.gob.mx\/?attachment_id=53411'><img width=\"150\" height=\"150\" src=\"https:\/\/cuernavaca.gob.mx\/wp-content\/uploads\/2025\/10\/ARRANCA-EN-CUERNAVACA-CAMPAN\u0303A-DE-COBRO-ANTICIPADO-DEL-PREDIAL-2026-CON-DESCUENTOS-DEL-15-Y-HASTA-50-PARA-GRUPOS-PRIORITARIOS-2-150x150.jpg\" class=\"attachment-thumbnail size-thumbnail\" alt=\"\" loading=\"lazy\" \/><\/a>\n\t\t\t<\/dt><\/dl><dl class='gallery-item'>\n\t\t\t<dt class='gallery-icon landscape'>\n\t\t\t\t<a href='https:\/\/cuernavaca.gob.mx\/?attachment_id=53412'><img width=\"150\" height=\"150\" src=\"https:\/\/cuernavaca.gob.mx\/wp-content\/uploads\/2025\/10\/ARRANCA-EN-CUERNAVACA-CAMPAN\u0303A-DE-COBRO-ANTICIPADO-DEL-PREDIAL-2026-CON-DESCUENTOS-DEL-15-Y-HASTA-50-PARA-GRUPOS-PRIORITARIOS-3-150x150.jpg\" class=\"attachment-thumbnail size-thumbnail\" alt=\"\" loading=\"lazy\" \/><\/a>\n\t\t\t<\/dt><\/dl><br style=\"clear: both\" \/><dl class='gallery-item'>\n\t\t\t<dt class='gallery-icon landscape'>\n\t\t\t\t<a href='https:\/\/cuernavaca.gob.mx\/?attachment_id=53413'><img width=\"150\" height=\"150\" src=\"https:\/\/cuernavaca.gob.mx\/wp-content\/uploads\/2025\/10\/ARRANCA-EN-CUERNAVACA-CAMPAN\u0303A-DE-COBRO-ANTICIPADO-DEL-PREDIAL-2026-CON-DESCUENTOS-DEL-15-Y-HASTA-50-PARA-GRUPOS-PRIORITARIOS-4-150x150.jpg\" class=\"attachment-thumbnail size-thumbnail\" alt=\"\" loading=\"lazy\" \/><\/a>\n\t\t\t<\/dt><\/dl><dl class='gallery-item'>\n\t\t\t<dt class='gallery-icon landscape'>\n\t\t\t\t<a href='https:\/\/cuernavaca.gob.mx\/?attachment_id=53414'><img width=\"150\" height=\"150\" src=\"https:\/\/cuernavaca.gob.mx\/wp-content\/uploads\/2025\/10\/ARRANCA-EN-CUERNAVACA-CAMPAN\u0303A-DE-COBRO-ANTICIPADO-DEL-PREDIAL-2026-CON-DESCUENTOS-DEL-15-Y-HASTA-50-PARA-GRUPOS-PRIORITARIOS-5-150x150.jpg\" class=\"attachment-thumbnail size-thumbnail\" alt=\"\" loading=\"lazy\" \/><\/a>\n\t\t\t<\/dt><\/dl><dl class='gallery-item'>\n\t\t\t<dt class='gallery-icon landscape'>\n\t\t\t\t<a href='https:\/\/cuernavaca.gob.mx\/?attachment_id=53415'><img width=\"150\" height=\"150\" src=\"https:\/\/cuernavaca.gob.mx\/wp-content\/uploads\/2025\/10\/ARRANCA-EN-CUERNAVACA-CAMPAN\u0303A-DE-COBRO-ANTICIPADO-DEL-PREDIAL-2026-CON-DESCUENTOS-DEL-15-Y-HASTA-50-PARA-GRUPOS-PRIORITARIOS-6-150x150.jpg\" class=\"attachment-thumbnail size-thumbnail\" alt=\"\" loading=\"lazy\" \/><\/a>\n\t\t\t<\/dt><\/dl><br style=\"clear: both\" \/><dl class='gallery-item'>\n\t\t\t<dt class='gallery-icon landscape'>\n\t\t\t\t<a href='https:\/\/cuernavaca.gob.mx\/?attachment_id=53416'><img width=\"150\" height=\"150\" src=\"https:\/\/cuernavaca.gob.mx\/wp-content\/uploads\/2025\/10\/ARRANCA-EN-CUERNAVACA-CAMPAN\u0303A-DE-COBRO-ANTICIPADO-DEL-PREDIAL-2026-CON-DESCUENTOS-DEL-15-Y-HASTA-50-PARA-GRUPOS-PRIORITARIOS-7-150x150.jpg\" class=\"attachment-thumbnail size-thumbnail\" alt=\"\" loading=\"lazy\" \/><\/a>\n\t\t\t<\/dt><\/dl>\n\t\t\t<br style='clear: both' \/>\n\t\t<\/div>\n\n","protected":false},"excerpt":{"rendered":"<p>\u2022 El presidente municipal, Jos\u00e9 Luis Uri\u00f3stegui Salgado, invita a la ciudadan\u00eda a aprovechar los beneficios fiscales vigentes del 01 de octubre al 31 de diciembre, destacando que la recaudaci\u00f3n responsable permite mejorar servicios p\u00fablicos e infraestructura \u2022 El alcalde destac\u00f3 que, desde su primera administraci\u00f3n, la recaudaci\u00f3n ha tenido un aumento sostenido de entre [&hellip;]<\/p>\n","protected":false},"author":1,"featured_media":53411,"comment_status":"closed","ping_status":"open","sticky":false,"template":"","format":"standard","meta":[],"categories":[20],"tags":[4240,121,485,120,206,137,127,1465,138],"aioseo_notices":[],"_links":{"self":[{"href":"https:\/\/cuernavaca.gob.mx\/index.php?rest_route=\/wp\/v2\/posts\/53409"}],"collection":[{"href":"https:\/\/cuernavaca.gob.mx\/index.php?rest_route=\/wp\/v2\/posts"}],"about":[{"href":"https:\/\/cuernavaca.gob.mx\/index.php?rest_route=\/wp\/v2\/types\/post"}],"author":[{"embeddable":true,"href":"https:\/\/cuernavaca.gob.mx\/index.php?rest_route=\/wp\/v2\/users\/1"}],"replies":[{"embeddable":true,"href":"https:\/\/cuernavaca.gob.mx\/index.php?rest_route=%2Fwp%2Fv2%2Fcomments&post=53409"}],"version-history":[{"count":2,"href":"https:\/\/cuernavaca.gob.mx\/index.php?rest_route=\/wp\/v2\/posts\/53409\/revisions"}],"predecessor-version":[{"id":53418,"href":"https:\/\/cuernavaca.gob.mx\/index.php?rest_route=\/wp\/v2\/posts\/53409\/revisions\/53418"}],"wp:featuredmedia":[{"embeddable":true,"href":"https:\/\/cuernavaca.gob.mx\/index.php?rest_route=\/wp\/v2\/media\/53411"}],"wp:attachment":[{"href":"https:\/\/cuernavaca.gob.mx\/index.php?rest_route=%2Fwp%2Fv2%2Fmedia&parent=53409"}],"wp:term":[{"taxonomy":"category","embeddable":true,"href":"https:\/\/cuernavaca.gob.mx\/index.php?rest_route=%2Fwp%2Fv2%2Fcategories&post=53409"},{"taxonomy":"post_tag","embeddable":true,"href":"https:\/\/cuernavaca.gob.mx\/index.php?rest_route=%2Fwp%2Fv2%2Ftags&post=53409"}],"curies":[{"name":"wp","href":"https:\/\/api.w.org\/{rel}","templated":true}]}}