{"id":53432,"date":"2025-09-30T18:30:30","date_gmt":"2025-10-01T00:30:30","guid":{"rendered":"https:\/\/cuernavaca.gob.mx\/?p=53432"},"modified":"2025-10-01T14:01:02","modified_gmt":"2025-10-01T20:01:02","slug":"f85-30-09-25-fortalece-cuernavaca-coordinacion-institucional-con-federacion-y-estado-uriostegui-salgado","status":"publish","type":"post","link":"https:\/\/cuernavaca.gob.mx\/?p=53432","title":{"rendered":"F85 30\/09\/25 FORTALECE CUERNAVACA COORDINACI\u00d3N INSTITUCIONAL CON FEDERACI\u00d3N Y ESTADO: URI\u00d3STEGUI SALGADO"},"content":{"rendered":"<p>La coordinaci\u00f3n entre el municipio de Cuernavaca, el Gobierno del Estado y la Federaci\u00f3n ha sido fundamental para generar un clima de estabilidad pol\u00edtica y social en Morelos, afirm\u00f3 el presidente municipal Jos\u00e9 Luis Uri\u00f3stegui Salgado, tras asistir este martes al Primer Informe de Gobierno de la presidenta Claudia Sheinbaum Pardo, realizado en la capital morelense como parte de su gira nacional.<\/p>\n<p>El alcalde refrend\u00f3 su compromiso de mantener esta colaboraci\u00f3n hist\u00f3rica en la entidad, que ha permitido avanzar en temas prioritarios como la seguridad p\u00fablica, la prevenci\u00f3n del delito, e incluso proyectos de obra p\u00fablica, como lo anunci\u00f3 la mandataria federal con la construcci\u00f3n el pr\u00f3ximo a\u00f1o de un puente vehicular que otorgue acceso directo al campus Chamilpa de la Universidad Aut\u00f3noma del Estado de Morelos (UAEM).<\/p>\n<p>Finalmente, Uri\u00f3stegui Salgado subray\u00f3 que el trabajo conjunto entre los tres niveles de gobierno, en especial con la gobernadora Margarita Gonz\u00e1lez Saravia, seguir\u00e1 siendo clave para consolidar acciones que fortalezcan la confianza ciudadana y contribuyan a construir un futuro de mayor bienestar para las familias morelenses.<\/p>\n\n\t\t<style type=\"text\/css\">\n\t\t\t#gallery-1 {\n\t\t\t\tmargin: auto;\n\t\t\t}\n\t\t\t#gallery-1 .gallery-item {\n\t\t\t\tfloat: left;\n\t\t\t\tmargin-top: 10px;\n\t\t\t\ttext-align: center;\n\t\t\t\twidth: 33%;\n\t\t\t}\n\t\t\t#gallery-1 img {\n\t\t\t\tborder: 2px solid #cfcfcf;\n\t\t\t}\n\t\t\t#gallery-1 .gallery-caption {\n\t\t\t\tmargin-left: 0;\n\t\t\t}\n\t\t\t\/* see gallery_shortcode() in wp-includes\/media.php *\/\n\t\t<\/style>\n\t\t<div id='gallery-1' class='gallery galleryid-53432 gallery-columns-3 gallery-size-thumbnail'><dl class='gallery-item'>\n\t\t\t<dt class='gallery-icon landscape'>\n\t\t\t\t<a href='https:\/\/cuernavaca.gob.mx\/?attachment_id=53433'><img width=\"150\" height=\"150\" src=\"https:\/\/cuernavaca.gob.mx\/wp-content\/uploads\/2025\/10\/FORTALECE-CUERNAVACA-COORDINACIO\u0301N-INSTITUCIONAL-CON-FEDERACIO\u0301N-Y-ESTADO-1-150x150.jpg\" class=\"attachment-thumbnail size-thumbnail\" alt=\"\" loading=\"lazy\" \/><\/a>\n\t\t\t<\/dt><\/dl><dl class='gallery-item'>\n\t\t\t<dt class='gallery-icon landscape'>\n\t\t\t\t<a href='https:\/\/cuernavaca.gob.mx\/?attachment_id=53434'><img width=\"150\" height=\"150\" src=\"https:\/\/cuernavaca.gob.mx\/wp-content\/uploads\/2025\/10\/FORTALECE-CUERNAVACA-COORDINACIO\u0301N-INSTITUCIONAL-CON-FEDERACIO\u0301N-Y-ESTADO-2-150x150.jpg\" class=\"attachment-thumbnail size-thumbnail\" alt=\"\" loading=\"lazy\" \/><\/a>\n\t\t\t<\/dt><\/dl><dl class='gallery-item'>\n\t\t\t<dt class='gallery-icon landscape'>\n\t\t\t\t<a href='https:\/\/cuernavaca.gob.mx\/?attachment_id=53435'><img width=\"150\" height=\"150\" src=\"https:\/\/cuernavaca.gob.mx\/wp-content\/uploads\/2025\/10\/FORTALECE-CUERNAVACA-COORDINACIO\u0301N-INSTITUCIONAL-CON-FEDERACIO\u0301N-Y-ESTADO-3-150x150.jpg\" class=\"attachment-thumbnail size-thumbnail\" alt=\"\" loading=\"lazy\" \/><\/a>\n\t\t\t<\/dt><\/dl><br style=\"clear: both\" \/>\n\t\t<\/div>\n\n","protected":false},"excerpt":{"rendered":"<p>La coordinaci\u00f3n entre el municipio de Cuernavaca, el Gobierno del Estado y la Federaci\u00f3n ha sido fundamental para generar un clima de estabilidad pol\u00edtica y social en Morelos, afirm\u00f3 el presidente municipal Jos\u00e9 Luis Uri\u00f3stegui Salgado, tras asistir este martes al Primer Informe de Gobierno de la presidenta Claudia Sheinbaum Pardo, realizado en la capital [&hellip;]<\/p>\n","protected":false},"author":1,"featured_media":53433,"comment_status":"closed","ping_status":"open","sticky":false,"template":"","format":"standard","meta":[],"categories":[20],"tags":[3986,121,301,120,2267,127],"aioseo_notices":[],"_links":{"self":[{"href":"https:\/\/cuernavaca.gob.mx\/index.php?rest_route=\/wp\/v2\/posts\/53432"}],"collection":[{"href":"https:\/\/cuernavaca.gob.mx\/index.php?rest_route=\/wp\/v2\/posts"}],"about":[{"href":"https:\/\/cuernavaca.gob.mx\/index.php?rest_route=\/wp\/v2\/types\/post"}],"author":[{"embeddable":true,"href":"https:\/\/cuernavaca.gob.mx\/index.php?rest_route=\/wp\/v2\/users\/1"}],"replies":[{"embeddable":true,"href":"https:\/\/cuernavaca.gob.mx\/index.php?rest_route=%2Fwp%2Fv2%2Fcomments&post=53432"}],"version-history":[{"count":1,"href":"https:\/\/cuernavaca.gob.mx\/index.php?rest_route=\/wp\/v2\/posts\/53432\/revisions"}],"predecessor-version":[{"id":53436,"href":"https:\/\/cuernavaca.gob.mx\/index.php?rest_route=\/wp\/v2\/posts\/53432\/revisions\/53436"}],"wp:featuredmedia":[{"embeddable":true,"href":"https:\/\/cuernavaca.gob.mx\/index.php?rest_route=\/wp\/v2\/media\/53433"}],"wp:attachment":[{"href":"https:\/\/cuernavaca.gob.mx\/index.php?rest_route=%2Fwp%2Fv2%2Fmedia&parent=53432"}],"wp:term":[{"taxonomy":"category","embeddable":true,"href":"https:\/\/cuernavaca.gob.mx\/index.php?rest_route=%2Fwp%2Fv2%2Fcategories&post=53432"},{"taxonomy":"post_tag","embeddable":true,"href":"https:\/\/cuernavaca.gob.mx\/index.php?rest_route=%2Fwp%2Fv2%2Ftags&post=53432"}],"curies":[{"name":"wp","href":"https:\/\/api.w.org\/{rel}","templated":true}]}}