{"id":53668,"date":"2025-10-15T15:00:01","date_gmt":"2025-10-15T21:00:01","guid":{"rendered":"https:\/\/cuernavaca.gob.mx\/?p=53668"},"modified":"2025-10-16T09:16:41","modified_gmt":"2025-10-16T15:16:41","slug":"b653-15-10-25-cuernavaca-garantiza-seguridad-social-a-todos-sus-trabajadores-y-amplia-beneficios-a-personal-en-retiro","status":"publish","type":"post","link":"https:\/\/cuernavaca.gob.mx\/?p=53668","title":{"rendered":"B653 15\/10\/25 CUERNAVACA GARANTIZA SEGURIDAD SOCIAL A TODOS SUS TRABAJADORES Y AMPL\u00cdA BENEFICIOS A PERSONAL EN RETIRO"},"content":{"rendered":"<p>Cuernavaca, Morelos a 15 de octubre de 2025<\/p>\n<p>&nbsp;<\/p>\n<p>\u2022 El Cabildo de Cuernavaca aprob\u00f3 incorporar a mil 336 trabajadores en retiro al Instituto de Cr\u00e9dito y, otorgar seguridad social a todos los empleados eventuales a trav\u00e9s del ISSSTE<\/p>\n<p>&nbsp;<\/p>\n<p>En un acto de justicia social sin precedentes, el Cabildo del Ayuntamiento de Cuernavaca, encabezado por el presidente municipal Jos\u00e9 Luis Uri\u00f3stegui Salgado, aprob\u00f3 este mi\u00e9rcoles la incorporaci\u00f3n de mil 336 trabajadores en retiro al Instituto de Cr\u00e9dito para los Trabajadores al Servicio del Gobierno del Estado de Morelos (ICTSGEM), y el otorgamiento del derecho a la seguridad social a 261 trabajadores eventuales, quienes por primera vez en su totalidad contar\u00e1n con atenci\u00f3n m\u00e9dica a trav\u00e9s del Instituto de Seguridad y Servicios Sociales de los Trabajadores del Estado (ISSSTE).<\/p>\n<p>&nbsp;<\/p>\n<p>Durante sesi\u00f3n ordinaria de Cabildo, el alcalde destac\u00f3 la trascendencia de este acuerdo que busca cerrar la brecha de desigualdad entre los distintos sectores laborales del Ayuntamiento, toda vez que personal de base y de confianza cuentan ya con el servicio m\u00e9dico por parte del ISSSTE, pero los trabajadores eventuales no, lo que implicaba un desequilibrio en el reconocimiento de los derechos de quienes aportan su esfuerzo cotidiano al Ayuntamiento y a la ciudad.<\/p>\n<p>&nbsp;<\/p>\n<p>Hasta ahora, de 315 trabajadores eventuales, s\u00f3lo 54, particularmente pertenecientes a la Brigada Especial de la Secretar\u00eda de Desarrollo Sustentable y Servicios P\u00fablicos (SDSySP), cuentan con servicio m\u00e9dico. Con esta aprobaci\u00f3n, todos los trabajadores eventuales estar\u00e1n incorporados al ISSSTE a partir del 16 de octubre de 2025, y en 2026 todos los empleados municipales contar\u00e1n con este derecho, asegurando atenci\u00f3n m\u00e9dica integral para ellos y sus familias.<\/p>\n<p>&nbsp;<\/p>\n<p>Adicionalmente, se autoriz\u00f3 la afiliaci\u00f3n de mil 336 personas jubiladas, en cesant\u00eda en edad avanzada e invalidez permanente del Ayuntamiento al ICTSGEM, a partir del 26 de octubre de 2025. Esta medida permitir\u00e1 a las personas en retiro acceder a prestaciones econ\u00f3micas y sociales, bajo un esquema de aportaciones equitativas entre el Ayuntamiento y los beneficiarios.<\/p>\n<p>&nbsp;<\/p>\n<p>El acuerdo establece que el Ayuntamiento cubrir\u00e1 una aportaci\u00f3n del 2.25% sobre el monto mensual de cada pensi\u00f3n, con cargo a su Presupuesto de Egresos. Las personas afiliadas deber\u00e1n aportar, de manera voluntaria, una cuota equivalente tambi\u00e9n al 2.25% de su pensi\u00f3n, la cual ser\u00e1 retenida y transferida al Instituto, previa autorizaci\u00f3n expresa.<\/p>\n<p>&nbsp;<\/p>\n<p>Este conjunto de decisiones refrenda el compromiso del Gobierno Municipal de Cuernavaca con la dignidad laboral, la equidad de derechos y la atenci\u00f3n a los sectores hist\u00f3ricamente desprotegidos, consolidando un modelo de gobernanza m\u00e1s incluyente y humano.<\/p>\n<p>&nbsp;<\/p>\n\n\t\t<style type=\"text\/css\">\n\t\t\t#gallery-1 {\n\t\t\t\tmargin: auto;\n\t\t\t}\n\t\t\t#gallery-1 .gallery-item {\n\t\t\t\tfloat: left;\n\t\t\t\tmargin-top: 10px;\n\t\t\t\ttext-align: center;\n\t\t\t\twidth: 33%;\n\t\t\t}\n\t\t\t#gallery-1 img {\n\t\t\t\tborder: 2px solid #cfcfcf;\n\t\t\t}\n\t\t\t#gallery-1 .gallery-caption {\n\t\t\t\tmargin-left: 0;\n\t\t\t}\n\t\t\t\/* see gallery_shortcode() in wp-includes\/media.php *\/\n\t\t<\/style>\n\t\t<div id='gallery-1' class='gallery galleryid-53668 gallery-columns-3 gallery-size-thumbnail'><dl class='gallery-item'>\n\t\t\t<dt class='gallery-icon landscape'>\n\t\t\t\t<a href='https:\/\/cuernavaca.gob.mx\/?attachment_id=53669'><img width=\"150\" height=\"150\" src=\"https:\/\/cuernavaca.gob.mx\/wp-content\/uploads\/2025\/10\/IMG-20251016-WA0000-150x150.jpg\" class=\"attachment-thumbnail size-thumbnail\" alt=\"\" loading=\"lazy\" \/><\/a>\n\t\t\t<\/dt><\/dl><dl class='gallery-item'>\n\t\t\t<dt class='gallery-icon landscape'>\n\t\t\t\t<a href='https:\/\/cuernavaca.gob.mx\/?attachment_id=53670'><img width=\"150\" height=\"150\" src=\"https:\/\/cuernavaca.gob.mx\/wp-content\/uploads\/2025\/10\/IMG-20251016-WA0001-150x150.jpg\" class=\"attachment-thumbnail size-thumbnail\" alt=\"\" loading=\"lazy\" \/><\/a>\n\t\t\t<\/dt><\/dl>\n\t\t\t<br style='clear: both' \/>\n\t\t<\/div>\n\n","protected":false},"excerpt":{"rendered":"<p>Cuernavaca, Morelos a 15 de octubre de 2025 &nbsp; \u2022 El Cabildo de Cuernavaca aprob\u00f3 incorporar a mil 336 trabajadores en retiro al Instituto de Cr\u00e9dito y, otorgar seguridad social a todos los empleados eventuales a trav\u00e9s del ISSSTE &nbsp; En un acto de justicia social sin precedentes, el Cabildo del Ayuntamiento de Cuernavaca, encabezado [&hellip;]<\/p>\n","protected":false},"author":1,"featured_media":53669,"comment_status":"closed","ping_status":"open","sticky":false,"template":"","format":"standard","meta":[],"categories":[3047,2294],"tags":[],"aioseo_notices":[],"_links":{"self":[{"href":"https:\/\/cuernavaca.gob.mx\/index.php?rest_route=\/wp\/v2\/posts\/53668"}],"collection":[{"href":"https:\/\/cuernavaca.gob.mx\/index.php?rest_route=\/wp\/v2\/posts"}],"about":[{"href":"https:\/\/cuernavaca.gob.mx\/index.php?rest_route=\/wp\/v2\/types\/post"}],"author":[{"embeddable":true,"href":"https:\/\/cuernavaca.gob.mx\/index.php?rest_route=\/wp\/v2\/users\/1"}],"replies":[{"embeddable":true,"href":"https:\/\/cuernavaca.gob.mx\/index.php?rest_route=%2Fwp%2Fv2%2Fcomments&post=53668"}],"version-history":[{"count":1,"href":"https:\/\/cuernavaca.gob.mx\/index.php?rest_route=\/wp\/v2\/posts\/53668\/revisions"}],"predecessor-version":[{"id":53671,"href":"https:\/\/cuernavaca.gob.mx\/index.php?rest_route=\/wp\/v2\/posts\/53668\/revisions\/53671"}],"wp:featuredmedia":[{"embeddable":true,"href":"https:\/\/cuernavaca.gob.mx\/index.php?rest_route=\/wp\/v2\/media\/53669"}],"wp:attachment":[{"href":"https:\/\/cuernavaca.gob.mx\/index.php?rest_route=%2Fwp%2Fv2%2Fmedia&parent=53668"}],"wp:term":[{"taxonomy":"category","embeddable":true,"href":"https:\/\/cuernavaca.gob.mx\/index.php?rest_route=%2Fwp%2Fv2%2Fcategories&post=53668"},{"taxonomy":"post_tag","embeddable":true,"href":"https:\/\/cuernavaca.gob.mx\/index.php?rest_route=%2Fwp%2Fv2%2Ftags&post=53668"}],"curies":[{"name":"wp","href":"https:\/\/api.w.org\/{rel}","templated":true}]}}