{"id":53672,"date":"2025-10-16T08:00:11","date_gmt":"2025-10-16T14:00:11","guid":{"rendered":"https:\/\/cuernavaca.gob.mx\/?p=53672"},"modified":"2025-10-16T09:26:17","modified_gmt":"2025-10-16T15:26:17","slug":"f94-16-10-25-mejoran-vialidades-y-servicios-en-cuernavaca-alcalde-supervisa-obra-en-la-colonia-adolfo-lopez-mateos","status":"publish","type":"post","link":"https:\/\/cuernavaca.gob.mx\/?p=53672","title":{"rendered":"F94 16\/10\/25 MEJORAN VIALIDADES Y SERVICIOS EN CUERNAVACA: ALCALDE SUPERVISA OBRA EN LA COLONIA ADOLFO L\u00d3PEZ MATEOS"},"content":{"rendered":"<p>Cuernavaca, Morelos a 16 de octubre de 2025<\/p>\n<p>&nbsp;<\/p>\n<p>Para garantizar calles seguras, funcionales y con mejores servicios, el alcalde de Cuernavaca, Jos\u00e9 Luis Uri\u00f3stegui Salgado, supervis\u00f3 personalmente los avances en la rehabilitaci\u00f3n integral de la calle Dos, en la colonia Adolfo L\u00f3pez Mateos, donde se interviene una de las vialidades m\u00e1s transitadas y necesarias para la conectividad de la zona.<\/p>\n<p>&nbsp;<\/p>\n<p>En total, se reemplazaron 143 metros de tuber\u00eda de agua Pead de cuatro pulgadas, 143 metros de drenaje Pead corrugado de 12 pulgadas y se colocaron 900 metros cuadrados de concreto hidr\u00e1ulico, acciones que impactan directamente en la calidad de vida de la poblaci\u00f3n, ya que se renovaron por completamente el drenaje, la red de agua potable y el pavimento.<\/p>\n<p>&nbsp;<\/p>\n<p>El secretario de Desarrollo Urbano y Obras P\u00fablicas, Demetrio Chavira de la Torre, afirm\u00f3 que estas obras no solo modernizan la infraestructura urbana, sino que previenen problemas futuros como fugas, hundimientos o encharcamientos, con materiales de alta durabilidad pensados para el bienestar de la ciudadan\u00eda.<\/p>\n<p>&nbsp;<\/p>\n\n\t\t<style type=\"text\/css\">\n\t\t\t#gallery-1 {\n\t\t\t\tmargin: auto;\n\t\t\t}\n\t\t\t#gallery-1 .gallery-item {\n\t\t\t\tfloat: left;\n\t\t\t\tmargin-top: 10px;\n\t\t\t\ttext-align: center;\n\t\t\t\twidth: 33%;\n\t\t\t}\n\t\t\t#gallery-1 img {\n\t\t\t\tborder: 2px solid #cfcfcf;\n\t\t\t}\n\t\t\t#gallery-1 .gallery-caption {\n\t\t\t\tmargin-left: 0;\n\t\t\t}\n\t\t\t\/* see gallery_shortcode() in wp-includes\/media.php *\/\n\t\t<\/style>\n\t\t<div id='gallery-1' class='gallery galleryid-53672 gallery-columns-3 gallery-size-thumbnail'><dl class='gallery-item'>\n\t\t\t<dt class='gallery-icon landscape'>\n\t\t\t\t<a href='https:\/\/cuernavaca.gob.mx\/?attachment_id=53673'><img width=\"150\" height=\"150\" src=\"https:\/\/cuernavaca.gob.mx\/wp-content\/uploads\/2025\/10\/IMG-20251016-WA0002-150x150.jpg\" class=\"attachment-thumbnail size-thumbnail\" alt=\"\" loading=\"lazy\" \/><\/a>\n\t\t\t<\/dt><\/dl><dl class='gallery-item'>\n\t\t\t<dt class='gallery-icon landscape'>\n\t\t\t\t<a href='https:\/\/cuernavaca.gob.mx\/?attachment_id=53674'><img width=\"150\" height=\"150\" src=\"https:\/\/cuernavaca.gob.mx\/wp-content\/uploads\/2025\/10\/IMG-20251016-WA0003-150x150.jpg\" class=\"attachment-thumbnail size-thumbnail\" alt=\"\" loading=\"lazy\" \/><\/a>\n\t\t\t<\/dt><\/dl><dl class='gallery-item'>\n\t\t\t<dt class='gallery-icon landscape'>\n\t\t\t\t<a href='https:\/\/cuernavaca.gob.mx\/?attachment_id=53675'><img width=\"150\" height=\"150\" src=\"https:\/\/cuernavaca.gob.mx\/wp-content\/uploads\/2025\/10\/IMG-20251016-WA0005-150x150.jpg\" class=\"attachment-thumbnail size-thumbnail\" alt=\"\" loading=\"lazy\" \/><\/a>\n\t\t\t<\/dt><\/dl><br style=\"clear: both\" \/><dl class='gallery-item'>\n\t\t\t<dt class='gallery-icon landscape'>\n\t\t\t\t<a href='https:\/\/cuernavaca.gob.mx\/?attachment_id=53676'><img width=\"150\" height=\"150\" src=\"https:\/\/cuernavaca.gob.mx\/wp-content\/uploads\/2025\/10\/IMG-20251016-WA0004-150x150.jpg\" class=\"attachment-thumbnail size-thumbnail\" alt=\"\" loading=\"lazy\" \/><\/a>\n\t\t\t<\/dt><\/dl><dl class='gallery-item'>\n\t\t\t<dt class='gallery-icon landscape'>\n\t\t\t\t<a href='https:\/\/cuernavaca.gob.mx\/?attachment_id=53677'><img width=\"150\" height=\"150\" src=\"https:\/\/cuernavaca.gob.mx\/wp-content\/uploads\/2025\/10\/IMG-20251016-WA0006-150x150.jpg\" class=\"attachment-thumbnail size-thumbnail\" alt=\"\" loading=\"lazy\" \/><\/a>\n\t\t\t<\/dt><\/dl>\n\t\t\t<br style='clear: both' \/>\n\t\t<\/div>\n\n","protected":false},"excerpt":{"rendered":"<p>Cuernavaca, Morelos a 16 de octubre de 2025 &nbsp; Para garantizar calles seguras, funcionales y con mejores servicios, el alcalde de Cuernavaca, Jos\u00e9 Luis Uri\u00f3stegui Salgado, supervis\u00f3 personalmente los avances en la rehabilitaci\u00f3n integral de la calle Dos, en la colonia Adolfo L\u00f3pez Mateos, donde se interviene una de las vialidades m\u00e1s transitadas y necesarias [&hellip;]<\/p>\n","protected":false},"author":1,"featured_media":53673,"comment_status":"closed","ping_status":"open","sticky":false,"template":"","format":"standard","meta":[],"categories":[18],"tags":[],"aioseo_notices":[],"_links":{"self":[{"href":"https:\/\/cuernavaca.gob.mx\/index.php?rest_route=\/wp\/v2\/posts\/53672"}],"collection":[{"href":"https:\/\/cuernavaca.gob.mx\/index.php?rest_route=\/wp\/v2\/posts"}],"about":[{"href":"https:\/\/cuernavaca.gob.mx\/index.php?rest_route=\/wp\/v2\/types\/post"}],"author":[{"embeddable":true,"href":"https:\/\/cuernavaca.gob.mx\/index.php?rest_route=\/wp\/v2\/users\/1"}],"replies":[{"embeddable":true,"href":"https:\/\/cuernavaca.gob.mx\/index.php?rest_route=%2Fwp%2Fv2%2Fcomments&post=53672"}],"version-history":[{"count":1,"href":"https:\/\/cuernavaca.gob.mx\/index.php?rest_route=\/wp\/v2\/posts\/53672\/revisions"}],"predecessor-version":[{"id":53678,"href":"https:\/\/cuernavaca.gob.mx\/index.php?rest_route=\/wp\/v2\/posts\/53672\/revisions\/53678"}],"wp:featuredmedia":[{"embeddable":true,"href":"https:\/\/cuernavaca.gob.mx\/index.php?rest_route=\/wp\/v2\/media\/53673"}],"wp:attachment":[{"href":"https:\/\/cuernavaca.gob.mx\/index.php?rest_route=%2Fwp%2Fv2%2Fmedia&parent=53672"}],"wp:term":[{"taxonomy":"category","embeddable":true,"href":"https:\/\/cuernavaca.gob.mx\/index.php?rest_route=%2Fwp%2Fv2%2Fcategories&post=53672"},{"taxonomy":"post_tag","embeddable":true,"href":"https:\/\/cuernavaca.gob.mx\/index.php?rest_route=%2Fwp%2Fv2%2Ftags&post=53672"}],"curies":[{"name":"wp","href":"https:\/\/api.w.org\/{rel}","templated":true}]}}