{"id":53679,"date":"2025-10-16T09:00:24","date_gmt":"2025-10-16T15:00:24","guid":{"rendered":"https:\/\/cuernavaca.gob.mx\/?p=53679"},"modified":"2025-10-16T09:34:11","modified_gmt":"2025-10-16T15:34:11","slug":"b654-16-10-25-avanza-el-mejoramiento-vial-con-trabajos-de-bacheo-y-renivelacion-e-tulipan-hawaiano-y-calle-sonora","status":"publish","type":"post","link":"https:\/\/cuernavaca.gob.mx\/?p=53679","title":{"rendered":"B654 16\/10\/25 AVANZA EL MEJORAMIENTO VIAL CON TRABAJOS DE BACHEO Y RENIVELACI\u00d3N E TULIP\u00c1N HAWAIANO Y CALLE SONORA"},"content":{"rendered":"<p>Cuernavaca, Morelos a 16 de octubre de 2025<\/p>\n<p>&nbsp;<\/p>\n<p>* Cuernavaca contin\u00faa fortaleciendo las acciones para mejorar la movilidad y seguridad vial en la ciudad<\/p>\n<p>&nbsp;<\/p>\n<p>La Secretar\u00eda de Desarrollo Sustentable y Servicios P\u00fablicos (SDSYSP) del Municipio de Cuernavaca contin\u00faa fortaleciendo las acciones para mejorar la movilidad y seguridad vial en la ciudad.<\/p>\n<p>&nbsp;<\/p>\n<p>En esta ocasi\u00f3n, se llevaron a cabo trabajos de bacheo aislado y renivelaci\u00f3n con mezcla asf\u00e1ltica en ambos sentidos de la Avenida Tulip\u00e1n Hawaiano, as\u00ed como en Calle Sonora, de la colonia Flores Mag\u00f3n, dos vialidades importantes que requieren atenci\u00f3n por su tr\u00e1nsito constante.<\/p>\n<p>&nbsp;<\/p>\n<p>Estas labores forman parte del programa permanente de mantenimiento vial, que busca garantizar calles en mejores condiciones, optimizar el tr\u00e1nsito vehicular y atender los reportes ciudadanos de manera oportuna.<\/p>\n<p>&nbsp;<\/p>\n<p>El personal operativo trabaj\u00f3 en la rehabilitaci\u00f3n de tramos deteriorados mediante la aplicaci\u00f3n de mezcla caliente, asegurando una superficie uniforme y m\u00e1s segura para conductores y peatones.<\/p>\n<p>&nbsp;<\/p>\n<p>De manera simult\u00e1nea, otras cuadrillas y camiones de bacheo de la SDSySP contin\u00faan abarcando diversas avenidas del municipio, reforzando la cobertura de atenci\u00f3n y el trabajo constante en materia de infraestructura urbana.<\/p>\n<p>&nbsp;<\/p>\n<p>Con estas acciones, la Secretar\u00eda de Desarrollo Sustentable y Servicios P\u00fablicos reafirma su compromiso con la mejora continua de la infraestructura urbana, reconociendo la importancia de mantener una ciudad funcional, segura y en constante transformaci\u00f3n.<\/p>\n<p>&nbsp;<\/p>\n\n\t\t<style type=\"text\/css\">\n\t\t\t#gallery-1 {\n\t\t\t\tmargin: auto;\n\t\t\t}\n\t\t\t#gallery-1 .gallery-item {\n\t\t\t\tfloat: left;\n\t\t\t\tmargin-top: 10px;\n\t\t\t\ttext-align: center;\n\t\t\t\twidth: 33%;\n\t\t\t}\n\t\t\t#gallery-1 img {\n\t\t\t\tborder: 2px solid #cfcfcf;\n\t\t\t}\n\t\t\t#gallery-1 .gallery-caption {\n\t\t\t\tmargin-left: 0;\n\t\t\t}\n\t\t\t\/* see gallery_shortcode() in wp-includes\/media.php *\/\n\t\t<\/style>\n\t\t<div id='gallery-1' class='gallery galleryid-53679 gallery-columns-3 gallery-size-thumbnail'><dl class='gallery-item'>\n\t\t\t<dt class='gallery-icon portrait'>\n\t\t\t\t<a href='https:\/\/cuernavaca.gob.mx\/?attachment_id=53680'><img width=\"150\" height=\"150\" src=\"https:\/\/cuernavaca.gob.mx\/wp-content\/uploads\/2025\/10\/IMG-20251016-WA0013-150x150.jpg\" class=\"attachment-thumbnail size-thumbnail\" alt=\"\" loading=\"lazy\" \/><\/a>\n\t\t\t<\/dt><\/dl><dl class='gallery-item'>\n\t\t\t<dt class='gallery-icon portrait'>\n\t\t\t\t<a href='https:\/\/cuernavaca.gob.mx\/?attachment_id=53681'><img width=\"150\" height=\"150\" src=\"https:\/\/cuernavaca.gob.mx\/wp-content\/uploads\/2025\/10\/IMG-20251016-WA0011-150x150.jpg\" class=\"attachment-thumbnail size-thumbnail\" alt=\"\" loading=\"lazy\" \/><\/a>\n\t\t\t<\/dt><\/dl><dl class='gallery-item'>\n\t\t\t<dt class='gallery-icon landscape'>\n\t\t\t\t<a href='https:\/\/cuernavaca.gob.mx\/?attachment_id=53682'><img width=\"150\" height=\"150\" src=\"https:\/\/cuernavaca.gob.mx\/wp-content\/uploads\/2025\/10\/IMG-20251016-WA0008-150x150.jpg\" class=\"attachment-thumbnail size-thumbnail\" alt=\"\" loading=\"lazy\" srcset=\"https:\/\/cuernavaca.gob.mx\/wp-content\/uploads\/2025\/10\/IMG-20251016-WA0008-150x150.jpg 150w, https:\/\/cuernavaca.gob.mx\/wp-content\/uploads\/2025\/10\/IMG-20251016-WA0008-300x300.jpg 300w, https:\/\/cuernavaca.gob.mx\/wp-content\/uploads\/2025\/10\/IMG-20251016-WA0008-1024x1024.jpg 1024w, https:\/\/cuernavaca.gob.mx\/wp-content\/uploads\/2025\/10\/IMG-20251016-WA0008-768x768.jpg 768w, https:\/\/cuernavaca.gob.mx\/wp-content\/uploads\/2025\/10\/IMG-20251016-WA0008-600x600.jpg 600w, https:\/\/cuernavaca.gob.mx\/wp-content\/uploads\/2025\/10\/IMG-20251016-WA0008-560x560.jpg 560w, https:\/\/cuernavaca.gob.mx\/wp-content\/uploads\/2025\/10\/IMG-20251016-WA0008.jpg 1280w\" sizes=\"(max-width: 150px) 100vw, 150px\" \/><\/a>\n\t\t\t<\/dt><\/dl><br style=\"clear: both\" \/><dl class='gallery-item'>\n\t\t\t<dt class='gallery-icon portrait'>\n\t\t\t\t<a href='https:\/\/cuernavaca.gob.mx\/?attachment_id=53683'><img width=\"150\" height=\"150\" src=\"https:\/\/cuernavaca.gob.mx\/wp-content\/uploads\/2025\/10\/IMG-20251016-WA0010-150x150.jpg\" class=\"attachment-thumbnail size-thumbnail\" alt=\"\" loading=\"lazy\" \/><\/a>\n\t\t\t<\/dt><\/dl><dl class='gallery-item'>\n\t\t\t<dt class='gallery-icon portrait'>\n\t\t\t\t<a href='https:\/\/cuernavaca.gob.mx\/?attachment_id=53684'><img width=\"150\" height=\"150\" src=\"https:\/\/cuernavaca.gob.mx\/wp-content\/uploads\/2025\/10\/IMG-20251016-WA0012-150x150.jpg\" class=\"attachment-thumbnail size-thumbnail\" alt=\"\" loading=\"lazy\" \/><\/a>\n\t\t\t<\/dt><\/dl><dl class='gallery-item'>\n\t\t\t<dt class='gallery-icon portrait'>\n\t\t\t\t<a href='https:\/\/cuernavaca.gob.mx\/?attachment_id=53685'><img width=\"150\" height=\"150\" src=\"https:\/\/cuernavaca.gob.mx\/wp-content\/uploads\/2025\/10\/IMG-20251016-WA0009-150x150.jpg\" class=\"attachment-thumbnail size-thumbnail\" alt=\"\" loading=\"lazy\" \/><\/a>\n\t\t\t<\/dt><\/dl><br style=\"clear: both\" \/>\n\t\t<\/div>\n\n","protected":false},"excerpt":{"rendered":"<p>Cuernavaca, Morelos a 16 de octubre de 2025 &nbsp; * Cuernavaca contin\u00faa fortaleciendo las acciones para mejorar la movilidad y seguridad vial en la ciudad &nbsp; La Secretar\u00eda de Desarrollo Sustentable y Servicios P\u00fablicos (SDSYSP) del Municipio de Cuernavaca contin\u00faa fortaleciendo las acciones para mejorar la movilidad y seguridad vial en la ciudad. &nbsp; En [&hellip;]<\/p>\n","protected":false},"author":1,"featured_media":53684,"comment_status":"closed","ping_status":"open","sticky":false,"template":"","format":"standard","meta":[],"categories":[18],"tags":[],"aioseo_notices":[],"_links":{"self":[{"href":"https:\/\/cuernavaca.gob.mx\/index.php?rest_route=\/wp\/v2\/posts\/53679"}],"collection":[{"href":"https:\/\/cuernavaca.gob.mx\/index.php?rest_route=\/wp\/v2\/posts"}],"about":[{"href":"https:\/\/cuernavaca.gob.mx\/index.php?rest_route=\/wp\/v2\/types\/post"}],"author":[{"embeddable":true,"href":"https:\/\/cuernavaca.gob.mx\/index.php?rest_route=\/wp\/v2\/users\/1"}],"replies":[{"embeddable":true,"href":"https:\/\/cuernavaca.gob.mx\/index.php?rest_route=%2Fwp%2Fv2%2Fcomments&post=53679"}],"version-history":[{"count":1,"href":"https:\/\/cuernavaca.gob.mx\/index.php?rest_route=\/wp\/v2\/posts\/53679\/revisions"}],"predecessor-version":[{"id":53686,"href":"https:\/\/cuernavaca.gob.mx\/index.php?rest_route=\/wp\/v2\/posts\/53679\/revisions\/53686"}],"wp:featuredmedia":[{"embeddable":true,"href":"https:\/\/cuernavaca.gob.mx\/index.php?rest_route=\/wp\/v2\/media\/53684"}],"wp:attachment":[{"href":"https:\/\/cuernavaca.gob.mx\/index.php?rest_route=%2Fwp%2Fv2%2Fmedia&parent=53679"}],"wp:term":[{"taxonomy":"category","embeddable":true,"href":"https:\/\/cuernavaca.gob.mx\/index.php?rest_route=%2Fwp%2Fv2%2Fcategories&post=53679"},{"taxonomy":"post_tag","embeddable":true,"href":"https:\/\/cuernavaca.gob.mx\/index.php?rest_route=%2Fwp%2Fv2%2Ftags&post=53679"}],"curies":[{"name":"wp","href":"https:\/\/api.w.org\/{rel}","templated":true}]}}