{"id":53693,"date":"2025-10-16T16:41:47","date_gmt":"2025-10-16T22:41:47","guid":{"rendered":"https:\/\/cuernavaca.gob.mx\/?p=53693"},"modified":"2025-10-16T16:41:47","modified_gmt":"2025-10-16T22:41:47","slug":"b655-16-10-25-cuernavaca-fortalece-a-sus-familias-con-amor-y-legalidad-106-parejas-dijeron-si-acepto","status":"publish","type":"post","link":"https:\/\/cuernavaca.gob.mx\/?p=53693","title":{"rendered":"B655 16\/10\/25 CUERNAVACA FORTALECE A SUS FAMILIAS CON AMOR Y LEGALIDAD: 106 PAREJAS DIJERON &#8220;S\u00cd, ACEPTO\u201d"},"content":{"rendered":"<p>Cuernavaca, Morelos a 16 de octubre de 2025<\/p>\n<p>\u2022 El Sistema Municipal DIF Cuernavaca, encabezado por Luz Mar\u00eda Zagal Guzm\u00e1n, celebr\u00f3 la sexta edici\u00f3n del exitoso programa &#8220;S\u00ed, acepto&#8221;, donde 106 parejas formalizaron su uni\u00f3n en una emotiva ceremonia gratuita que record\u00f3 que el amor sigue siendo el motor de las familias y la comunidad<\/p>\n<p>En Cuernavaca se cree que las grandes historias comienzan en casa, porque cuando una familia se fortalece, tambi\u00e9n lo hace su comunidad. Bajo esta convicci\u00f3n, el Sistema Municipal DIF Cuernavaca, presidido por Luz Mar\u00eda Zagal Guzm\u00e1n, llev\u00f3 a cabo este jueves la sexta edici\u00f3n del programa \u201cS\u00ed, acepto\u201d, en el que 106 parejas, de entre 18 y 75 a\u00f1os, legalizaron su uni\u00f3n de forma gratuita.<\/p>\n<p>La ceremonia se realiz\u00f3 en el Jard\u00edn de Eventos \u201cLa Estancia\u201d, lugar que desde 2022 ha sido testigo de decenas de historias de amor transformadas en compromisos legales. Ah\u00ed, acompa\u00f1ada del alcalde Jos\u00e9 Luis Uri\u00f3stegui Salgado, la presidenta del DIF Cuernavaca se\u00f1al\u00f3 que, desde la creaci\u00f3n del programa, m\u00e1s de 700 parejas han dicho \u201cs\u00ed\u201d al compromiso, recordando que el amor no tiene edad ni condici\u00f3n, y que cuando existe voluntad, no hay imposibles.<\/p>\n<p>\u201cHemos visto a j\u00f3venes dar su primer paso hacia la vida en pareja, y tambi\u00e9n a matrimonios que despu\u00e9s de d\u00e9cadas deciden sellar legalmente un amor que ha superado el paso del tiempo. Hoy, esas historias se cruzan aqu\u00ed para volver a decir: S\u00ed, acepto\u201d, expres\u00f3 Luz Mar\u00eda Zagal Guzm\u00e1n.<\/p>\n<p>El evento fue organizado en coordinaci\u00f3n con la Secretar\u00eda del Ayuntamiento, a trav\u00e9s de las Oficial\u00edas del Registro Civil 1 y 3, promoviendo no s\u00f3lo el amor, sino tambi\u00e9n la protecci\u00f3n patrimonial, la seguridad jur\u00eddica y el reconocimiento pleno de los derechos de cada pareja.<\/p>\n<p>En su mensaje, el presidente municipal Jos\u00e9 Luis Uri\u00f3stegui destac\u00f3 la importancia de construir comunidad desde el n\u00facleo familiar. \u201cConsolidar familias a trav\u00e9s de un acto jur\u00eddico como el matrimonio es uno de los fines m\u00e1s nobles de este gobierno. Nos emociona que hoy no s\u00f3lo participen parejas de Cuernavaca, sino tambi\u00e9n de Emiliano Zapata, Huitzilac, Jiutepec, Temixco, Tepoztl\u00e1n, Xoxocotla, Yautepec, Yecapixtla y hasta de la Ciudad de M\u00e9xico\u201d.<\/p>\n<p>El edil, acompa\u00f1ado por integrantes del Cabildo, invit\u00f3 a las parejas a practicar la igualdad en la toma de decisiones, en la crianza de las y los hijos y el cuidado de las nietas y los nietos, fortaleciendo la equidad como base de una vida en com\u00fan.<\/p>\n<p>La ceremonia fue atestiguada por las regidoras Erika Lastra Jaimes, Miriam Barajas Basilio, Paz Hern\u00e1ndez Pardo, as\u00ed como por los regidores Alfredo Gonz\u00e1lez S\u00e1nchez y Sergio Bar\u00f3n Pulido, quienes compartieron este emotivo momento con las familias que ahora comienzan una nueva etapa con respaldo legal y comunitario.<\/p>\n<p>En Cuernavaca, cada historia de amor fortalece los lazos que unen a la sociedad. El Sistema Municipal DIF Cuernavaca reafirma su compromiso de acompa\u00f1ar a las familias en cada paso, porque cuando el amor se vive con legalidad y respeto, florece una comunidad m\u00e1s unida, justa y solidaria para todas y todos.<\/p>\n\n\t\t<style type=\"text\/css\">\n\t\t\t#gallery-1 {\n\t\t\t\tmargin: auto;\n\t\t\t}\n\t\t\t#gallery-1 .gallery-item {\n\t\t\t\tfloat: left;\n\t\t\t\tmargin-top: 10px;\n\t\t\t\ttext-align: center;\n\t\t\t\twidth: 33%;\n\t\t\t}\n\t\t\t#gallery-1 img {\n\t\t\t\tborder: 2px solid #cfcfcf;\n\t\t\t}\n\t\t\t#gallery-1 .gallery-caption {\n\t\t\t\tmargin-left: 0;\n\t\t\t}\n\t\t\t\/* see gallery_shortcode() in wp-includes\/media.php *\/\n\t\t<\/style>\n\t\t<div id='gallery-1' class='gallery galleryid-53693 gallery-columns-3 gallery-size-thumbnail'><dl class='gallery-item'>\n\t\t\t<dt class='gallery-icon landscape'>\n\t\t\t\t<a href='https:\/\/cuernavaca.gob.mx\/?attachment_id=53694'><img width=\"150\" height=\"150\" src=\"https:\/\/cuernavaca.gob.mx\/wp-content\/uploads\/2025\/10\/IMG-20251016-WA0033-150x150.jpg\" class=\"attachment-thumbnail size-thumbnail\" alt=\"\" loading=\"lazy\" \/><\/a>\n\t\t\t<\/dt><\/dl><dl class='gallery-item'>\n\t\t\t<dt class='gallery-icon landscape'>\n\t\t\t\t<a href='https:\/\/cuernavaca.gob.mx\/?attachment_id=53695'><img width=\"150\" height=\"150\" src=\"https:\/\/cuernavaca.gob.mx\/wp-content\/uploads\/2025\/10\/IMG-20251016-WA0036-150x150.jpg\" class=\"attachment-thumbnail size-thumbnail\" alt=\"\" loading=\"lazy\" \/><\/a>\n\t\t\t<\/dt><\/dl><dl class='gallery-item'>\n\t\t\t<dt class='gallery-icon landscape'>\n\t\t\t\t<a href='https:\/\/cuernavaca.gob.mx\/?attachment_id=53696'><img width=\"150\" height=\"150\" src=\"https:\/\/cuernavaca.gob.mx\/wp-content\/uploads\/2025\/10\/IMG-20251016-WA0037-150x150.jpg\" class=\"attachment-thumbnail size-thumbnail\" alt=\"\" loading=\"lazy\" \/><\/a>\n\t\t\t<\/dt><\/dl><br style=\"clear: both\" \/><dl class='gallery-item'>\n\t\t\t<dt class='gallery-icon landscape'>\n\t\t\t\t<a href='https:\/\/cuernavaca.gob.mx\/?attachment_id=53697'><img width=\"150\" height=\"150\" src=\"https:\/\/cuernavaca.gob.mx\/wp-content\/uploads\/2025\/10\/IMG-20251016-WA0034-150x150.jpg\" class=\"attachment-thumbnail size-thumbnail\" alt=\"\" loading=\"lazy\" \/><\/a>\n\t\t\t<\/dt><\/dl><dl class='gallery-item'>\n\t\t\t<dt class='gallery-icon landscape'>\n\t\t\t\t<a href='https:\/\/cuernavaca.gob.mx\/?attachment_id=53698'><img width=\"150\" height=\"150\" src=\"https:\/\/cuernavaca.gob.mx\/wp-content\/uploads\/2025\/10\/IMG-20251016-WA0032-150x150.jpg\" class=\"attachment-thumbnail size-thumbnail\" alt=\"\" loading=\"lazy\" \/><\/a>\n\t\t\t<\/dt><\/dl><dl class='gallery-item'>\n\t\t\t<dt class='gallery-icon landscape'>\n\t\t\t\t<a href='https:\/\/cuernavaca.gob.mx\/?attachment_id=53699'><img width=\"150\" height=\"150\" src=\"https:\/\/cuernavaca.gob.mx\/wp-content\/uploads\/2025\/10\/IMG-20251016-WA0029-150x150.jpg\" class=\"attachment-thumbnail size-thumbnail\" alt=\"\" loading=\"lazy\" \/><\/a>\n\t\t\t<\/dt><\/dl><br style=\"clear: both\" \/><dl class='gallery-item'>\n\t\t\t<dt class='gallery-icon landscape'>\n\t\t\t\t<a href='https:\/\/cuernavaca.gob.mx\/?attachment_id=53700'><img width=\"150\" height=\"150\" src=\"https:\/\/cuernavaca.gob.mx\/wp-content\/uploads\/2025\/10\/IMG-20251016-WA0027-150x150.jpg\" class=\"attachment-thumbnail size-thumbnail\" alt=\"\" loading=\"lazy\" \/><\/a>\n\t\t\t<\/dt><\/dl><dl class='gallery-item'>\n\t\t\t<dt class='gallery-icon landscape'>\n\t\t\t\t<a href='https:\/\/cuernavaca.gob.mx\/?attachment_id=53701'><img width=\"150\" height=\"150\" src=\"https:\/\/cuernavaca.gob.mx\/wp-content\/uploads\/2025\/10\/IMG-20251016-WA0028-150x150.jpg\" class=\"attachment-thumbnail size-thumbnail\" alt=\"\" loading=\"lazy\" \/><\/a>\n\t\t\t<\/dt><\/dl><dl class='gallery-item'>\n\t\t\t<dt class='gallery-icon landscape'>\n\t\t\t\t<a href='https:\/\/cuernavaca.gob.mx\/?attachment_id=53702'><img width=\"150\" height=\"150\" src=\"https:\/\/cuernavaca.gob.mx\/wp-content\/uploads\/2025\/10\/IMG-20251016-WA0031-150x150.jpg\" class=\"attachment-thumbnail size-thumbnail\" alt=\"\" loading=\"lazy\" \/><\/a>\n\t\t\t<\/dt><\/dl><br style=\"clear: both\" \/><dl class='gallery-item'>\n\t\t\t<dt class='gallery-icon landscape'>\n\t\t\t\t<a href='https:\/\/cuernavaca.gob.mx\/?attachment_id=53703'><img width=\"150\" height=\"150\" src=\"https:\/\/cuernavaca.gob.mx\/wp-content\/uploads\/2025\/10\/IMG-20251016-WA0035-150x150.jpg\" class=\"attachment-thumbnail size-thumbnail\" alt=\"\" loading=\"lazy\" \/><\/a>\n\t\t\t<\/dt><\/dl><dl class='gallery-item'>\n\t\t\t<dt class='gallery-icon landscape'>\n\t\t\t\t<a href='https:\/\/cuernavaca.gob.mx\/?attachment_id=53704'><img width=\"150\" height=\"150\" src=\"https:\/\/cuernavaca.gob.mx\/wp-content\/uploads\/2025\/10\/IMG-20251016-WA0038-150x150.jpg\" class=\"attachment-thumbnail size-thumbnail\" alt=\"\" loading=\"lazy\" \/><\/a>\n\t\t\t<\/dt><\/dl><dl class='gallery-item'>\n\t\t\t<dt class='gallery-icon landscape'>\n\t\t\t\t<a href='https:\/\/cuernavaca.gob.mx\/?attachment_id=53705'><img width=\"150\" height=\"150\" src=\"https:\/\/cuernavaca.gob.mx\/wp-content\/uploads\/2025\/10\/IMG-20251016-WA0024-150x150.jpg\" class=\"attachment-thumbnail size-thumbnail\" alt=\"\" loading=\"lazy\" \/><\/a>\n\t\t\t<\/dt><\/dl><br style=\"clear: both\" \/><dl class='gallery-item'>\n\t\t\t<dt class='gallery-icon landscape'>\n\t\t\t\t<a href='https:\/\/cuernavaca.gob.mx\/?attachment_id=53706'><img width=\"150\" height=\"150\" src=\"https:\/\/cuernavaca.gob.mx\/wp-content\/uploads\/2025\/10\/IMG-20251016-WA0025-150x150.jpg\" class=\"attachment-thumbnail size-thumbnail\" alt=\"\" loading=\"lazy\" \/><\/a>\n\t\t\t<\/dt><\/dl><dl class='gallery-item'>\n\t\t\t<dt class='gallery-icon landscape'>\n\t\t\t\t<a href='https:\/\/cuernavaca.gob.mx\/?attachment_id=53707'><img width=\"150\" height=\"150\" src=\"https:\/\/cuernavaca.gob.mx\/wp-content\/uploads\/2025\/10\/IMG-20251016-WA0026-150x150.jpg\" class=\"attachment-thumbnail size-thumbnail\" alt=\"\" loading=\"lazy\" \/><\/a>\n\t\t\t<\/dt><\/dl><dl class='gallery-item'>\n\t\t\t<dt class='gallery-icon landscape'>\n\t\t\t\t<a href='https:\/\/cuernavaca.gob.mx\/?attachment_id=53708'><img width=\"150\" height=\"150\" src=\"https:\/\/cuernavaca.gob.mx\/wp-content\/uploads\/2025\/10\/IMG-20251016-WA0030-150x150.jpg\" class=\"attachment-thumbnail size-thumbnail\" alt=\"\" loading=\"lazy\" \/><\/a>\n\t\t\t<\/dt><\/dl><br style=\"clear: both\" \/>\n\t\t<\/div>\n\n","protected":false},"excerpt":{"rendered":"<p>Cuernavaca, Morelos a 16 de octubre de 2025 \u2022 El Sistema Municipal DIF Cuernavaca, encabezado por Luz Mar\u00eda Zagal Guzm\u00e1n, celebr\u00f3 la sexta edici\u00f3n del exitoso programa &#8220;S\u00ed, acepto&#8221;, donde 106 parejas formalizaron su uni\u00f3n en una emotiva ceremonia gratuita que record\u00f3 que el amor sigue siendo el motor de las familias y la comunidad [&hellip;]<\/p>\n","protected":false},"author":1,"featured_media":53705,"comment_status":"closed","ping_status":"open","sticky":false,"template":"","format":"standard","meta":[],"categories":[16],"tags":[],"aioseo_notices":[],"_links":{"self":[{"href":"https:\/\/cuernavaca.gob.mx\/index.php?rest_route=\/wp\/v2\/posts\/53693"}],"collection":[{"href":"https:\/\/cuernavaca.gob.mx\/index.php?rest_route=\/wp\/v2\/posts"}],"about":[{"href":"https:\/\/cuernavaca.gob.mx\/index.php?rest_route=\/wp\/v2\/types\/post"}],"author":[{"embeddable":true,"href":"https:\/\/cuernavaca.gob.mx\/index.php?rest_route=\/wp\/v2\/users\/1"}],"replies":[{"embeddable":true,"href":"https:\/\/cuernavaca.gob.mx\/index.php?rest_route=%2Fwp%2Fv2%2Fcomments&post=53693"}],"version-history":[{"count":1,"href":"https:\/\/cuernavaca.gob.mx\/index.php?rest_route=\/wp\/v2\/posts\/53693\/revisions"}],"predecessor-version":[{"id":53709,"href":"https:\/\/cuernavaca.gob.mx\/index.php?rest_route=\/wp\/v2\/posts\/53693\/revisions\/53709"}],"wp:featuredmedia":[{"embeddable":true,"href":"https:\/\/cuernavaca.gob.mx\/index.php?rest_route=\/wp\/v2\/media\/53705"}],"wp:attachment":[{"href":"https:\/\/cuernavaca.gob.mx\/index.php?rest_route=%2Fwp%2Fv2%2Fmedia&parent=53693"}],"wp:term":[{"taxonomy":"category","embeddable":true,"href":"https:\/\/cuernavaca.gob.mx\/index.php?rest_route=%2Fwp%2Fv2%2Fcategories&post=53693"},{"taxonomy":"post_tag","embeddable":true,"href":"https:\/\/cuernavaca.gob.mx\/index.php?rest_route=%2Fwp%2Fv2%2Ftags&post=53693"}],"curies":[{"name":"wp","href":"https:\/\/api.w.org\/{rel}","templated":true}]}}