{"id":53720,"date":"2025-10-17T10:00:53","date_gmt":"2025-10-17T16:00:53","guid":{"rendered":"https:\/\/cuernavaca.gob.mx\/?p=53720"},"modified":"2025-10-19T22:22:54","modified_gmt":"2025-10-20T04:22:54","slug":"b657-17-10-25-cuernavaca-inicia-un-nuevo-capitulo-en-la-proteccion-animal","status":"publish","type":"post","link":"https:\/\/cuernavaca.gob.mx\/?p=53720","title":{"rendered":"B657 17\/10\/25 CUERNAVACA INICIA UN NUEVO CAP\u00cdTULO EN LA PROTECCI\u00d3N ANIMAL"},"content":{"rendered":"<div>\u2022 El Departamento de Protecci\u00f3n Animal de la SDSYSP en colaboraci\u00f3n con la asociaci\u00f3n civil &#8220;Seres Sintientes Morelos\u201d, pondr\u00e1 en marcha mini campa\u00f1as de esterilizaci\u00f3n canina y felina a bajo costo, y vacunaci\u00f3n antirr\u00e1bica gratuita<\/div>\n<div><\/div>\n<div>A partir del 18 de octubre de 2025, la Secretar\u00eda de Desarrollo Sustentable y Servicios P\u00fablicos (SDSySP) de Cuernavaca, a trav\u00e9s del Departamento de Protecci\u00f3n Animal, en colaboraci\u00f3n con la asociaci\u00f3n civil &#8220;Seres Sintientes Morelos\u201d, pondr\u00e1 en marcha una nueva etapa en favor del bienestar animal, ofreciendo mini campa\u00f1as de esterilizaci\u00f3n canina y felina a bajo costo, aproximadamente cada mes, adem\u00e1s de vacunaci\u00f3n antirr\u00e1bica gratuita.<\/div>\n<div><\/div>\n<div>Estas jornadas se realizar\u00e1n en las instalaciones de Protecci\u00f3n Animal, ubicadas en calle San Andr\u00e9s la Cal, s\/n, a un costado del Rastro Municipal, con el objetivo de fomentar la tenencia responsable en animales de compa\u00f1\u00eda, controlar la sobrepoblaci\u00f3n animal y acercar los servicios de salud veterinaria a la ciudadan\u00eda.<\/div>\n<div><\/div>\n<div>El proyecto tambi\u00e9n busca que la poblaci\u00f3n conozca el trabajo que se realiza dentro del Departamento de Protecci\u00f3n Animal, las condiciones de resguardo de los animales albergados y las campa\u00f1as de adopci\u00f3n que se llevan a cabo de manera peri\u00f3dica, contribuyendo as\u00ed a cambiar la percepci\u00f3n tradicional del lugar como una simple \u201cperrera\u201d o centro de acopio.<\/div>\n<div><\/div>\n<div>Requisitos para la campa\u00f1a:<\/div>\n<div>1.Cuota de recuperaci\u00f3n: $100.00 por cirug\u00eda.<\/div>\n<div>2.Se repartir\u00e1n 15 fichas conforme al orden de llegada.<\/div>\n<div>3.Traer una cobija por ejemplar.<\/div>\n<div>4.Solo una persona por animal.<\/div>\n<div>5.No se permite el acceso a ni\u00f1os.<\/div>\n<div>6.Gatos: deber\u00e1n presentarse dentro de bolsa de mandado amarrada o transportadora.<\/div>\n<div>7.Perros: deber\u00e1n acudir con correa y collar.<\/div>\n<div>8.Ayuno obligatorio de 10 horas (sin comida ni agua).<\/div>\n<div>9.Registro \u00fanicamente mediante mensaje al n\u00famero 777 135 8419.<\/div>\n<div><\/div>\n<div>Con esta iniciativa, Cuernavaca da un paso importante hacia una pol\u00edtica p\u00fablica m\u00e1s humana y responsable, fortaleciendo la cultura del respeto y el cuidado hacia todos los seres sintientes.<\/div>\n<div><\/div>\n<div>\n\n\t\t<style type=\"text\/css\">\n\t\t\t#gallery-1 {\n\t\t\t\tmargin: auto;\n\t\t\t}\n\t\t\t#gallery-1 .gallery-item {\n\t\t\t\tfloat: left;\n\t\t\t\tmargin-top: 10px;\n\t\t\t\ttext-align: center;\n\t\t\t\twidth: 33%;\n\t\t\t}\n\t\t\t#gallery-1 img {\n\t\t\t\tborder: 2px solid #cfcfcf;\n\t\t\t}\n\t\t\t#gallery-1 .gallery-caption {\n\t\t\t\tmargin-left: 0;\n\t\t\t}\n\t\t\t\/* see gallery_shortcode() in wp-includes\/media.php *\/\n\t\t<\/style>\n\t\t<div id='gallery-1' class='gallery galleryid-53720 gallery-columns-3 gallery-size-thumbnail'><dl class='gallery-item'>\n\t\t\t<dt class='gallery-icon portrait'>\n\t\t\t\t<a href='https:\/\/cuernavaca.gob.mx\/?attachment_id=53721'><img width=\"150\" height=\"150\" src=\"https:\/\/cuernavaca.gob.mx\/wp-content\/uploads\/2025\/10\/CUERNAVACA-INICIA-UN-NUEVO-CAPI\u0301TULO-EN-LA-PROTECCIO\u0301N-ANIMAL-1-150x150.jpg\" class=\"attachment-thumbnail size-thumbnail\" alt=\"\" loading=\"lazy\" \/><\/a>\n\t\t\t<\/dt><\/dl><dl class='gallery-item'>\n\t\t\t<dt class='gallery-icon landscape'>\n\t\t\t\t<a href='https:\/\/cuernavaca.gob.mx\/?attachment_id=53722'><img width=\"150\" height=\"150\" src=\"https:\/\/cuernavaca.gob.mx\/wp-content\/uploads\/2025\/10\/CUERNAVACA-INICIA-UN-NUEVO-CAPI\u0301TULO-EN-LA-PROTECCIO\u0301N-ANIMAL-2-150x150.jpg\" class=\"attachment-thumbnail size-thumbnail\" alt=\"\" loading=\"lazy\" \/><\/a>\n\t\t\t<\/dt><\/dl><dl class='gallery-item'>\n\t\t\t<dt class='gallery-icon portrait'>\n\t\t\t\t<a href='https:\/\/cuernavaca.gob.mx\/?attachment_id=53723'><img width=\"150\" height=\"150\" src=\"https:\/\/cuernavaca.gob.mx\/wp-content\/uploads\/2025\/10\/CUERNAVACA-INICIA-UN-NUEVO-CAPI\u0301TULO-EN-LA-PROTECCIO\u0301N-ANIMAL-3-150x150.jpg\" class=\"attachment-thumbnail size-thumbnail\" alt=\"\" loading=\"lazy\" \/><\/a>\n\t\t\t<\/dt><\/dl><br style=\"clear: both\" \/><dl class='gallery-item'>\n\t\t\t<dt class='gallery-icon portrait'>\n\t\t\t\t<a href='https:\/\/cuernavaca.gob.mx\/?attachment_id=53724'><img width=\"150\" height=\"150\" src=\"https:\/\/cuernavaca.gob.mx\/wp-content\/uploads\/2025\/10\/CUERNAVACA-INICIA-UN-NUEVO-CAPI\u0301TULO-EN-LA-PROTECCIO\u0301N-ANIMAL-4-150x150.jpg\" class=\"attachment-thumbnail size-thumbnail\" alt=\"\" loading=\"lazy\" \/><\/a>\n\t\t\t<\/dt><\/dl>\n\t\t\t<br style='clear: both' \/>\n\t\t<\/div>\n\n<\/div>\n","protected":false},"excerpt":{"rendered":"<p>\u2022 El Departamento de Protecci\u00f3n Animal de la SDSYSP en colaboraci\u00f3n con la asociaci\u00f3n civil &#8220;Seres Sintientes Morelos\u201d, pondr\u00e1 en marcha mini campa\u00f1as de esterilizaci\u00f3n canina y felina a bajo costo, y vacunaci\u00f3n antirr\u00e1bica gratuita A partir del 18 de octubre de 2025, la Secretar\u00eda de Desarrollo Sustentable y Servicios P\u00fablicos (SDSySP) de Cuernavaca, a [&hellip;]<\/p>\n","protected":false},"author":1,"featured_media":53722,"comment_status":"closed","ping_status":"open","sticky":false,"template":"","format":"standard","meta":[],"categories":[2271],"tags":[643,3221,121,1966,1535,1534],"aioseo_notices":[],"_links":{"self":[{"href":"https:\/\/cuernavaca.gob.mx\/index.php?rest_route=\/wp\/v2\/posts\/53720"}],"collection":[{"href":"https:\/\/cuernavaca.gob.mx\/index.php?rest_route=\/wp\/v2\/posts"}],"about":[{"href":"https:\/\/cuernavaca.gob.mx\/index.php?rest_route=\/wp\/v2\/types\/post"}],"author":[{"embeddable":true,"href":"https:\/\/cuernavaca.gob.mx\/index.php?rest_route=\/wp\/v2\/users\/1"}],"replies":[{"embeddable":true,"href":"https:\/\/cuernavaca.gob.mx\/index.php?rest_route=%2Fwp%2Fv2%2Fcomments&post=53720"}],"version-history":[{"count":1,"href":"https:\/\/cuernavaca.gob.mx\/index.php?rest_route=\/wp\/v2\/posts\/53720\/revisions"}],"predecessor-version":[{"id":53725,"href":"https:\/\/cuernavaca.gob.mx\/index.php?rest_route=\/wp\/v2\/posts\/53720\/revisions\/53725"}],"wp:featuredmedia":[{"embeddable":true,"href":"https:\/\/cuernavaca.gob.mx\/index.php?rest_route=\/wp\/v2\/media\/53722"}],"wp:attachment":[{"href":"https:\/\/cuernavaca.gob.mx\/index.php?rest_route=%2Fwp%2Fv2%2Fmedia&parent=53720"}],"wp:term":[{"taxonomy":"category","embeddable":true,"href":"https:\/\/cuernavaca.gob.mx\/index.php?rest_route=%2Fwp%2Fv2%2Fcategories&post=53720"},{"taxonomy":"post_tag","embeddable":true,"href":"https:\/\/cuernavaca.gob.mx\/index.php?rest_route=%2Fwp%2Fv2%2Ftags&post=53720"}],"curies":[{"name":"wp","href":"https:\/\/api.w.org\/{rel}","templated":true}]}}