{"id":53726,"date":"2025-10-17T08:00:31","date_gmt":"2025-10-17T14:00:31","guid":{"rendered":"https:\/\/cuernavaca.gob.mx\/?p=53726"},"modified":"2025-10-19T22:26:52","modified_gmt":"2025-10-20T04:26:52","slug":"b656-17-10-25-cuernavaca-rinde-homenaje-al-maestro-jorge-cazares-campos-el-pintor-que-capturo-el-alma-de-morelos","status":"publish","type":"post","link":"https:\/\/cuernavaca.gob.mx\/?p=53726","title":{"rendered":"B656 17\/10\/25 CUERNAVACA RINDE HOMENAJE AL MAESTRO JORGE C\u00c1ZARES CAMPOS, EL PINTOR QUE CAPTUR\u00d3 EL ALMA DE MORELOS"},"content":{"rendered":"<p><strong>\u2022 La exposici\u00f3n &#8220;Viv\u00ed en el Para\u00edso\u201d celebra su legado art\u00edstico y la belleza eterna de la tierra que lo inspir\u00f3<\/strong><\/p>\n<p><strong>\u2022 La muestra permanecer\u00e1 abierta al p\u00fablico hasta el 18 de enero de 2026 en el Museo de la Ciudad de Cuernavaca (MuCiC)<\/strong><\/p>\n<p>Los paisajes que Jorge C\u00e1zares Campos inmortaliz\u00f3 con su pincel regresan a casa. En un emotivo acto lleno de arte, memoria y orgullo morelense, el presidente municipal de Cuernavaca, Jos\u00e9 Luis Uri\u00f3stegui Salgado, inaugur\u00f3 la exposici\u00f3n &#8220;Jorge C\u00e1zares Campos: Viv\u00ed en el Para\u00edso\u201d, un homenaje a quien convirti\u00f3 la naturaleza de Morelos en poes\u00eda visual.<\/p>\n<p>Acompa\u00f1ado de su esposa, Luz Mar\u00eda Zagal Guzm\u00e1n, presidenta del Sistema Municipal DIF Cuernavaca, el alcalde expres\u00f3 que para el Ayuntamiento de Cuernavaca es un verdadero honor ser parte de este homenaje a un artista que fue &#8220;profeta en su tierra\u201d, pues su obra retrata la transformaci\u00f3n del estado desde una mirada sensible, cargada de memoria y amor por la tierra.<\/p>\n<p>&#8220;Queremos que cientos y miles de personas se acerquen a esta exposici\u00f3n, que vean lo que \u00e9l vio, que se trasladen a su tiempo y comprendan que su pintura no miraba el pasado, sino el presente que viv\u00eda. Que esta muestra sea un parteaguas para valorar la obra y el talento de nuestros artistas\u201d, expres\u00f3 Uri\u00f3stegui Salgado.<\/p>\n<p>La exposici\u00f3n se concret\u00f3 gracias al impulso y trabajo de Jorge C\u00e1zares Cl\u00e9ment, hijo del artista, quien record\u00f3 que, a 21 a\u00f1os de la \u00faltima gran exposici\u00f3n en el Jard\u00edn Borda y cinco a\u00f1os de su partida f\u00edsica, este proyecto representa un nuevo di\u00e1logo con la obra de su padre como uno de los m\u00faltiples proyectos en los que se ha trabajado de manera conjunta con distintas personas e instituciones como el Colegio de Morelos, la Universidad Aut\u00f3noma del Estado de Morelos (UAEM), el Instituto Estatal de Documentaci\u00f3n en Morelos, la Secretar\u00eda de Desarrollo Agropecuario de Morelos, el Centro Regional de Instituciones Multidisciplinarias y el Instituto de Investigaciones Sociales de la Universidad Nacional Aut\u00f3noma de M\u00e9xico (UNAM).<\/p>\n<p>C\u00e1zares Cl\u00e9ment relat\u00f3 que, al digitalizar y escalar los detalles de las pinturas originales, surgieron nuevas perspectivas que incluso sorprendieron al propio maestro C\u00e1zares Campos, quien al observar los resultados, a veces desconoc\u00eda su autor\u00eda; &#8220;era necesario mostrarle la imagen del cuadro original para recordarle que \u00e9l lo hab\u00eda pintado. As\u00ed naci\u00f3 este di\u00e1logo que hoy compartimos con el p\u00fablico\u201d, explic\u00f3.<\/p>\n<p>En el marco de la inauguraci\u00f3n, la Dra. Nancy Merary Jim\u00e9nez Mart\u00ednez, investigadora del CRIM- UNAM, afirm\u00f3 que la obra de C\u00e1zares Campos trasciende la representaci\u00f3n art\u00edstica, ya que su arte es &#8220;la amorosa recreaci\u00f3n del instante, la b\u00fasqueda de lo trascendente en la fugacidad\u201d.<\/p>\n<p>Sus paisajes, a\u00f1adi\u00f3, son documentos visuales, testimonio de una \u00e9poca y de un ecosistema; lienzos geol\u00f3gicos, cartogr\u00e1ficos y antropol\u00f3gicos de Morelos, por lo cual invit\u00f3 a los presentes a contemplar la exposici\u00f3n desde una mirada cient\u00edfica, ya que la emotividad de su pincel esconde un rigor cient\u00edfico admirable.<\/p>\n<p>El acto cont\u00f3 con la presencia de integrantes del Cabildo, familiares y amigos de Jorge C\u00e1zares Campos, destacando Minda Cl\u00e9ment, esposa del artista, as\u00ed como personalidades del \u00e1mbito cultural, social y p\u00fablico de Morelos.<\/p>\n<p>Durante el evento, Jos\u00e9 Luis Uri\u00f3stegui Salgado invit\u00f3 a todas y todos los presentes a difundir esta muestra que ofrece al p\u00fablico la oportunidad de reconectarse con la esencia de Morelos y rendir tributo a quien supo pintar el alma de su tierra.<\/p>\n<p>Con m\u00e1s de 200 exposiciones a nivel nacional e internacional, Jorge C\u00e1zares Campos dej\u00f3 una huella imborrable en la identidad art\u00edstica de Morelos y de M\u00e9xico. Su obra, recordada incluso en las emblem\u00e1ticas cajitas de cerillos de La Central, contin\u00faa iluminando la memoria colectiva de quienes reconocen en sus paisajes el reflejo de un para\u00edso que a\u00fan perdura.<\/p>\n<p>La exposici\u00f3n permanecer\u00e1 abierta al p\u00fablico hasta el 18 de enero de 2026 en el Museo de la Ciudad de Cuernavaca (MuCiC).<\/p>\n\n\t\t<style type=\"text\/css\">\n\t\t\t#gallery-1 {\n\t\t\t\tmargin: auto;\n\t\t\t}\n\t\t\t#gallery-1 .gallery-item {\n\t\t\t\tfloat: left;\n\t\t\t\tmargin-top: 10px;\n\t\t\t\ttext-align: center;\n\t\t\t\twidth: 33%;\n\t\t\t}\n\t\t\t#gallery-1 img {\n\t\t\t\tborder: 2px solid #cfcfcf;\n\t\t\t}\n\t\t\t#gallery-1 .gallery-caption {\n\t\t\t\tmargin-left: 0;\n\t\t\t}\n\t\t\t\/* see gallery_shortcode() in wp-includes\/media.php *\/\n\t\t<\/style>\n\t\t<div id='gallery-1' class='gallery galleryid-53726 gallery-columns-3 gallery-size-thumbnail'><dl class='gallery-item'>\n\t\t\t<dt class='gallery-icon landscape'>\n\t\t\t\t<a href='https:\/\/cuernavaca.gob.mx\/?attachment_id=53727'><img width=\"150\" height=\"150\" src=\"https:\/\/cuernavaca.gob.mx\/wp-content\/uploads\/2025\/10\/CUERNAVACA-RINDE-HOMENAJE-AL-MAESTRO-JORGE-CA\u0301ZARES-CAMPOS-EL-PINTOR-QUE-CAPTURO\u0301-EL-ALMA-DE-MORELOS-1-150x150.jpg\" class=\"attachment-thumbnail size-thumbnail\" alt=\"\" loading=\"lazy\" \/><\/a>\n\t\t\t<\/dt><\/dl><dl class='gallery-item'>\n\t\t\t<dt class='gallery-icon landscape'>\n\t\t\t\t<a href='https:\/\/cuernavaca.gob.mx\/?attachment_id=53728'><img width=\"150\" height=\"150\" src=\"https:\/\/cuernavaca.gob.mx\/wp-content\/uploads\/2025\/10\/CUERNAVACA-RINDE-HOMENAJE-AL-MAESTRO-JORGE-CA\u0301ZARES-CAMPOS-EL-PINTOR-QUE-CAPTURO\u0301-EL-ALMA-DE-MORELOS-2-150x150.jpg\" class=\"attachment-thumbnail size-thumbnail\" alt=\"\" loading=\"lazy\" \/><\/a>\n\t\t\t<\/dt><\/dl><dl class='gallery-item'>\n\t\t\t<dt class='gallery-icon landscape'>\n\t\t\t\t<a href='https:\/\/cuernavaca.gob.mx\/?attachment_id=53729'><img width=\"150\" height=\"150\" src=\"https:\/\/cuernavaca.gob.mx\/wp-content\/uploads\/2025\/10\/CUERNAVACA-RINDE-HOMENAJE-AL-MAESTRO-JORGE-CA\u0301ZARES-CAMPOS-EL-PINTOR-QUE-CAPTURO\u0301-EL-ALMA-DE-MORELOS-3-150x150.jpg\" class=\"attachment-thumbnail size-thumbnail\" alt=\"\" loading=\"lazy\" \/><\/a>\n\t\t\t<\/dt><\/dl><br style=\"clear: both\" \/><dl class='gallery-item'>\n\t\t\t<dt class='gallery-icon landscape'>\n\t\t\t\t<a href='https:\/\/cuernavaca.gob.mx\/?attachment_id=53730'><img width=\"150\" height=\"150\" src=\"https:\/\/cuernavaca.gob.mx\/wp-content\/uploads\/2025\/10\/CUERNAVACA-RINDE-HOMENAJE-AL-MAESTRO-JORGE-CA\u0301ZARES-CAMPOS-EL-PINTOR-QUE-CAPTURO\u0301-EL-ALMA-DE-MORELOS-4-150x150.jpg\" class=\"attachment-thumbnail size-thumbnail\" alt=\"\" loading=\"lazy\" \/><\/a>\n\t\t\t<\/dt><\/dl><dl class='gallery-item'>\n\t\t\t<dt class='gallery-icon landscape'>\n\t\t\t\t<a href='https:\/\/cuernavaca.gob.mx\/?attachment_id=53731'><img width=\"150\" height=\"150\" src=\"https:\/\/cuernavaca.gob.mx\/wp-content\/uploads\/2025\/10\/CUERNAVACA-RINDE-HOMENAJE-AL-MAESTRO-JORGE-CA\u0301ZARES-CAMPOS-EL-PINTOR-QUE-CAPTURO\u0301-EL-ALMA-DE-MORELOS-5-150x150.jpg\" class=\"attachment-thumbnail size-thumbnail\" alt=\"\" loading=\"lazy\" \/><\/a>\n\t\t\t<\/dt><\/dl><dl class='gallery-item'>\n\t\t\t<dt class='gallery-icon landscape'>\n\t\t\t\t<a href='https:\/\/cuernavaca.gob.mx\/?attachment_id=53732'><img width=\"150\" height=\"150\" src=\"https:\/\/cuernavaca.gob.mx\/wp-content\/uploads\/2025\/10\/CUERNAVACA-RINDE-HOMENAJE-AL-MAESTRO-JORGE-CA\u0301ZARES-CAMPOS-EL-PINTOR-QUE-CAPTURO\u0301-EL-ALMA-DE-MORELOS-6-150x150.jpg\" class=\"attachment-thumbnail size-thumbnail\" alt=\"\" loading=\"lazy\" \/><\/a>\n\t\t\t<\/dt><\/dl><br style=\"clear: both\" \/><dl class='gallery-item'>\n\t\t\t<dt class='gallery-icon landscape'>\n\t\t\t\t<a href='https:\/\/cuernavaca.gob.mx\/?attachment_id=53733'><img width=\"150\" height=\"150\" src=\"https:\/\/cuernavaca.gob.mx\/wp-content\/uploads\/2025\/10\/CUERNAVACA-RINDE-HOMENAJE-AL-MAESTRO-JORGE-CA\u0301ZARES-CAMPOS-EL-PINTOR-QUE-CAPTURO\u0301-EL-ALMA-DE-MORELOS-7-150x150.jpg\" class=\"attachment-thumbnail size-thumbnail\" alt=\"\" loading=\"lazy\" \/><\/a>\n\t\t\t<\/dt><\/dl><dl class='gallery-item'>\n\t\t\t<dt class='gallery-icon landscape'>\n\t\t\t\t<a href='https:\/\/cuernavaca.gob.mx\/?attachment_id=53734'><img width=\"150\" height=\"150\" src=\"https:\/\/cuernavaca.gob.mx\/wp-content\/uploads\/2025\/10\/CUERNAVACA-RINDE-HOMENAJE-AL-MAESTRO-JORGE-CA\u0301ZARES-CAMPOS-EL-PINTOR-QUE-CAPTURO\u0301-EL-ALMA-DE-MORELOS-8-150x150.jpg\" class=\"attachment-thumbnail size-thumbnail\" alt=\"\" loading=\"lazy\" \/><\/a>\n\t\t\t<\/dt><\/dl><dl class='gallery-item'>\n\t\t\t<dt class='gallery-icon landscape'>\n\t\t\t\t<a href='https:\/\/cuernavaca.gob.mx\/?attachment_id=53735'><img width=\"150\" height=\"150\" src=\"https:\/\/cuernavaca.gob.mx\/wp-content\/uploads\/2025\/10\/CUERNAVACA-RINDE-HOMENAJE-AL-MAESTRO-JORGE-CA\u0301ZARES-CAMPOS-EL-PINTOR-QUE-CAPTURO\u0301-EL-ALMA-DE-MORELOS-9-150x150.jpg\" class=\"attachment-thumbnail size-thumbnail\" alt=\"\" loading=\"lazy\" \/><\/a>\n\t\t\t<\/dt><\/dl><br style=\"clear: both\" \/>\n\t\t<\/div>\n\n","protected":false},"excerpt":{"rendered":"<p>\u2022 La exposici\u00f3n &#8220;Viv\u00ed en el Para\u00edso\u201d celebra su legado art\u00edstico y la belleza eterna de la tierra que lo inspir\u00f3 \u2022 La muestra permanecer\u00e1 abierta al p\u00fablico hasta el 18 de enero de 2026 en el Museo de la Ciudad de Cuernavaca (MuCiC) Los paisajes que Jorge C\u00e1zares Campos inmortaliz\u00f3 con su pincel regresan [&hellip;]<\/p>\n","protected":false},"author":1,"featured_media":53728,"comment_status":"closed","ping_status":"open","sticky":false,"template":"","format":"standard","meta":[],"categories":[2292],"tags":[1300,121,190,4249,120,206,127],"aioseo_notices":[],"_links":{"self":[{"href":"https:\/\/cuernavaca.gob.mx\/index.php?rest_route=\/wp\/v2\/posts\/53726"}],"collection":[{"href":"https:\/\/cuernavaca.gob.mx\/index.php?rest_route=\/wp\/v2\/posts"}],"about":[{"href":"https:\/\/cuernavaca.gob.mx\/index.php?rest_route=\/wp\/v2\/types\/post"}],"author":[{"embeddable":true,"href":"https:\/\/cuernavaca.gob.mx\/index.php?rest_route=\/wp\/v2\/users\/1"}],"replies":[{"embeddable":true,"href":"https:\/\/cuernavaca.gob.mx\/index.php?rest_route=%2Fwp%2Fv2%2Fcomments&post=53726"}],"version-history":[{"count":1,"href":"https:\/\/cuernavaca.gob.mx\/index.php?rest_route=\/wp\/v2\/posts\/53726\/revisions"}],"predecessor-version":[{"id":53736,"href":"https:\/\/cuernavaca.gob.mx\/index.php?rest_route=\/wp\/v2\/posts\/53726\/revisions\/53736"}],"wp:featuredmedia":[{"embeddable":true,"href":"https:\/\/cuernavaca.gob.mx\/index.php?rest_route=\/wp\/v2\/media\/53728"}],"wp:attachment":[{"href":"https:\/\/cuernavaca.gob.mx\/index.php?rest_route=%2Fwp%2Fv2%2Fmedia&parent=53726"}],"wp:term":[{"taxonomy":"category","embeddable":true,"href":"https:\/\/cuernavaca.gob.mx\/index.php?rest_route=%2Fwp%2Fv2%2Fcategories&post=53726"},{"taxonomy":"post_tag","embeddable":true,"href":"https:\/\/cuernavaca.gob.mx\/index.php?rest_route=%2Fwp%2Fv2%2Ftags&post=53726"}],"curies":[{"name":"wp","href":"https:\/\/api.w.org\/{rel}","templated":true}]}}