{"id":53737,"date":"2025-10-18T08:30:37","date_gmt":"2025-10-18T14:30:37","guid":{"rendered":"https:\/\/cuernavaca.gob.mx\/?p=53737"},"modified":"2025-10-19T22:36:46","modified_gmt":"2025-10-20T04:36:46","slug":"b659-18-10-25-atiende-seprac-colapso-de-barda-en-la-colonia-centro","status":"publish","type":"post","link":"https:\/\/cuernavaca.gob.mx\/?p=53737","title":{"rendered":"B659 18\/10\/25 ATIENDE SEPRAC COLAPSO DE BARDA EN LA COLONIA CENTRO"},"content":{"rendered":"<p>Elementos de la Secretar\u00eda de Protecci\u00f3n y Auxilio Ciudadano (SEPRAC), a trav\u00e9s de Protecci\u00f3n Civil, atendieron un reporte sobre el colapso de una barda en la colonia Centro.<\/p>\n<p>Al arribar al lugar, se constat\u00f3 la ca\u00edda de una barda de mamposter\u00eda de aproximadamente 7 metros lineales. El derrumbe obstruy\u00f3 el paso en una privada provocando \u00fanicamente da\u00f1os en el cofre de un veh\u00edculo.<\/p>\n<p>Personal de esta corporaci\u00f3n realiz\u00f3 maniobras para retirar parte del escombro y liberar el acceso a una vivienda.<\/p>\n<p>Se recomienda a la poblaci\u00f3n evitar la zona mientras se realizan las labores de evaluaci\u00f3n y retiro total de materiales.<\/p>\n<p>Ante cualquier emergencia comun\u00edcate al 777312-12-74.<\/p>\n<p>&nbsp;<\/p>\n\n\t\t<style type=\"text\/css\">\n\t\t\t#gallery-1 {\n\t\t\t\tmargin: auto;\n\t\t\t}\n\t\t\t#gallery-1 .gallery-item {\n\t\t\t\tfloat: left;\n\t\t\t\tmargin-top: 10px;\n\t\t\t\ttext-align: center;\n\t\t\t\twidth: 33%;\n\t\t\t}\n\t\t\t#gallery-1 img {\n\t\t\t\tborder: 2px solid #cfcfcf;\n\t\t\t}\n\t\t\t#gallery-1 .gallery-caption {\n\t\t\t\tmargin-left: 0;\n\t\t\t}\n\t\t\t\/* see gallery_shortcode() in wp-includes\/media.php *\/\n\t\t<\/style>\n\t\t<div id='gallery-1' class='gallery galleryid-53737 gallery-columns-3 gallery-size-thumbnail'><dl class='gallery-item'>\n\t\t\t<dt class='gallery-icon landscape'>\n\t\t\t\t<a href='https:\/\/cuernavaca.gob.mx\/?attachment_id=53738'><img width=\"150\" height=\"150\" src=\"https:\/\/cuernavaca.gob.mx\/wp-content\/uploads\/2025\/10\/ATIENDE-SEPRAC-COLAPSO-DE-BARDA-EN-LA-COLONIA-CENTRO-1-150x150.jpg\" class=\"attachment-thumbnail size-thumbnail\" alt=\"\" loading=\"lazy\" \/><\/a>\n\t\t\t<\/dt><\/dl><dl class='gallery-item'>\n\t\t\t<dt class='gallery-icon landscape'>\n\t\t\t\t<a href='https:\/\/cuernavaca.gob.mx\/?attachment_id=53739'><img width=\"150\" height=\"150\" src=\"https:\/\/cuernavaca.gob.mx\/wp-content\/uploads\/2025\/10\/ATIENDE-SEPRAC-COLAPSO-DE-BARDA-EN-LA-COLONIA-CENTRO-2-150x150.jpg\" class=\"attachment-thumbnail size-thumbnail\" alt=\"\" loading=\"lazy\" \/><\/a>\n\t\t\t<\/dt><\/dl>\n\t\t\t<br style='clear: both' \/>\n\t\t<\/div>\n\n<p>&nbsp;<\/p>\n","protected":false},"excerpt":{"rendered":"<p>Elementos de la Secretar\u00eda de Protecci\u00f3n y Auxilio Ciudadano (SEPRAC), a trav\u00e9s de Protecci\u00f3n Civil, atendieron un reporte sobre el colapso de una barda en la colonia Centro. Al arribar al lugar, se constat\u00f3 la ca\u00edda de una barda de mamposter\u00eda de aproximadamente 7 metros lineales. El derrumbe obstruy\u00f3 el paso en una privada provocando [&hellip;]<\/p>\n","protected":false},"author":1,"featured_media":53739,"comment_status":"closed","ping_status":"open","sticky":false,"template":"","format":"standard","meta":[],"categories":[1],"tags":[],"aioseo_notices":[],"_links":{"self":[{"href":"https:\/\/cuernavaca.gob.mx\/index.php?rest_route=\/wp\/v2\/posts\/53737"}],"collection":[{"href":"https:\/\/cuernavaca.gob.mx\/index.php?rest_route=\/wp\/v2\/posts"}],"about":[{"href":"https:\/\/cuernavaca.gob.mx\/index.php?rest_route=\/wp\/v2\/types\/post"}],"author":[{"embeddable":true,"href":"https:\/\/cuernavaca.gob.mx\/index.php?rest_route=\/wp\/v2\/users\/1"}],"replies":[{"embeddable":true,"href":"https:\/\/cuernavaca.gob.mx\/index.php?rest_route=%2Fwp%2Fv2%2Fcomments&post=53737"}],"version-history":[{"count":1,"href":"https:\/\/cuernavaca.gob.mx\/index.php?rest_route=\/wp\/v2\/posts\/53737\/revisions"}],"predecessor-version":[{"id":53740,"href":"https:\/\/cuernavaca.gob.mx\/index.php?rest_route=\/wp\/v2\/posts\/53737\/revisions\/53740"}],"wp:featuredmedia":[{"embeddable":true,"href":"https:\/\/cuernavaca.gob.mx\/index.php?rest_route=\/wp\/v2\/media\/53739"}],"wp:attachment":[{"href":"https:\/\/cuernavaca.gob.mx\/index.php?rest_route=%2Fwp%2Fv2%2Fmedia&parent=53737"}],"wp:term":[{"taxonomy":"category","embeddable":true,"href":"https:\/\/cuernavaca.gob.mx\/index.php?rest_route=%2Fwp%2Fv2%2Fcategories&post=53737"},{"taxonomy":"post_tag","embeddable":true,"href":"https:\/\/cuernavaca.gob.mx\/index.php?rest_route=%2Fwp%2Fv2%2Ftags&post=53737"}],"curies":[{"name":"wp","href":"https:\/\/api.w.org\/{rel}","templated":true}]}}