{"id":53747,"date":"2025-10-18T12:35:45","date_gmt":"2025-10-18T18:35:45","guid":{"rendered":"https:\/\/cuernavaca.gob.mx\/?p=53747"},"modified":"2025-10-19T22:43:55","modified_gmt":"2025-10-20T04:43:55","slug":"b661-18-10-25-cuernavaca-revive-su-espiritu-literario-con-la-primera-feria-internacional-del-libro-malcolm-lowry","status":"publish","type":"post","link":"https:\/\/cuernavaca.gob.mx\/?p=53747","title":{"rendered":"B661 18\/10\/25 CUERNAVACA REVIVE SU ESP\u00cdRITU LITERARIO CON LA PRIMERA FERIA INTERNACIONAL DEL LIBRO &#8220;MALCOLM LOWRY&#8221;"},"content":{"rendered":"<p><strong>* Este fin de semana la capital morelense se convierte en punto de encuentro para la literatura, el arte y la cultura<\/strong><\/p>\n<p><strong>* Participan m\u00e1s de 35 editoriales, escritores y artistas<\/strong><\/p>\n<p>Cuernavaca es escenario de un acontecimiento sin precedentes: la primera Feria Internacional del Libro (FIL) &#8220;Malcolm Lowry\u201d, organizada por el Ayuntamiento de Cuernavaca, encabezado por el alcalde Jos\u00e9 Luis Uri\u00f3stegui Salgado, en coordinaci\u00f3n con Alta Cultura A.C.<\/p>\n<p>El encuentro re\u00fane a escritores, editores, lectores y artistas en un espacio de intercambio literario y art\u00edstico, teniendo como eje tem\u00e1tico la obra &#8220;Bajo el Volc\u00e1n\u201d, considerada una pieza clave de la literatura universal y estrechamente ligada a la historia y esencia de la capital morelense.<\/p>\n<p>\u201cCuernavaca tiene una tradici\u00f3n cultural e intelectual muy rica, pero muchas veces permanece detr\u00e1s de los muros. Esta feria busca abrir esos espacios, reencontrarnos y convivir; esa es la verdadera cultura de Cuernavaca, y queremos transmitirla a M\u00e9xico y al mundo\u201d, expres\u00f3 el secretario de Desarrollo Econ\u00f3mico y Turismo, Marcos Manuel Su\u00e1rez Gerard, al presidir el acto protocolario.<\/p>\n<p>Al uso de la palabra, el regidor Juan Miguel Serrano Gast\u00e9lum reconci\u00f3 y agradeci\u00f3 el impulso del presidente municipal para fortalecer la proyecci\u00f3n cultural y tur\u00edstica de la ciudad a trav\u00e9s de este tipo de eventos. Tambi\u00e9n extendi\u00f3 su reconocimiento a la Secretar\u00eda de Desarrollo Econ\u00f3mico y Turismo, as\u00ed como a Jorge S\u00e1nchez Berm\u00fadez, presidente de Alta Cultura A.C., quien concibi\u00f3 este proyecto desde hace varios a\u00f1os, pero que hoy se consolida con el respaldo de la administraci\u00f3n municipal.<\/p>\n<p>El presidente de Alta Cultura A.C. dio la bienvenida al evento que re\u00fane a m\u00e1s de 35 editoriales, a escritores y artistas nacionales e internacionales en un s\u00f3lo espacio.<\/p>\n<p>La Feria Internacional del Libro &#8220;Malcolm Lowry\u201d se lleva a cabo en el Museo de la Ciudad de Cuernavaca (MuCiC) y continuar\u00e1 hasta este domingo 19 de octubre, ofreciendo al p\u00fablico presentaciones de libros, conferencias, exposiciones y una amplia oferta cultural que celebra el arte, la palabra y la identidad de Cuernavaca.<\/p>\n<p>\u00a1No te la puedes perder!<\/p>\n\n\t\t<style type=\"text\/css\">\n\t\t\t#gallery-1 {\n\t\t\t\tmargin: auto;\n\t\t\t}\n\t\t\t#gallery-1 .gallery-item {\n\t\t\t\tfloat: left;\n\t\t\t\tmargin-top: 10px;\n\t\t\t\ttext-align: center;\n\t\t\t\twidth: 33%;\n\t\t\t}\n\t\t\t#gallery-1 img {\n\t\t\t\tborder: 2px solid #cfcfcf;\n\t\t\t}\n\t\t\t#gallery-1 .gallery-caption {\n\t\t\t\tmargin-left: 0;\n\t\t\t}\n\t\t\t\/* see gallery_shortcode() in wp-includes\/media.php *\/\n\t\t<\/style>\n\t\t<div id='gallery-1' class='gallery galleryid-53747 gallery-columns-3 gallery-size-thumbnail'><dl class='gallery-item'>\n\t\t\t<dt class='gallery-icon landscape'>\n\t\t\t\t<a href='https:\/\/cuernavaca.gob.mx\/?attachment_id=53748'><img width=\"150\" height=\"150\" src=\"https:\/\/cuernavaca.gob.mx\/wp-content\/uploads\/2025\/10\/CUERNAVACA-REVIVE-SU-ESPI\u0301RITU-LITERARIO-CON-LA-PRIMERA-FERIA-INTERNACIONAL-DEL-LIBRO-22MALCOLM-LOWRY22-1-150x150.jpg\" class=\"attachment-thumbnail size-thumbnail\" alt=\"\" loading=\"lazy\" \/><\/a>\n\t\t\t<\/dt><\/dl><dl class='gallery-item'>\n\t\t\t<dt class='gallery-icon landscape'>\n\t\t\t\t<a href='https:\/\/cuernavaca.gob.mx\/?attachment_id=53749'><img width=\"150\" height=\"150\" src=\"https:\/\/cuernavaca.gob.mx\/wp-content\/uploads\/2025\/10\/CUERNAVACA-REVIVE-SU-ESPI\u0301RITU-LITERARIO-CON-LA-PRIMERA-FERIA-INTERNACIONAL-DEL-LIBRO-22MALCOLM-LOWRY22-2-150x150.jpg\" class=\"attachment-thumbnail size-thumbnail\" alt=\"\" loading=\"lazy\" \/><\/a>\n\t\t\t<\/dt><\/dl><dl class='gallery-item'>\n\t\t\t<dt class='gallery-icon landscape'>\n\t\t\t\t<a href='https:\/\/cuernavaca.gob.mx\/?attachment_id=53750'><img width=\"150\" height=\"150\" src=\"https:\/\/cuernavaca.gob.mx\/wp-content\/uploads\/2025\/10\/CUERNAVACA-REVIVE-SU-ESPI\u0301RITU-LITERARIO-CON-LA-PRIMERA-FERIA-INTERNACIONAL-DEL-LIBRO-22MALCOLM-LOWRY22-3-150x150.jpg\" class=\"attachment-thumbnail size-thumbnail\" alt=\"\" loading=\"lazy\" \/><\/a>\n\t\t\t<\/dt><\/dl><br style=\"clear: both\" \/><dl class='gallery-item'>\n\t\t\t<dt class='gallery-icon landscape'>\n\t\t\t\t<a href='https:\/\/cuernavaca.gob.mx\/?attachment_id=53751'><img width=\"150\" height=\"150\" src=\"https:\/\/cuernavaca.gob.mx\/wp-content\/uploads\/2025\/10\/CUERNAVACA-REVIVE-SU-ESPI\u0301RITU-LITERARIO-CON-LA-PRIMERA-FERIA-INTERNACIONAL-DEL-LIBRO-22MALCOLM-LOWRY22-4-150x150.jpg\" class=\"attachment-thumbnail size-thumbnail\" alt=\"\" loading=\"lazy\" \/><\/a>\n\t\t\t<\/dt><\/dl><dl class='gallery-item'>\n\t\t\t<dt class='gallery-icon landscape'>\n\t\t\t\t<a href='https:\/\/cuernavaca.gob.mx\/?attachment_id=53752'><img width=\"150\" height=\"150\" src=\"https:\/\/cuernavaca.gob.mx\/wp-content\/uploads\/2025\/10\/CUERNAVACA-REVIVE-SU-ESPI\u0301RITU-LITERARIO-CON-LA-PRIMERA-FERIA-INTERNACIONAL-DEL-LIBRO-22MALCOLM-LOWRY22-5-150x150.jpg\" class=\"attachment-thumbnail size-thumbnail\" alt=\"\" loading=\"lazy\" \/><\/a>\n\t\t\t<\/dt><\/dl><dl class='gallery-item'>\n\t\t\t<dt class='gallery-icon landscape'>\n\t\t\t\t<a href='https:\/\/cuernavaca.gob.mx\/?attachment_id=53753'><img width=\"150\" height=\"150\" src=\"https:\/\/cuernavaca.gob.mx\/wp-content\/uploads\/2025\/10\/CUERNAVACA-REVIVE-SU-ESPI\u0301RITU-LITERARIO-CON-LA-PRIMERA-FERIA-INTERNACIONAL-DEL-LIBRO-22MALCOLM-LOWRY22-6-150x150.jpg\" class=\"attachment-thumbnail size-thumbnail\" alt=\"\" loading=\"lazy\" \/><\/a>\n\t\t\t<\/dt><\/dl><br style=\"clear: both\" \/><dl class='gallery-item'>\n\t\t\t<dt class='gallery-icon landscape'>\n\t\t\t\t<a href='https:\/\/cuernavaca.gob.mx\/?attachment_id=53754'><img width=\"150\" height=\"150\" src=\"https:\/\/cuernavaca.gob.mx\/wp-content\/uploads\/2025\/10\/CUERNAVACA-REVIVE-SU-ESPI\u0301RITU-LITERARIO-CON-LA-PRIMERA-FERIA-INTERNACIONAL-DEL-LIBRO-22MALCOLM-LOWRY22-7-150x150.jpg\" class=\"attachment-thumbnail size-thumbnail\" alt=\"\" loading=\"lazy\" \/><\/a>\n\t\t\t<\/dt><\/dl><dl class='gallery-item'>\n\t\t\t<dt class='gallery-icon landscape'>\n\t\t\t\t<a href='https:\/\/cuernavaca.gob.mx\/?attachment_id=53755'><img width=\"150\" height=\"150\" src=\"https:\/\/cuernavaca.gob.mx\/wp-content\/uploads\/2025\/10\/CUERNAVACA-REVIVE-SU-ESPI\u0301RITU-LITERARIO-CON-LA-PRIMERA-FERIA-INTERNACIONAL-DEL-LIBRO-22MALCOLM-LOWRY22-8-150x150.jpg\" class=\"attachment-thumbnail size-thumbnail\" alt=\"\" loading=\"lazy\" \/><\/a>\n\t\t\t<\/dt><\/dl><dl class='gallery-item'>\n\t\t\t<dt class='gallery-icon landscape'>\n\t\t\t\t<a href='https:\/\/cuernavaca.gob.mx\/?attachment_id=53756'><img width=\"150\" height=\"150\" src=\"https:\/\/cuernavaca.gob.mx\/wp-content\/uploads\/2025\/10\/CUERNAVACA-REVIVE-SU-ESPI\u0301RITU-LITERARIO-CON-LA-PRIMERA-FERIA-INTERNACIONAL-DEL-LIBRO-22MALCOLM-LOWRY22-9-150x150.jpg\" class=\"attachment-thumbnail size-thumbnail\" alt=\"\" loading=\"lazy\" \/><\/a>\n\t\t\t<\/dt><\/dl><br style=\"clear: both\" \/><dl class='gallery-item'>\n\t\t\t<dt class='gallery-icon landscape'>\n\t\t\t\t<a href='https:\/\/cuernavaca.gob.mx\/?attachment_id=53757'><img width=\"150\" height=\"150\" src=\"https:\/\/cuernavaca.gob.mx\/wp-content\/uploads\/2025\/10\/CUERNAVACA-REVIVE-SU-ESPI\u0301RITU-LITERARIO-CON-LA-PRIMERA-FERIA-INTERNACIONAL-DEL-LIBRO-22MALCOLM-LOWRY22-10-150x150.jpg\" class=\"attachment-thumbnail size-thumbnail\" alt=\"\" loading=\"lazy\" \/><\/a>\n\t\t\t<\/dt><\/dl><dl class='gallery-item'>\n\t\t\t<dt class='gallery-icon landscape'>\n\t\t\t\t<a href='https:\/\/cuernavaca.gob.mx\/?attachment_id=53758'><img width=\"150\" height=\"150\" src=\"https:\/\/cuernavaca.gob.mx\/wp-content\/uploads\/2025\/10\/CUERNAVACA-REVIVE-SU-ESPI\u0301RITU-LITERARIO-CON-LA-PRIMERA-FERIA-INTERNACIONAL-DEL-LIBRO-22MALCOLM-LOWRY22-11-150x150.jpg\" class=\"attachment-thumbnail size-thumbnail\" alt=\"\" loading=\"lazy\" \/><\/a>\n\t\t\t<\/dt><\/dl><dl class='gallery-item'>\n\t\t\t<dt class='gallery-icon landscape'>\n\t\t\t\t<a href='https:\/\/cuernavaca.gob.mx\/?attachment_id=53759'><img width=\"150\" height=\"150\" src=\"https:\/\/cuernavaca.gob.mx\/wp-content\/uploads\/2025\/10\/CUERNAVACA-REVIVE-SU-ESPI\u0301RITU-LITERARIO-CON-LA-PRIMERA-FERIA-INTERNACIONAL-DEL-LIBRO-22MALCOLM-LOWRY22-12-150x150.jpg\" class=\"attachment-thumbnail size-thumbnail\" alt=\"\" loading=\"lazy\" \/><\/a>\n\t\t\t<\/dt><\/dl><br style=\"clear: both\" \/><dl class='gallery-item'>\n\t\t\t<dt class='gallery-icon landscape'>\n\t\t\t\t<a href='https:\/\/cuernavaca.gob.mx\/?attachment_id=53760'><img width=\"150\" height=\"150\" src=\"https:\/\/cuernavaca.gob.mx\/wp-content\/uploads\/2025\/10\/CUERNAVACA-REVIVE-SU-ESPI\u0301RITU-LITERARIO-CON-LA-PRIMERA-FERIA-INTERNACIONAL-DEL-LIBRO-22MALCOLM-LOWRY22-13-150x150.jpg\" class=\"attachment-thumbnail size-thumbnail\" alt=\"\" loading=\"lazy\" \/><\/a>\n\t\t\t<\/dt><\/dl><dl class='gallery-item'>\n\t\t\t<dt class='gallery-icon landscape'>\n\t\t\t\t<a href='https:\/\/cuernavaca.gob.mx\/?attachment_id=53761'><img width=\"150\" height=\"150\" src=\"https:\/\/cuernavaca.gob.mx\/wp-content\/uploads\/2025\/10\/CUERNAVACA-REVIVE-SU-ESPI\u0301RITU-LITERARIO-CON-LA-PRIMERA-FERIA-INTERNACIONAL-DEL-LIBRO-22MALCOLM-LOWRY22-14-150x150.jpg\" class=\"attachment-thumbnail size-thumbnail\" alt=\"\" loading=\"lazy\" \/><\/a>\n\t\t\t<\/dt><\/dl><dl class='gallery-item'>\n\t\t\t<dt class='gallery-icon landscape'>\n\t\t\t\t<a href='https:\/\/cuernavaca.gob.mx\/?attachment_id=53762'><img width=\"150\" height=\"150\" src=\"https:\/\/cuernavaca.gob.mx\/wp-content\/uploads\/2025\/10\/CUERNAVACA-REVIVE-SU-ESPI\u0301RITU-LITERARIO-CON-LA-PRIMERA-FERIA-INTERNACIONAL-DEL-LIBRO-22MALCOLM-LOWRY22-15-150x150.jpg\" class=\"attachment-thumbnail size-thumbnail\" alt=\"\" loading=\"lazy\" \/><\/a>\n\t\t\t<\/dt><\/dl><br style=\"clear: both\" \/><dl class='gallery-item'>\n\t\t\t<dt class='gallery-icon landscape'>\n\t\t\t\t<a href='https:\/\/cuernavaca.gob.mx\/?attachment_id=53763'><img width=\"150\" height=\"150\" src=\"https:\/\/cuernavaca.gob.mx\/wp-content\/uploads\/2025\/10\/CUERNAVACA-REVIVE-SU-ESPI\u0301RITU-LITERARIO-CON-LA-PRIMERA-FERIA-INTERNACIONAL-DEL-LIBRO-22MALCOLM-LOWRY22-16-150x150.jpg\" class=\"attachment-thumbnail size-thumbnail\" alt=\"\" loading=\"lazy\" \/><\/a>\n\t\t\t<\/dt><\/dl><dl class='gallery-item'>\n\t\t\t<dt class='gallery-icon landscape'>\n\t\t\t\t<a href='https:\/\/cuernavaca.gob.mx\/?attachment_id=53764'><img width=\"150\" height=\"150\" src=\"https:\/\/cuernavaca.gob.mx\/wp-content\/uploads\/2025\/10\/CUERNAVACA-REVIVE-SU-ESPI\u0301RITU-LITERARIO-CON-LA-PRIMERA-FERIA-INTERNACIONAL-DEL-LIBRO-22MALCOLM-LOWRY22-17-150x150.jpg\" class=\"attachment-thumbnail size-thumbnail\" alt=\"\" loading=\"lazy\" \/><\/a>\n\t\t\t<\/dt><\/dl><dl class='gallery-item'>\n\t\t\t<dt class='gallery-icon landscape'>\n\t\t\t\t<a href='https:\/\/cuernavaca.gob.mx\/?attachment_id=53765'><img width=\"150\" height=\"150\" src=\"https:\/\/cuernavaca.gob.mx\/wp-content\/uploads\/2025\/10\/CUERNAVACA-REVIVE-SU-ESPI\u0301RITU-LITERARIO-CON-LA-PRIMERA-FERIA-INTERNACIONAL-DEL-LIBRO-22MALCOLM-LOWRY22-19-150x150.jpg\" class=\"attachment-thumbnail size-thumbnail\" alt=\"\" loading=\"lazy\" \/><\/a>\n\t\t\t<\/dt><\/dl><br style=\"clear: both\" \/>\n\t\t<\/div>\n\n","protected":false},"excerpt":{"rendered":"<p>* Este fin de semana la capital morelense se convierte en punto de encuentro para la literatura, el arte y la cultura * Participan m\u00e1s de 35 editoriales, escritores y artistas Cuernavaca es escenario de un acontecimiento sin precedentes: la primera Feria Internacional del Libro (FIL) &#8220;Malcolm Lowry\u201d, organizada por el Ayuntamiento de Cuernavaca, encabezado [&hellip;]<\/p>\n","protected":false},"author":1,"featured_media":53751,"comment_status":"closed","ping_status":"open","sticky":false,"template":"","format":"standard","meta":[],"categories":[3090],"tags":[121,4250,4063],"aioseo_notices":[],"_links":{"self":[{"href":"https:\/\/cuernavaca.gob.mx\/index.php?rest_route=\/wp\/v2\/posts\/53747"}],"collection":[{"href":"https:\/\/cuernavaca.gob.mx\/index.php?rest_route=\/wp\/v2\/posts"}],"about":[{"href":"https:\/\/cuernavaca.gob.mx\/index.php?rest_route=\/wp\/v2\/types\/post"}],"author":[{"embeddable":true,"href":"https:\/\/cuernavaca.gob.mx\/index.php?rest_route=\/wp\/v2\/users\/1"}],"replies":[{"embeddable":true,"href":"https:\/\/cuernavaca.gob.mx\/index.php?rest_route=%2Fwp%2Fv2%2Fcomments&post=53747"}],"version-history":[{"count":1,"href":"https:\/\/cuernavaca.gob.mx\/index.php?rest_route=\/wp\/v2\/posts\/53747\/revisions"}],"predecessor-version":[{"id":53766,"href":"https:\/\/cuernavaca.gob.mx\/index.php?rest_route=\/wp\/v2\/posts\/53747\/revisions\/53766"}],"wp:featuredmedia":[{"embeddable":true,"href":"https:\/\/cuernavaca.gob.mx\/index.php?rest_route=\/wp\/v2\/media\/53751"}],"wp:attachment":[{"href":"https:\/\/cuernavaca.gob.mx\/index.php?rest_route=%2Fwp%2Fv2%2Fmedia&parent=53747"}],"wp:term":[{"taxonomy":"category","embeddable":true,"href":"https:\/\/cuernavaca.gob.mx\/index.php?rest_route=%2Fwp%2Fv2%2Fcategories&post=53747"},{"taxonomy":"post_tag","embeddable":true,"href":"https:\/\/cuernavaca.gob.mx\/index.php?rest_route=%2Fwp%2Fv2%2Ftags&post=53747"}],"curies":[{"name":"wp","href":"https:\/\/api.w.org\/{rel}","templated":true}]}}