{"id":53767,"date":"2025-10-18T16:01:42","date_gmt":"2025-10-18T22:01:42","guid":{"rendered":"https:\/\/cuernavaca.gob.mx\/?p=53767"},"modified":"2025-10-19T22:46:28","modified_gmt":"2025-10-20T04:46:28","slug":"b662-18-10-25-detiene-seprac-a-presuntos-responsables-de-robo-de-vehiculo-con-violencia-en-santa-maria-ahuacatitlan","status":"publish","type":"post","link":"https:\/\/cuernavaca.gob.mx\/?p=53767","title":{"rendered":"B662 18\/10\/25 DETIENE SEPRAC A PRESUNTOS RESPONSABLES DE ROBO DE VEH\u00cdCULO CON VIOLENCIA EN SANTA MAR\u00cdA AHUACATITL\u00c1N"},"content":{"rendered":"<p><strong>La Secretar\u00eda de Protecci\u00f3n y Auxilio Ciudadano (SEPRAC) informa sobre la detenci\u00f3n de tres personas presuntamente responsables del robo con violencia de un veh\u00edculo, registrado en la colonia Santa Mar\u00eda Ahuacatitl\u00e1n.<\/strong><\/p>\n<p>Gracias a la pronta respuesta de las unidades operativas y al reporte emitido por C5, se activ\u00f3 un operativo de seguimiento coordinado a trav\u00e9s del C4, que permiti\u00f3 ubicar a los presuntos responsables.<\/p>\n<p>Los hechos ocurrieron cuando la v\u00edctima se dirig\u00eda a su domicilio y fue interceptada por un veh\u00edculo Volkswagen Bora, color blanco, en el que viajaban tres hombres. Los agresores lo despojaron de un taxi marca Nissan, tipo Tsuru, color blanco, con placas A-061-LTM y n\u00famero de serie 3N1EB31S2GK329368.<\/p>\n<p>Derivado del seguimiento, se logr\u00f3 la localizaci\u00f3n y detenci\u00f3n de los presuntos responsables sobre la carretera federal Cuernavaca-M\u00e9xico, quienes al notar la presencia policial intentaron huir y se deshicieron de un arma de fuego.<\/p>\n<p>Los detenidos fueron identificados como:<br \/>\n* Jossuhua Yanu \u201cN\u201d, de 22 a\u00f1os<br \/>\n* Alejandro \u201cN\u201d, de 28 a\u00f1os<br \/>\n* Jos\u00e9 Mar\u00eda \u201cN\u201d, de 20 a\u00f1os<\/p>\n<p>Cabe se\u00f1alar que, en otro hecho, se report\u00f3 el robo de un veh\u00edculo Tsuru blanco en la misma colonia, cuyo modus operandi apunta a una posible relaci\u00f3n con los mismos individuos.<\/p>\n<p>Los tres sujetos fueron puestos a disposici\u00f3n del Ministerio P\u00fablico, quien determinar\u00e1 su situaci\u00f3n jur\u00eddica.<\/p>\n<p>La SEPRAC reafirma su compromiso con la seguridad de la ciudadan\u00eda y exhorta a la poblaci\u00f3n a reportar cualquier actividad sospechosa al n\u00famero de emergencias 777 312 12 74.<\/p>\n\n\t\t<style type=\"text\/css\">\n\t\t\t#gallery-1 {\n\t\t\t\tmargin: auto;\n\t\t\t}\n\t\t\t#gallery-1 .gallery-item {\n\t\t\t\tfloat: left;\n\t\t\t\tmargin-top: 10px;\n\t\t\t\ttext-align: center;\n\t\t\t\twidth: 33%;\n\t\t\t}\n\t\t\t#gallery-1 img {\n\t\t\t\tborder: 2px solid #cfcfcf;\n\t\t\t}\n\t\t\t#gallery-1 .gallery-caption {\n\t\t\t\tmargin-left: 0;\n\t\t\t}\n\t\t\t\/* see gallery_shortcode() in wp-includes\/media.php *\/\n\t\t<\/style>\n\t\t<div id='gallery-1' class='gallery galleryid-53767 gallery-columns-3 gallery-size-thumbnail'><dl class='gallery-item'>\n\t\t\t<dt class='gallery-icon landscape'>\n\t\t\t\t<a href='https:\/\/cuernavaca.gob.mx\/?attachment_id=53768'><img width=\"150\" height=\"150\" src=\"https:\/\/cuernavaca.gob.mx\/wp-content\/uploads\/2025\/10\/DETIENE-SEPRAC-A-PRESUNTOS-RESPONSABLES-DE-ROBO-DE-VEHI\u0301CULO-CON-VIOLENCIA-EN-SANTA-MARI\u0301A-AHUACATITLA\u0301N-1-150x150.jpg\" class=\"attachment-thumbnail size-thumbnail\" alt=\"\" loading=\"lazy\" srcset=\"https:\/\/cuernavaca.gob.mx\/wp-content\/uploads\/2025\/10\/DETIENE-SEPRAC-A-PRESUNTOS-RESPONSABLES-DE-ROBO-DE-VEHI\u0301CULO-CON-VIOLENCIA-EN-SANTA-MARI\u0301A-AHUACATITLA\u0301N-1-150x150.jpg 150w, https:\/\/cuernavaca.gob.mx\/wp-content\/uploads\/2025\/10\/DETIENE-SEPRAC-A-PRESUNTOS-RESPONSABLES-DE-ROBO-DE-VEHI\u0301CULO-CON-VIOLENCIA-EN-SANTA-MARI\u0301A-AHUACATITLA\u0301N-1-300x300.jpg 300w, https:\/\/cuernavaca.gob.mx\/wp-content\/uploads\/2025\/10\/DETIENE-SEPRAC-A-PRESUNTOS-RESPONSABLES-DE-ROBO-DE-VEHI\u0301CULO-CON-VIOLENCIA-EN-SANTA-MARI\u0301A-AHUACATITLA\u0301N-1-1024x1024.jpg 1024w, https:\/\/cuernavaca.gob.mx\/wp-content\/uploads\/2025\/10\/DETIENE-SEPRAC-A-PRESUNTOS-RESPONSABLES-DE-ROBO-DE-VEHI\u0301CULO-CON-VIOLENCIA-EN-SANTA-MARI\u0301A-AHUACATITLA\u0301N-1-768x768.jpg 768w, https:\/\/cuernavaca.gob.mx\/wp-content\/uploads\/2025\/10\/DETIENE-SEPRAC-A-PRESUNTOS-RESPONSABLES-DE-ROBO-DE-VEHI\u0301CULO-CON-VIOLENCIA-EN-SANTA-MARI\u0301A-AHUACATITLA\u0301N-1-1536x1536.jpg 1536w, https:\/\/cuernavaca.gob.mx\/wp-content\/uploads\/2025\/10\/DETIENE-SEPRAC-A-PRESUNTOS-RESPONSABLES-DE-ROBO-DE-VEHI\u0301CULO-CON-VIOLENCIA-EN-SANTA-MARI\u0301A-AHUACATITLA\u0301N-1-600x600.jpg 600w, https:\/\/cuernavaca.gob.mx\/wp-content\/uploads\/2025\/10\/DETIENE-SEPRAC-A-PRESUNTOS-RESPONSABLES-DE-ROBO-DE-VEHI\u0301CULO-CON-VIOLENCIA-EN-SANTA-MARI\u0301A-AHUACATITLA\u0301N-1-560x560.jpg 560w, https:\/\/cuernavaca.gob.mx\/wp-content\/uploads\/2025\/10\/DETIENE-SEPRAC-A-PRESUNTOS-RESPONSABLES-DE-ROBO-DE-VEHI\u0301CULO-CON-VIOLENCIA-EN-SANTA-MARI\u0301A-AHUACATITLA\u0301N-1.jpg 1600w\" sizes=\"(max-width: 150px) 100vw, 150px\" \/><\/a>\n\t\t\t<\/dt><\/dl><dl class='gallery-item'>\n\t\t\t<dt class='gallery-icon landscape'>\n\t\t\t\t<a href='https:\/\/cuernavaca.gob.mx\/?attachment_id=53769'><img width=\"150\" height=\"150\" src=\"https:\/\/cuernavaca.gob.mx\/wp-content\/uploads\/2025\/10\/DETIENE-SEPRAC-A-PRESUNTOS-RESPONSABLES-DE-ROBO-DE-VEHI\u0301CULO-CON-VIOLENCIA-EN-SANTA-MARI\u0301A-AHUACATITLA\u0301N-2-150x150.jpg\" class=\"attachment-thumbnail size-thumbnail\" alt=\"\" loading=\"lazy\" srcset=\"https:\/\/cuernavaca.gob.mx\/wp-content\/uploads\/2025\/10\/DETIENE-SEPRAC-A-PRESUNTOS-RESPONSABLES-DE-ROBO-DE-VEHI\u0301CULO-CON-VIOLENCIA-EN-SANTA-MARI\u0301A-AHUACATITLA\u0301N-2-150x150.jpg 150w, https:\/\/cuernavaca.gob.mx\/wp-content\/uploads\/2025\/10\/DETIENE-SEPRAC-A-PRESUNTOS-RESPONSABLES-DE-ROBO-DE-VEHI\u0301CULO-CON-VIOLENCIA-EN-SANTA-MARI\u0301A-AHUACATITLA\u0301N-2-300x300.jpg 300w, https:\/\/cuernavaca.gob.mx\/wp-content\/uploads\/2025\/10\/DETIENE-SEPRAC-A-PRESUNTOS-RESPONSABLES-DE-ROBO-DE-VEHI\u0301CULO-CON-VIOLENCIA-EN-SANTA-MARI\u0301A-AHUACATITLA\u0301N-2-1024x1024.jpg 1024w, https:\/\/cuernavaca.gob.mx\/wp-content\/uploads\/2025\/10\/DETIENE-SEPRAC-A-PRESUNTOS-RESPONSABLES-DE-ROBO-DE-VEHI\u0301CULO-CON-VIOLENCIA-EN-SANTA-MARI\u0301A-AHUACATITLA\u0301N-2-768x768.jpg 768w, https:\/\/cuernavaca.gob.mx\/wp-content\/uploads\/2025\/10\/DETIENE-SEPRAC-A-PRESUNTOS-RESPONSABLES-DE-ROBO-DE-VEHI\u0301CULO-CON-VIOLENCIA-EN-SANTA-MARI\u0301A-AHUACATITLA\u0301N-2-1536x1536.jpg 1536w, https:\/\/cuernavaca.gob.mx\/wp-content\/uploads\/2025\/10\/DETIENE-SEPRAC-A-PRESUNTOS-RESPONSABLES-DE-ROBO-DE-VEHI\u0301CULO-CON-VIOLENCIA-EN-SANTA-MARI\u0301A-AHUACATITLA\u0301N-2-600x600.jpg 600w, https:\/\/cuernavaca.gob.mx\/wp-content\/uploads\/2025\/10\/DETIENE-SEPRAC-A-PRESUNTOS-RESPONSABLES-DE-ROBO-DE-VEHI\u0301CULO-CON-VIOLENCIA-EN-SANTA-MARI\u0301A-AHUACATITLA\u0301N-2-560x560.jpg 560w, https:\/\/cuernavaca.gob.mx\/wp-content\/uploads\/2025\/10\/DETIENE-SEPRAC-A-PRESUNTOS-RESPONSABLES-DE-ROBO-DE-VEHI\u0301CULO-CON-VIOLENCIA-EN-SANTA-MARI\u0301A-AHUACATITLA\u0301N-2.jpg 1600w\" sizes=\"(max-width: 150px) 100vw, 150px\" \/><\/a>\n\t\t\t<\/dt><\/dl><dl class='gallery-item'>\n\t\t\t<dt class='gallery-icon landscape'>\n\t\t\t\t<a href='https:\/\/cuernavaca.gob.mx\/?attachment_id=53770'><img width=\"150\" height=\"150\" src=\"https:\/\/cuernavaca.gob.mx\/wp-content\/uploads\/2025\/10\/DETIENE-SEPRAC-A-PRESUNTOS-RESPONSABLES-DE-ROBO-DE-VEHI\u0301CULO-CON-VIOLENCIA-EN-SANTA-MARI\u0301A-AHUACATITLA\u0301N-3-150x150.jpg\" class=\"attachment-thumbnail size-thumbnail\" alt=\"\" loading=\"lazy\" \/><\/a>\n\t\t\t<\/dt><\/dl><br style=\"clear: both\" \/>\n\t\t<\/div>\n\n","protected":false},"excerpt":{"rendered":"<p>La Secretar\u00eda de Protecci\u00f3n y Auxilio Ciudadano (SEPRAC) informa sobre la detenci\u00f3n de tres personas presuntamente responsables del robo con violencia de un veh\u00edculo, registrado en la colonia Santa Mar\u00eda Ahuacatitl\u00e1n. Gracias a la pronta respuesta de las unidades operativas y al reporte emitido por C5, se activ\u00f3 un operativo de seguimiento coordinado a trav\u00e9s [&hellip;]<\/p>\n","protected":false},"author":1,"featured_media":53770,"comment_status":"closed","ping_status":"open","sticky":false,"template":"","format":"standard","meta":[],"categories":[17],"tags":[121,4251,120,125],"aioseo_notices":[],"_links":{"self":[{"href":"https:\/\/cuernavaca.gob.mx\/index.php?rest_route=\/wp\/v2\/posts\/53767"}],"collection":[{"href":"https:\/\/cuernavaca.gob.mx\/index.php?rest_route=\/wp\/v2\/posts"}],"about":[{"href":"https:\/\/cuernavaca.gob.mx\/index.php?rest_route=\/wp\/v2\/types\/post"}],"author":[{"embeddable":true,"href":"https:\/\/cuernavaca.gob.mx\/index.php?rest_route=\/wp\/v2\/users\/1"}],"replies":[{"embeddable":true,"href":"https:\/\/cuernavaca.gob.mx\/index.php?rest_route=%2Fwp%2Fv2%2Fcomments&post=53767"}],"version-history":[{"count":1,"href":"https:\/\/cuernavaca.gob.mx\/index.php?rest_route=\/wp\/v2\/posts\/53767\/revisions"}],"predecessor-version":[{"id":53771,"href":"https:\/\/cuernavaca.gob.mx\/index.php?rest_route=\/wp\/v2\/posts\/53767\/revisions\/53771"}],"wp:featuredmedia":[{"embeddable":true,"href":"https:\/\/cuernavaca.gob.mx\/index.php?rest_route=\/wp\/v2\/media\/53770"}],"wp:attachment":[{"href":"https:\/\/cuernavaca.gob.mx\/index.php?rest_route=%2Fwp%2Fv2%2Fmedia&parent=53767"}],"wp:term":[{"taxonomy":"category","embeddable":true,"href":"https:\/\/cuernavaca.gob.mx\/index.php?rest_route=%2Fwp%2Fv2%2Fcategories&post=53767"},{"taxonomy":"post_tag","embeddable":true,"href":"https:\/\/cuernavaca.gob.mx\/index.php?rest_route=%2Fwp%2Fv2%2Ftags&post=53767"}],"curies":[{"name":"wp","href":"https:\/\/api.w.org\/{rel}","templated":true}]}}