{"id":53776,"date":"2025-10-19T10:31:21","date_gmt":"2025-10-19T16:31:21","guid":{"rendered":"https:\/\/cuernavaca.gob.mx\/?p=53776"},"modified":"2025-10-19T22:51:53","modified_gmt":"2025-10-20T04:51:53","slug":"f95-19-10-25-por-ti-por-todas-un-chequeo-a-tiempo-puede-cambiar-la-historia","status":"publish","type":"post","link":"https:\/\/cuernavaca.gob.mx\/?p=53776","title":{"rendered":"F95 19\/10\/25 POR TI, POR TODAS, UN CHEQUEO A TIEMPO PUEDE CAMBIAR LA HISTORIA"},"content":{"rendered":"<p>En el marco del 19 de octubre, D\u00eda Internacional de la Lucha contra el C\u00e1ncer de Mama, el Instituto de la Mujer de Cuernavaca (IMC) refuerza su compromiso con la prevenci\u00f3n, la detecci\u00f3n oportuna y la promoci\u00f3n de la salud integral de las mujeres.<\/p>\n<p>As\u00ed lo expres\u00f3 la directora del IMC, Lorena Elizabeth Castillo, quien agreg\u00f3 que, durante este Mes Rosa, compa\u00f1eras del equipo del Instituto participaron en una campa\u00f1a visual con mensajes que promueven la autoexploraci\u00f3n mamaria, los chequeos m\u00e9dicos regulares y la importancia de adoptar h\u00e1bitos saludables.<\/p>\n<p>Esta iniciativa, indic\u00f3, busca generar conciencia sobre la relevancia de actuar a tiempo ante una enfermedad que, detectada en etapas iniciales, puede alcanzar una tasa de supervivencia de hasta el 95 %, seg\u00fan datos de la Organizaci\u00f3n Mundial de la Salud (OMS) y la Secretar\u00eda de Salud de M\u00e9xico.<\/p>\n\n\t\t<style type=\"text\/css\">\n\t\t\t#gallery-1 {\n\t\t\t\tmargin: auto;\n\t\t\t}\n\t\t\t#gallery-1 .gallery-item {\n\t\t\t\tfloat: left;\n\t\t\t\tmargin-top: 10px;\n\t\t\t\ttext-align: center;\n\t\t\t\twidth: 33%;\n\t\t\t}\n\t\t\t#gallery-1 img {\n\t\t\t\tborder: 2px solid #cfcfcf;\n\t\t\t}\n\t\t\t#gallery-1 .gallery-caption {\n\t\t\t\tmargin-left: 0;\n\t\t\t}\n\t\t\t\/* see gallery_shortcode() in wp-includes\/media.php *\/\n\t\t<\/style>\n\t\t<div id='gallery-1' class='gallery galleryid-53776 gallery-columns-3 gallery-size-thumbnail'><dl class='gallery-item'>\n\t\t\t<dt class='gallery-icon landscape'>\n\t\t\t\t<a href='https:\/\/cuernavaca.gob.mx\/?attachment_id=53777'><img width=\"150\" height=\"150\" src=\"https:\/\/cuernavaca.gob.mx\/wp-content\/uploads\/2025\/10\/POR-TI-POR-TODAS-UN-CHEQUEO-A-TIEMPO-PUEDE-CAMBIAR-LA-HISTORIA-1-150x150.jpg\" class=\"attachment-thumbnail size-thumbnail\" alt=\"\" loading=\"lazy\" srcset=\"https:\/\/cuernavaca.gob.mx\/wp-content\/uploads\/2025\/10\/POR-TI-POR-TODAS-UN-CHEQUEO-A-TIEMPO-PUEDE-CAMBIAR-LA-HISTORIA-1-150x150.jpg 150w, https:\/\/cuernavaca.gob.mx\/wp-content\/uploads\/2025\/10\/POR-TI-POR-TODAS-UN-CHEQUEO-A-TIEMPO-PUEDE-CAMBIAR-LA-HISTORIA-1-300x300.jpg 300w, https:\/\/cuernavaca.gob.mx\/wp-content\/uploads\/2025\/10\/POR-TI-POR-TODAS-UN-CHEQUEO-A-TIEMPO-PUEDE-CAMBIAR-LA-HISTORIA-1-1024x1024.jpg 1024w, https:\/\/cuernavaca.gob.mx\/wp-content\/uploads\/2025\/10\/POR-TI-POR-TODAS-UN-CHEQUEO-A-TIEMPO-PUEDE-CAMBIAR-LA-HISTORIA-1-768x768.jpg 768w, https:\/\/cuernavaca.gob.mx\/wp-content\/uploads\/2025\/10\/POR-TI-POR-TODAS-UN-CHEQUEO-A-TIEMPO-PUEDE-CAMBIAR-LA-HISTORIA-1-1536x1536.jpg 1536w, https:\/\/cuernavaca.gob.mx\/wp-content\/uploads\/2025\/10\/POR-TI-POR-TODAS-UN-CHEQUEO-A-TIEMPO-PUEDE-CAMBIAR-LA-HISTORIA-1-600x600.jpg 600w, https:\/\/cuernavaca.gob.mx\/wp-content\/uploads\/2025\/10\/POR-TI-POR-TODAS-UN-CHEQUEO-A-TIEMPO-PUEDE-CAMBIAR-LA-HISTORIA-1-560x560.jpg 560w, https:\/\/cuernavaca.gob.mx\/wp-content\/uploads\/2025\/10\/POR-TI-POR-TODAS-UN-CHEQUEO-A-TIEMPO-PUEDE-CAMBIAR-LA-HISTORIA-1.jpg 1600w\" sizes=\"(max-width: 150px) 100vw, 150px\" \/><\/a>\n\t\t\t<\/dt><\/dl><dl class='gallery-item'>\n\t\t\t<dt class='gallery-icon landscape'>\n\t\t\t\t<a href='https:\/\/cuernavaca.gob.mx\/?attachment_id=53778'><img width=\"150\" height=\"150\" src=\"https:\/\/cuernavaca.gob.mx\/wp-content\/uploads\/2025\/10\/POR-TI-POR-TODAS-UN-CHEQUEO-A-TIEMPO-PUEDE-CAMBIAR-LA-HISTORIA-2-150x150.jpg\" class=\"attachment-thumbnail size-thumbnail\" alt=\"\" loading=\"lazy\" srcset=\"https:\/\/cuernavaca.gob.mx\/wp-content\/uploads\/2025\/10\/POR-TI-POR-TODAS-UN-CHEQUEO-A-TIEMPO-PUEDE-CAMBIAR-LA-HISTORIA-2-150x150.jpg 150w, https:\/\/cuernavaca.gob.mx\/wp-content\/uploads\/2025\/10\/POR-TI-POR-TODAS-UN-CHEQUEO-A-TIEMPO-PUEDE-CAMBIAR-LA-HISTORIA-2-300x300.jpg 300w, https:\/\/cuernavaca.gob.mx\/wp-content\/uploads\/2025\/10\/POR-TI-POR-TODAS-UN-CHEQUEO-A-TIEMPO-PUEDE-CAMBIAR-LA-HISTORIA-2-1024x1024.jpg 1024w, https:\/\/cuernavaca.gob.mx\/wp-content\/uploads\/2025\/10\/POR-TI-POR-TODAS-UN-CHEQUEO-A-TIEMPO-PUEDE-CAMBIAR-LA-HISTORIA-2-768x768.jpg 768w, https:\/\/cuernavaca.gob.mx\/wp-content\/uploads\/2025\/10\/POR-TI-POR-TODAS-UN-CHEQUEO-A-TIEMPO-PUEDE-CAMBIAR-LA-HISTORIA-2-1536x1536.jpg 1536w, https:\/\/cuernavaca.gob.mx\/wp-content\/uploads\/2025\/10\/POR-TI-POR-TODAS-UN-CHEQUEO-A-TIEMPO-PUEDE-CAMBIAR-LA-HISTORIA-2-600x600.jpg 600w, https:\/\/cuernavaca.gob.mx\/wp-content\/uploads\/2025\/10\/POR-TI-POR-TODAS-UN-CHEQUEO-A-TIEMPO-PUEDE-CAMBIAR-LA-HISTORIA-2-560x560.jpg 560w, https:\/\/cuernavaca.gob.mx\/wp-content\/uploads\/2025\/10\/POR-TI-POR-TODAS-UN-CHEQUEO-A-TIEMPO-PUEDE-CAMBIAR-LA-HISTORIA-2.jpg 1600w\" sizes=\"(max-width: 150px) 100vw, 150px\" \/><\/a>\n\t\t\t<\/dt><\/dl><dl class='gallery-item'>\n\t\t\t<dt class='gallery-icon landscape'>\n\t\t\t\t<a href='https:\/\/cuernavaca.gob.mx\/?attachment_id=53779'><img width=\"150\" height=\"150\" src=\"https:\/\/cuernavaca.gob.mx\/wp-content\/uploads\/2025\/10\/POR-TI-POR-TODAS-UN-CHEQUEO-A-TIEMPO-PUEDE-CAMBIAR-LA-HISTORIA-3-150x150.jpg\" class=\"attachment-thumbnail size-thumbnail\" alt=\"\" loading=\"lazy\" srcset=\"https:\/\/cuernavaca.gob.mx\/wp-content\/uploads\/2025\/10\/POR-TI-POR-TODAS-UN-CHEQUEO-A-TIEMPO-PUEDE-CAMBIAR-LA-HISTORIA-3-150x150.jpg 150w, https:\/\/cuernavaca.gob.mx\/wp-content\/uploads\/2025\/10\/POR-TI-POR-TODAS-UN-CHEQUEO-A-TIEMPO-PUEDE-CAMBIAR-LA-HISTORIA-3-300x300.jpg 300w, https:\/\/cuernavaca.gob.mx\/wp-content\/uploads\/2025\/10\/POR-TI-POR-TODAS-UN-CHEQUEO-A-TIEMPO-PUEDE-CAMBIAR-LA-HISTORIA-3-1024x1024.jpg 1024w, https:\/\/cuernavaca.gob.mx\/wp-content\/uploads\/2025\/10\/POR-TI-POR-TODAS-UN-CHEQUEO-A-TIEMPO-PUEDE-CAMBIAR-LA-HISTORIA-3-768x768.jpg 768w, https:\/\/cuernavaca.gob.mx\/wp-content\/uploads\/2025\/10\/POR-TI-POR-TODAS-UN-CHEQUEO-A-TIEMPO-PUEDE-CAMBIAR-LA-HISTORIA-3-1536x1536.jpg 1536w, https:\/\/cuernavaca.gob.mx\/wp-content\/uploads\/2025\/10\/POR-TI-POR-TODAS-UN-CHEQUEO-A-TIEMPO-PUEDE-CAMBIAR-LA-HISTORIA-3-600x600.jpg 600w, https:\/\/cuernavaca.gob.mx\/wp-content\/uploads\/2025\/10\/POR-TI-POR-TODAS-UN-CHEQUEO-A-TIEMPO-PUEDE-CAMBIAR-LA-HISTORIA-3-560x560.jpg 560w, https:\/\/cuernavaca.gob.mx\/wp-content\/uploads\/2025\/10\/POR-TI-POR-TODAS-UN-CHEQUEO-A-TIEMPO-PUEDE-CAMBIAR-LA-HISTORIA-3.jpg 1600w\" sizes=\"(max-width: 150px) 100vw, 150px\" \/><\/a>\n\t\t\t<\/dt><\/dl><br style=\"clear: both\" \/><dl class='gallery-item'>\n\t\t\t<dt class='gallery-icon landscape'>\n\t\t\t\t<a href='https:\/\/cuernavaca.gob.mx\/?attachment_id=53780'><img width=\"150\" height=\"150\" src=\"https:\/\/cuernavaca.gob.mx\/wp-content\/uploads\/2025\/10\/POR-TI-POR-TODAS-UN-CHEQUEO-A-TIEMPO-PUEDE-CAMBIAR-LA-HISTORIA-4-150x150.jpg\" class=\"attachment-thumbnail size-thumbnail\" alt=\"\" loading=\"lazy\" srcset=\"https:\/\/cuernavaca.gob.mx\/wp-content\/uploads\/2025\/10\/POR-TI-POR-TODAS-UN-CHEQUEO-A-TIEMPO-PUEDE-CAMBIAR-LA-HISTORIA-4-150x150.jpg 150w, https:\/\/cuernavaca.gob.mx\/wp-content\/uploads\/2025\/10\/POR-TI-POR-TODAS-UN-CHEQUEO-A-TIEMPO-PUEDE-CAMBIAR-LA-HISTORIA-4-300x300.jpg 300w, https:\/\/cuernavaca.gob.mx\/wp-content\/uploads\/2025\/10\/POR-TI-POR-TODAS-UN-CHEQUEO-A-TIEMPO-PUEDE-CAMBIAR-LA-HISTORIA-4-1024x1024.jpg 1024w, https:\/\/cuernavaca.gob.mx\/wp-content\/uploads\/2025\/10\/POR-TI-POR-TODAS-UN-CHEQUEO-A-TIEMPO-PUEDE-CAMBIAR-LA-HISTORIA-4-768x768.jpg 768w, https:\/\/cuernavaca.gob.mx\/wp-content\/uploads\/2025\/10\/POR-TI-POR-TODAS-UN-CHEQUEO-A-TIEMPO-PUEDE-CAMBIAR-LA-HISTORIA-4-1536x1536.jpg 1536w, https:\/\/cuernavaca.gob.mx\/wp-content\/uploads\/2025\/10\/POR-TI-POR-TODAS-UN-CHEQUEO-A-TIEMPO-PUEDE-CAMBIAR-LA-HISTORIA-4-600x600.jpg 600w, https:\/\/cuernavaca.gob.mx\/wp-content\/uploads\/2025\/10\/POR-TI-POR-TODAS-UN-CHEQUEO-A-TIEMPO-PUEDE-CAMBIAR-LA-HISTORIA-4-560x560.jpg 560w, https:\/\/cuernavaca.gob.mx\/wp-content\/uploads\/2025\/10\/POR-TI-POR-TODAS-UN-CHEQUEO-A-TIEMPO-PUEDE-CAMBIAR-LA-HISTORIA-4.jpg 1600w\" sizes=\"(max-width: 150px) 100vw, 150px\" \/><\/a>\n\t\t\t<\/dt><\/dl><dl class='gallery-item'>\n\t\t\t<dt class='gallery-icon landscape'>\n\t\t\t\t<a href='https:\/\/cuernavaca.gob.mx\/?attachment_id=53781'><img width=\"150\" height=\"150\" src=\"https:\/\/cuernavaca.gob.mx\/wp-content\/uploads\/2025\/10\/POR-TI-POR-TODAS-UN-CHEQUEO-A-TIEMPO-PUEDE-CAMBIAR-LA-HISTORIA-5-150x150.jpg\" class=\"attachment-thumbnail size-thumbnail\" alt=\"\" loading=\"lazy\" srcset=\"https:\/\/cuernavaca.gob.mx\/wp-content\/uploads\/2025\/10\/POR-TI-POR-TODAS-UN-CHEQUEO-A-TIEMPO-PUEDE-CAMBIAR-LA-HISTORIA-5-150x150.jpg 150w, https:\/\/cuernavaca.gob.mx\/wp-content\/uploads\/2025\/10\/POR-TI-POR-TODAS-UN-CHEQUEO-A-TIEMPO-PUEDE-CAMBIAR-LA-HISTORIA-5-300x300.jpg 300w, https:\/\/cuernavaca.gob.mx\/wp-content\/uploads\/2025\/10\/POR-TI-POR-TODAS-UN-CHEQUEO-A-TIEMPO-PUEDE-CAMBIAR-LA-HISTORIA-5-1024x1024.jpg 1024w, https:\/\/cuernavaca.gob.mx\/wp-content\/uploads\/2025\/10\/POR-TI-POR-TODAS-UN-CHEQUEO-A-TIEMPO-PUEDE-CAMBIAR-LA-HISTORIA-5-768x768.jpg 768w, https:\/\/cuernavaca.gob.mx\/wp-content\/uploads\/2025\/10\/POR-TI-POR-TODAS-UN-CHEQUEO-A-TIEMPO-PUEDE-CAMBIAR-LA-HISTORIA-5-1536x1536.jpg 1536w, https:\/\/cuernavaca.gob.mx\/wp-content\/uploads\/2025\/10\/POR-TI-POR-TODAS-UN-CHEQUEO-A-TIEMPO-PUEDE-CAMBIAR-LA-HISTORIA-5-600x600.jpg 600w, https:\/\/cuernavaca.gob.mx\/wp-content\/uploads\/2025\/10\/POR-TI-POR-TODAS-UN-CHEQUEO-A-TIEMPO-PUEDE-CAMBIAR-LA-HISTORIA-5-560x560.jpg 560w, https:\/\/cuernavaca.gob.mx\/wp-content\/uploads\/2025\/10\/POR-TI-POR-TODAS-UN-CHEQUEO-A-TIEMPO-PUEDE-CAMBIAR-LA-HISTORIA-5.jpg 1600w\" sizes=\"(max-width: 150px) 100vw, 150px\" \/><\/a>\n\t\t\t<\/dt><\/dl><dl class='gallery-item'>\n\t\t\t<dt class='gallery-icon landscape'>\n\t\t\t\t<a href='https:\/\/cuernavaca.gob.mx\/?attachment_id=53782'><img width=\"150\" height=\"150\" src=\"https:\/\/cuernavaca.gob.mx\/wp-content\/uploads\/2025\/10\/POR-TI-POR-TODAS-UN-CHEQUEO-A-TIEMPO-PUEDE-CAMBIAR-LA-HISTORIA-6-150x150.jpg\" class=\"attachment-thumbnail size-thumbnail\" alt=\"\" loading=\"lazy\" srcset=\"https:\/\/cuernavaca.gob.mx\/wp-content\/uploads\/2025\/10\/POR-TI-POR-TODAS-UN-CHEQUEO-A-TIEMPO-PUEDE-CAMBIAR-LA-HISTORIA-6-150x150.jpg 150w, https:\/\/cuernavaca.gob.mx\/wp-content\/uploads\/2025\/10\/POR-TI-POR-TODAS-UN-CHEQUEO-A-TIEMPO-PUEDE-CAMBIAR-LA-HISTORIA-6-300x300.jpg 300w, https:\/\/cuernavaca.gob.mx\/wp-content\/uploads\/2025\/10\/POR-TI-POR-TODAS-UN-CHEQUEO-A-TIEMPO-PUEDE-CAMBIAR-LA-HISTORIA-6-1024x1024.jpg 1024w, https:\/\/cuernavaca.gob.mx\/wp-content\/uploads\/2025\/10\/POR-TI-POR-TODAS-UN-CHEQUEO-A-TIEMPO-PUEDE-CAMBIAR-LA-HISTORIA-6-768x768.jpg 768w, https:\/\/cuernavaca.gob.mx\/wp-content\/uploads\/2025\/10\/POR-TI-POR-TODAS-UN-CHEQUEO-A-TIEMPO-PUEDE-CAMBIAR-LA-HISTORIA-6-1536x1536.jpg 1536w, https:\/\/cuernavaca.gob.mx\/wp-content\/uploads\/2025\/10\/POR-TI-POR-TODAS-UN-CHEQUEO-A-TIEMPO-PUEDE-CAMBIAR-LA-HISTORIA-6-600x600.jpg 600w, https:\/\/cuernavaca.gob.mx\/wp-content\/uploads\/2025\/10\/POR-TI-POR-TODAS-UN-CHEQUEO-A-TIEMPO-PUEDE-CAMBIAR-LA-HISTORIA-6-560x560.jpg 560w, https:\/\/cuernavaca.gob.mx\/wp-content\/uploads\/2025\/10\/POR-TI-POR-TODAS-UN-CHEQUEO-A-TIEMPO-PUEDE-CAMBIAR-LA-HISTORIA-6.jpg 1600w\" sizes=\"(max-width: 150px) 100vw, 150px\" \/><\/a>\n\t\t\t<\/dt><\/dl><br style=\"clear: both\" \/>\n\t\t<\/div>\n\n","protected":false},"excerpt":{"rendered":"<p>En el marco del 19 de octubre, D\u00eda Internacional de la Lucha contra el C\u00e1ncer de Mama, el Instituto de la Mujer de Cuernavaca (IMC) refuerza su compromiso con la prevenci\u00f3n, la detecci\u00f3n oportuna y la promoci\u00f3n de la salud integral de las mujeres. As\u00ed lo expres\u00f3 la directora del IMC, Lorena Elizabeth Castillo, quien [&hellip;]<\/p>\n","protected":false},"author":1,"featured_media":53777,"comment_status":"closed","ping_status":"open","sticky":false,"template":"","format":"standard","meta":[],"categories":[280],"tags":[2481,121,120,388,154],"aioseo_notices":[],"_links":{"self":[{"href":"https:\/\/cuernavaca.gob.mx\/index.php?rest_route=\/wp\/v2\/posts\/53776"}],"collection":[{"href":"https:\/\/cuernavaca.gob.mx\/index.php?rest_route=\/wp\/v2\/posts"}],"about":[{"href":"https:\/\/cuernavaca.gob.mx\/index.php?rest_route=\/wp\/v2\/types\/post"}],"author":[{"embeddable":true,"href":"https:\/\/cuernavaca.gob.mx\/index.php?rest_route=\/wp\/v2\/users\/1"}],"replies":[{"embeddable":true,"href":"https:\/\/cuernavaca.gob.mx\/index.php?rest_route=%2Fwp%2Fv2%2Fcomments&post=53776"}],"version-history":[{"count":1,"href":"https:\/\/cuernavaca.gob.mx\/index.php?rest_route=\/wp\/v2\/posts\/53776\/revisions"}],"predecessor-version":[{"id":53783,"href":"https:\/\/cuernavaca.gob.mx\/index.php?rest_route=\/wp\/v2\/posts\/53776\/revisions\/53783"}],"wp:featuredmedia":[{"embeddable":true,"href":"https:\/\/cuernavaca.gob.mx\/index.php?rest_route=\/wp\/v2\/media\/53777"}],"wp:attachment":[{"href":"https:\/\/cuernavaca.gob.mx\/index.php?rest_route=%2Fwp%2Fv2%2Fmedia&parent=53776"}],"wp:term":[{"taxonomy":"category","embeddable":true,"href":"https:\/\/cuernavaca.gob.mx\/index.php?rest_route=%2Fwp%2Fv2%2Fcategories&post=53776"},{"taxonomy":"post_tag","embeddable":true,"href":"https:\/\/cuernavaca.gob.mx\/index.php?rest_route=%2Fwp%2Fv2%2Ftags&post=53776"}],"curies":[{"name":"wp","href":"https:\/\/api.w.org\/{rel}","templated":true}]}}