{"id":53788,"date":"2025-10-20T10:29:00","date_gmt":"2025-10-20T16:29:00","guid":{"rendered":"https:\/\/cuernavaca.gob.mx\/?p=53788"},"modified":"2025-10-20T10:29:00","modified_gmt":"2025-10-20T16:29:00","slug":"f96-20-10-25-avanza-rehabilitacion-de-la-biblioteca-publica-dr-j-felix-frias-sanchez-en-el-parque-melchor-ocampo","status":"publish","type":"post","link":"https:\/\/cuernavaca.gob.mx\/?p=53788","title":{"rendered":"F96 20\/10\/25 AVANZA REHABILITACI\u00d3N DE LA BIBLIOTECA P\u00daBLICA &#8220;DR. J. F\u00c9LIX FR\u00cdAS S\u00c1NCHEZ\u201d EN EL PARQUE MELCHOR OCAMPO"},"content":{"rendered":"<p>Con el compromiso de seguir recuperando espacios p\u00fablicos en beneficio de la ciudadan\u00eda, el presidente municipal de Cuernavaca, Jos\u00e9 Luis Uri\u00f3stegui Salgado, supervis\u00f3 los trabajos de rehabilitaci\u00f3n de la biblioteca p\u00fablica municipal &#8220;Dr. J. F\u00e9lix Fr\u00edas S\u00e1nchez\u201d, ubicada en el Parque Melchor Ocampo, como parte de las acciones para preservar y fortalecer el patrimonio cultural.<\/p>\n<p>La obra contempla trabajos de impermeabilizaci\u00f3n en 399.74 metros cuadrados, el suministro e instalaci\u00f3n de mobiliario, de equipos hidrosanitarios, canceler\u00eda, mejoras el\u00e9ctricas, pintura, acabados y equipamiento especial, con una inversi\u00f3n total de tres millones 996 mil 506.99 pesos. Esta intervenci\u00f3n responde a la pol\u00edtica municipal de impulsar espacios p\u00fablicos dignos para el fomento a la lectura, el conocimiento y el encuentro comunitario.<\/p>\n<p>Con esta rehabilitaci\u00f3n, la biblioteca se proyecta como un centro cultural vivo, accesible para ni\u00f1as, ni\u00f1os, j\u00f3venes y adultos, reafirmando el compromiso del Ayuntamiento de Cuernavaca con el derecho a la educaci\u00f3n, la cultura y el rescate de sitios hist\u00f3ricos que forman parte de la identidad de la ciudad.<\/p>\n\n\t\t<style type=\"text\/css\">\n\t\t\t#gallery-1 {\n\t\t\t\tmargin: auto;\n\t\t\t}\n\t\t\t#gallery-1 .gallery-item {\n\t\t\t\tfloat: left;\n\t\t\t\tmargin-top: 10px;\n\t\t\t\ttext-align: center;\n\t\t\t\twidth: 33%;\n\t\t\t}\n\t\t\t#gallery-1 img {\n\t\t\t\tborder: 2px solid #cfcfcf;\n\t\t\t}\n\t\t\t#gallery-1 .gallery-caption {\n\t\t\t\tmargin-left: 0;\n\t\t\t}\n\t\t\t\/* see gallery_shortcode() in wp-includes\/media.php *\/\n\t\t<\/style>\n\t\t<div id='gallery-1' class='gallery galleryid-53788 gallery-columns-3 gallery-size-thumbnail'><dl class='gallery-item'>\n\t\t\t<dt class='gallery-icon landscape'>\n\t\t\t\t<a href='https:\/\/cuernavaca.gob.mx\/?attachment_id=53799'><img width=\"150\" height=\"150\" src=\"https:\/\/cuernavaca.gob.mx\/wp-content\/uploads\/2025\/10\/AVANZA-REHABILITACIO\u0301N-DE-LA-BIBLIOTECA-PU\u0301BLICA-22DR.-J.-FE\u0301LIX-FRI\u0301AS-SA\u0301NCHEZ-EN-EL-PARQUE-MELCHOR-OCAMPO-5-1-150x150.jpg\" class=\"attachment-thumbnail size-thumbnail\" alt=\"\" loading=\"lazy\" \/><\/a>\n\t\t\t<\/dt><\/dl><dl class='gallery-item'>\n\t\t\t<dt class='gallery-icon landscape'>\n\t\t\t\t<a href='https:\/\/cuernavaca.gob.mx\/?attachment_id=53798'><img width=\"150\" height=\"150\" src=\"https:\/\/cuernavaca.gob.mx\/wp-content\/uploads\/2025\/10\/AVANZA-REHABILITACIO\u0301N-DE-LA-BIBLIOTECA-PU\u0301BLICA-22DR.-J.-FE\u0301LIX-FRI\u0301AS-SA\u0301NCHEZ-EN-EL-PARQUE-MELCHOR-OCAMPO-4-1-150x150.jpg\" class=\"attachment-thumbnail size-thumbnail\" alt=\"\" loading=\"lazy\" \/><\/a>\n\t\t\t<\/dt><\/dl><dl class='gallery-item'>\n\t\t\t<dt class='gallery-icon landscape'>\n\t\t\t\t<a href='https:\/\/cuernavaca.gob.mx\/?attachment_id=53797'><img width=\"150\" height=\"150\" src=\"https:\/\/cuernavaca.gob.mx\/wp-content\/uploads\/2025\/10\/AVANZA-REHABILITACIO\u0301N-DE-LA-BIBLIOTECA-PU\u0301BLICA-22DR.-J.-FE\u0301LIX-FRI\u0301AS-SA\u0301NCHEZ-EN-EL-PARQUE-MELCHOR-OCAMPO-3-1-150x150.jpg\" class=\"attachment-thumbnail size-thumbnail\" alt=\"\" loading=\"lazy\" \/><\/a>\n\t\t\t<\/dt><\/dl><br style=\"clear: both\" \/><dl class='gallery-item'>\n\t\t\t<dt class='gallery-icon landscape'>\n\t\t\t\t<a href='https:\/\/cuernavaca.gob.mx\/?attachment_id=53796'><img width=\"150\" height=\"150\" src=\"https:\/\/cuernavaca.gob.mx\/wp-content\/uploads\/2025\/10\/AVANZA-REHABILITACIO\u0301N-DE-LA-BIBLIOTECA-PU\u0301BLICA-22DR.-J.-FE\u0301LIX-FRI\u0301AS-SA\u0301NCHEZ-EN-EL-PARQUE-MELCHOR-OCAMPO-2-1-150x150.jpg\" class=\"attachment-thumbnail size-thumbnail\" alt=\"\" loading=\"lazy\" \/><\/a>\n\t\t\t<\/dt><\/dl>\n\t\t\t<br style='clear: both' \/>\n\t\t<\/div>\n\n","protected":false},"excerpt":{"rendered":"<p>Con el compromiso de seguir recuperando espacios p\u00fablicos en beneficio de la ciudadan\u00eda, el presidente municipal de Cuernavaca, Jos\u00e9 Luis Uri\u00f3stegui Salgado, supervis\u00f3 los trabajos de rehabilitaci\u00f3n de la biblioteca p\u00fablica municipal &#8220;Dr. J. F\u00e9lix Fr\u00edas S\u00e1nchez\u201d, ubicada en el Parque Melchor Ocampo, como parte de las acciones para preservar y fortalecer el patrimonio cultural. [&hellip;]<\/p>\n","protected":false},"author":1,"featured_media":53794,"comment_status":"closed","ping_status":"open","sticky":false,"template":"","format":"standard","meta":[],"categories":[18],"tags":[3025,121,2571,120,4063,1075,232,127],"aioseo_notices":[],"_links":{"self":[{"href":"https:\/\/cuernavaca.gob.mx\/index.php?rest_route=\/wp\/v2\/posts\/53788"}],"collection":[{"href":"https:\/\/cuernavaca.gob.mx\/index.php?rest_route=\/wp\/v2\/posts"}],"about":[{"href":"https:\/\/cuernavaca.gob.mx\/index.php?rest_route=\/wp\/v2\/types\/post"}],"author":[{"embeddable":true,"href":"https:\/\/cuernavaca.gob.mx\/index.php?rest_route=\/wp\/v2\/users\/1"}],"replies":[{"embeddable":true,"href":"https:\/\/cuernavaca.gob.mx\/index.php?rest_route=%2Fwp%2Fv2%2Fcomments&post=53788"}],"version-history":[{"count":1,"href":"https:\/\/cuernavaca.gob.mx\/index.php?rest_route=\/wp\/v2\/posts\/53788\/revisions"}],"predecessor-version":[{"id":53801,"href":"https:\/\/cuernavaca.gob.mx\/index.php?rest_route=\/wp\/v2\/posts\/53788\/revisions\/53801"}],"wp:featuredmedia":[{"embeddable":true,"href":"https:\/\/cuernavaca.gob.mx\/index.php?rest_route=\/wp\/v2\/media\/53794"}],"wp:attachment":[{"href":"https:\/\/cuernavaca.gob.mx\/index.php?rest_route=%2Fwp%2Fv2%2Fmedia&parent=53788"}],"wp:term":[{"taxonomy":"category","embeddable":true,"href":"https:\/\/cuernavaca.gob.mx\/index.php?rest_route=%2Fwp%2Fv2%2Fcategories&post=53788"},{"taxonomy":"post_tag","embeddable":true,"href":"https:\/\/cuernavaca.gob.mx\/index.php?rest_route=%2Fwp%2Fv2%2Ftags&post=53788"}],"curies":[{"name":"wp","href":"https:\/\/api.w.org\/{rel}","templated":true}]}}