{"id":53802,"date":"2025-10-20T10:35:11","date_gmt":"2025-10-20T16:35:11","guid":{"rendered":"https:\/\/cuernavaca.gob.mx\/?p=53802"},"modified":"2025-10-20T12:00:49","modified_gmt":"2025-10-20T18:00:49","slug":"b665-20-10-25-efuerza-cuernavaca-participacion-ciudadana-y-orden-urbano-con-acciones-concretas","status":"publish","type":"post","link":"https:\/\/cuernavaca.gob.mx\/?p=53802","title":{"rendered":"B665 20\/10\/25 EFUERZA CUERNAVACA PARTICIPACI\u00d3N CIUDADANA Y ORDEN URBANO CON ACCIONES CONCRETAS"},"content":{"rendered":"<p><strong>El Ayuntamiento capitalino lanza el proceso de elecci\u00f3n de Consejos Municipales de Participaci\u00f3n Social 2025\u2013 2027 y avanza en la regulaci\u00f3n del comercio semifijo y ambulante para recuperar espacios p\u00fablicos y garantizar la legalidad<\/strong><\/p>\n<p>En conferencia de prensa, el Secretario del Ayuntamiento, \u00d3scar Cano Mondrag\u00f3n, inform\u00f3 que el Gobierno Municipal de Cuernavaca avanza en dos ejes prioritarios: el fortalecimiento de la participaci\u00f3n ciudadana, mediante el proceso de elecci\u00f3n de los Consejos Municipales de Participaci\u00f3n Social 2025\u20132027, y el ordenamiento del comercio semifijo y ambulante en la ciudad.<\/p>\n<p>Cano Mondrag\u00f3n explic\u00f3 que ambos temas son fundamentales para consolidar una administraci\u00f3n cercana, transparente y que garantice la convivencia arm\u00f3nica en los espacios p\u00fablicos. Por ello, se llevar\u00e1 a cabo el proceso de elecci\u00f3n de los Consejos Municipales de Participaci\u00f3n Social, en cumplimiento con un acuerdo de Cabildo que reconoce oficialmente a 244 colonias y demarcaciones delegacionales.<\/p>\n<p>Detall\u00f3 que el 30 de octubre se publicar\u00e1 la convocatoria correspondiente, para dar paso del 3 al 7 de noviembre al registro de candidatos. La jornada electoral se realizar\u00e1 el 23 de noviembre, y el 1 de diciembre se llevar\u00e1 a cabo la toma de protesta. El Secretario del Ayuntamiento se\u00f1al\u00f3 que este proceso busca asegurar la representaci\u00f3n democr\u00e1tica de todas las colonias y comunidades de Cuernavaca, fomentando la colaboraci\u00f3n entre autoridades y ciudadan\u00eda.<\/p>\n<p>En paralelo, el funcionario municipal inform\u00f3 que el Ayuntamiento implementa una estrategia integral de ordenamiento del comercio semifijo y ambulante, con el objetivo de recuperar espacios p\u00fablicos, garantizar el orden urbano y promover un comercio justo y regulado.<\/p>\n<p>Entre las acciones realizadas destacan: la suspensi\u00f3n definitiva del otorgamiento de nuevos permisos, con el rechazo de alrededor de 500 solicitudes; la depuraci\u00f3n de m\u00e1s de 300 expedientes inactivos del padr\u00f3n de comerciantes cuyo \u00faltimo pago se realiz\u00f3 antes del 2015; 21 retenciones de mercanc\u00eda diversa a vendedores sin autorizaci\u00f3n; 130 apercibimientos escritos y cerca de 200 verbales en distintos puntos de la ciudad; 407 reuniones con liderazgos del comercio y la sociedad civil en zonas como la colonia Carolina, el primer cuadro de la ciudad y los tianguis de Ciudad Chapultepec y Sat\u00e9lite, derivado de ello, se logr\u00f3 la reubicaci\u00f3n consensuada de comerciantes.<\/p>\n<p>\u201cNo se trata de criminalizar la actividad comercial, sino de ordenar y garantizar condiciones justas para todas y todos. Queremos una Cuernavaca limpia, segura y con espacios p\u00fablicos para la convivencia\u201d, afirm\u00f3 Cano Mondrag\u00f3n.<\/p>\n<p>\u00d3scar Cano Mondrag\u00f3n reiter\u00f3 que estas acciones reflejan el compromiso del Ayuntamiento con la legalidad, el respeto a la norma y la mejora continua del entorno urbano, elementos clave para construir una Cuernavaca m\u00e1s ordenada, participativa y sostenible.<\/p>\n\n\t\t<style type=\"text\/css\">\n\t\t\t#gallery-1 {\n\t\t\t\tmargin: auto;\n\t\t\t}\n\t\t\t#gallery-1 .gallery-item {\n\t\t\t\tfloat: left;\n\t\t\t\tmargin-top: 10px;\n\t\t\t\ttext-align: center;\n\t\t\t\twidth: 33%;\n\t\t\t}\n\t\t\t#gallery-1 img {\n\t\t\t\tborder: 2px solid #cfcfcf;\n\t\t\t}\n\t\t\t#gallery-1 .gallery-caption {\n\t\t\t\tmargin-left: 0;\n\t\t\t}\n\t\t\t\/* see gallery_shortcode() in wp-includes\/media.php *\/\n\t\t<\/style>\n\t\t<div id='gallery-1' class='gallery galleryid-53802 gallery-columns-3 gallery-size-thumbnail'><dl class='gallery-item'>\n\t\t\t<dt class='gallery-icon landscape'>\n\t\t\t\t<a href='https:\/\/cuernavaca.gob.mx\/?attachment_id=53803'><img width=\"150\" height=\"150\" src=\"https:\/\/cuernavaca.gob.mx\/wp-content\/uploads\/2025\/10\/REFUERZA-CUERNAVACA-PARTICIPACIO\u0301N-CIUDADANA-Y-ORDEN-URBANO-CON-ACCIONES-CONCRETAS-1-150x150.jpg\" class=\"attachment-thumbnail size-thumbnail\" alt=\"\" loading=\"lazy\" \/><\/a>\n\t\t\t<\/dt><\/dl><dl class='gallery-item'>\n\t\t\t<dt class='gallery-icon landscape'>\n\t\t\t\t<a href='https:\/\/cuernavaca.gob.mx\/?attachment_id=53804'><img width=\"150\" height=\"150\" src=\"https:\/\/cuernavaca.gob.mx\/wp-content\/uploads\/2025\/10\/REFUERZA-CUERNAVACA-PARTICIPACIO\u0301N-CIUDADANA-Y-ORDEN-URBANO-CON-ACCIONES-CONCRETAS-150x150.jpg\" class=\"attachment-thumbnail size-thumbnail\" alt=\"\" loading=\"lazy\" \/><\/a>\n\t\t\t<\/dt><\/dl>\n\t\t\t<br style='clear: both' \/>\n\t\t<\/div>\n\n","protected":false},"excerpt":{"rendered":"<p>El Ayuntamiento capitalino lanza el proceso de elecci\u00f3n de Consejos Municipales de Participaci\u00f3n Social 2025\u2013 2027 y avanza en la regulaci\u00f3n del comercio semifijo y ambulante para recuperar espacios p\u00fablicos y garantizar la legalidad En conferencia de prensa, el Secretario del Ayuntamiento, \u00d3scar Cano Mondrag\u00f3n, inform\u00f3 que el Gobierno Municipal de Cuernavaca avanza en dos [&hellip;]<\/p>\n","protected":false},"author":1,"featured_media":53803,"comment_status":"closed","ping_status":"open","sticky":false,"template":"","format":"standard","meta":[],"categories":[20],"tags":[594,690,121,222,120],"aioseo_notices":[],"_links":{"self":[{"href":"https:\/\/cuernavaca.gob.mx\/index.php?rest_route=\/wp\/v2\/posts\/53802"}],"collection":[{"href":"https:\/\/cuernavaca.gob.mx\/index.php?rest_route=\/wp\/v2\/posts"}],"about":[{"href":"https:\/\/cuernavaca.gob.mx\/index.php?rest_route=\/wp\/v2\/types\/post"}],"author":[{"embeddable":true,"href":"https:\/\/cuernavaca.gob.mx\/index.php?rest_route=\/wp\/v2\/users\/1"}],"replies":[{"embeddable":true,"href":"https:\/\/cuernavaca.gob.mx\/index.php?rest_route=%2Fwp%2Fv2%2Fcomments&post=53802"}],"version-history":[{"count":1,"href":"https:\/\/cuernavaca.gob.mx\/index.php?rest_route=\/wp\/v2\/posts\/53802\/revisions"}],"predecessor-version":[{"id":53805,"href":"https:\/\/cuernavaca.gob.mx\/index.php?rest_route=\/wp\/v2\/posts\/53802\/revisions\/53805"}],"wp:featuredmedia":[{"embeddable":true,"href":"https:\/\/cuernavaca.gob.mx\/index.php?rest_route=\/wp\/v2\/media\/53803"}],"wp:attachment":[{"href":"https:\/\/cuernavaca.gob.mx\/index.php?rest_route=%2Fwp%2Fv2%2Fmedia&parent=53802"}],"wp:term":[{"taxonomy":"category","embeddable":true,"href":"https:\/\/cuernavaca.gob.mx\/index.php?rest_route=%2Fwp%2Fv2%2Fcategories&post=53802"},{"taxonomy":"post_tag","embeddable":true,"href":"https:\/\/cuernavaca.gob.mx\/index.php?rest_route=%2Fwp%2Fv2%2Ftags&post=53802"}],"curies":[{"name":"wp","href":"https:\/\/api.w.org\/{rel}","templated":true}]}}