{"id":53806,"date":"2025-10-20T11:35:16","date_gmt":"2025-10-20T17:35:16","guid":{"rendered":"https:\/\/cuernavaca.gob.mx\/?p=53806"},"modified":"2025-10-20T12:09:15","modified_gmt":"2025-10-20T18:09:15","slug":"b666-20-10-25-ayuntamiento-de-cuernavaca-y-upemor-firman-convenio-para-fortalecer-capacitacion-y-aprendizaje-continuo","status":"publish","type":"post","link":"https:\/\/cuernavaca.gob.mx\/?p=53806","title":{"rendered":"B666 20\/10\/25 AYUNTAMIENTO DE CUERNAVACA Y UPEMOR FIRMAN CONVENIO PARA FORTALECER CAPACITACI\u00d3N Y APRENDIZAJE CONTINUO"},"content":{"rendered":"<p><strong>* El acuerdo permitir\u00e1 profesionalizar al personal municipal y brindar a las y los estudiantes la experiencia de pr\u00e1cticas y servicio social dentro del Ayuntamiento<\/strong><\/p>\n<p>Con el objetivo de fortalecer la colaboraci\u00f3n con instituciones educativas que promuevan la capacitaci\u00f3n y el aprendizaje continuo de las y los trabajadores municipales, as\u00ed como de la poblaci\u00f3n en general, el presidente municipal de Cuernavaca, Jos\u00e9 Luis Uri\u00f3stegui Salgado, firm\u00f3 este lunes un convenio de colaboraci\u00f3n con la Universidad Polit\u00e9cnica del Estado de Morelos (UPEMOR).<\/p>\n<p>El convenio permitir\u00e1 a las y los servidores p\u00fablicos acceder a la universidad con trato preferencial, y brindar\u00e1 a las y los estudiantes la oportunidad de realizar sus estancias profesionales, estad\u00edas y servicio social en la administraci\u00f3n municipal.<\/p>\n<p>Durante su mensaje, el presidente municipal celebr\u00f3 la firma de este convenio que ofrecer\u00e1 a las y los colaboradores de la administraci\u00f3n la posibilidad de acercarse a UPEMOR y adquirir nuevos conocimientos a trav\u00e9s de cursos, diplomados y estudios de posgrado. Destac\u00f3 que quienes se estancan en el conocimiento, no llegan a dominar los avances de la ciencia o la tecnolog\u00eda que revolucionan d\u00eda a dia.<\/p>\n<p>Uri\u00f3stegui Salgado reconoci\u00f3 el trabajo de la s\u00edndica municipal, Paula Trade Hidalgo, por impulsar los contactos y la revisi\u00f3n jur\u00eddica del convenio, as\u00ed como la disposici\u00f3n del rector de UPEMOR, Jorge Morales Barud. Adem\u00e1s, resalt\u00f3 que, gracias a esta colaboraci\u00f3n, las y los titulares de \u00e1reas administrativas y estrat\u00e9gicas del Ayuntamiento ya cuentan con la certificaci\u00f3n en materia de competencias laborales &#8220;Conocer\u201d que se imparti\u00f3 en la universidad, cumpliendo con la norma antes de la fecha l\u00edmite establecida por el Congreso del Estado que reform\u00f3 la Ley Org\u00e1nica para determinar la obligatoriedad de esta certificaci\u00f3n.<\/p>\n<p>Por su lado, el rector Jorge Morales Barud se\u00f1al\u00f3 que esta vinculaci\u00f3n con uno de los Ayuntamientos m\u00e1s significativos y relevantes en el estado por la poblaci\u00f3n que atienden, pero tambi\u00e9n por el talento que alberga, representa un gran beneficio tanto para la universidad como para la administraci\u00f3n, y sobre todo, para la ciudadan\u00eda morelense, al fortalecer la profesionalizaci\u00f3n de quienes forman parte del Gobierno Municipal.<\/p>\n<p>Al evento asistieron el regidor Salvador Aguilar Rea, el secretario del Ayuntamiento, \u00d3scar Cano Mondrag\u00f3n, y en representaci\u00f3n de la s\u00edndica municipal, Jos\u00e9 de Jes\u00fas Guizar N\u00e1jera, coordinador de asesores de la Sindicatura.<\/p>\n\n\t\t<style type=\"text\/css\">\n\t\t\t#gallery-1 {\n\t\t\t\tmargin: auto;\n\t\t\t}\n\t\t\t#gallery-1 .gallery-item {\n\t\t\t\tfloat: left;\n\t\t\t\tmargin-top: 10px;\n\t\t\t\ttext-align: center;\n\t\t\t\twidth: 33%;\n\t\t\t}\n\t\t\t#gallery-1 img {\n\t\t\t\tborder: 2px solid #cfcfcf;\n\t\t\t}\n\t\t\t#gallery-1 .gallery-caption {\n\t\t\t\tmargin-left: 0;\n\t\t\t}\n\t\t\t\/* see gallery_shortcode() in wp-includes\/media.php *\/\n\t\t<\/style>\n\t\t<div id='gallery-1' class='gallery galleryid-53806 gallery-columns-3 gallery-size-thumbnail'><dl class='gallery-item'>\n\t\t\t<dt class='gallery-icon landscape'>\n\t\t\t\t<a href='https:\/\/cuernavaca.gob.mx\/?attachment_id=53807'><img width=\"150\" height=\"150\" src=\"https:\/\/cuernavaca.gob.mx\/wp-content\/uploads\/2025\/10\/AYUNTAMIENTO-DE-CUERNAVACA-Y-UPEMOR-FIRMAN-CONVENIO-PARA-FORTALECER-CAPACITACIO\u0301N-Y-APRENDIZAJE-CONTINUO-1-150x150.jpg\" class=\"attachment-thumbnail size-thumbnail\" alt=\"\" loading=\"lazy\" \/><\/a>\n\t\t\t<\/dt><\/dl><dl class='gallery-item'>\n\t\t\t<dt class='gallery-icon landscape'>\n\t\t\t\t<a href='https:\/\/cuernavaca.gob.mx\/?attachment_id=53808'><img width=\"150\" height=\"150\" src=\"https:\/\/cuernavaca.gob.mx\/wp-content\/uploads\/2025\/10\/AYUNTAMIENTO-DE-CUERNAVACA-Y-UPEMOR-FIRMAN-CONVENIO-PARA-FORTALECER-CAPACITACIO\u0301N-Y-APRENDIZAJE-CONTINUO-2-150x150.jpg\" class=\"attachment-thumbnail size-thumbnail\" alt=\"\" loading=\"lazy\" \/><\/a>\n\t\t\t<\/dt><\/dl><dl class='gallery-item'>\n\t\t\t<dt class='gallery-icon landscape'>\n\t\t\t\t<a href='https:\/\/cuernavaca.gob.mx\/?attachment_id=53809'><img width=\"150\" height=\"150\" src=\"https:\/\/cuernavaca.gob.mx\/wp-content\/uploads\/2025\/10\/AYUNTAMIENTO-DE-CUERNAVACA-Y-UPEMOR-FIRMAN-CONVENIO-PARA-FORTALECER-CAPACITACIO\u0301N-Y-APRENDIZAJE-CONTINUO-3-150x150.jpg\" class=\"attachment-thumbnail size-thumbnail\" alt=\"\" loading=\"lazy\" \/><\/a>\n\t\t\t<\/dt><\/dl><br style=\"clear: both\" \/><dl class='gallery-item'>\n\t\t\t<dt class='gallery-icon landscape'>\n\t\t\t\t<a href='https:\/\/cuernavaca.gob.mx\/?attachment_id=53810'><img width=\"150\" height=\"150\" src=\"https:\/\/cuernavaca.gob.mx\/wp-content\/uploads\/2025\/10\/AYUNTAMIENTO-DE-CUERNAVACA-Y-UPEMOR-FIRMAN-CONVENIO-PARA-FORTALECER-CAPACITACIO\u0301N-Y-APRENDIZAJE-CONTINUO-4-150x150.jpg\" class=\"attachment-thumbnail size-thumbnail\" alt=\"\" loading=\"lazy\" \/><\/a>\n\t\t\t<\/dt><\/dl><dl class='gallery-item'>\n\t\t\t<dt class='gallery-icon landscape'>\n\t\t\t\t<a href='https:\/\/cuernavaca.gob.mx\/?attachment_id=53811'><img width=\"150\" height=\"150\" src=\"https:\/\/cuernavaca.gob.mx\/wp-content\/uploads\/2025\/10\/AYUNTAMIENTO-DE-CUERNAVACA-Y-UPEMOR-FIRMAN-CONVENIO-PARA-FORTALECER-CAPACITACIO\u0301N-Y-APRENDIZAJE-CONTINUO-5-150x150.jpg\" class=\"attachment-thumbnail size-thumbnail\" alt=\"\" loading=\"lazy\" \/><\/a>\n\t\t\t<\/dt><\/dl><dl class='gallery-item'>\n\t\t\t<dt class='gallery-icon landscape'>\n\t\t\t\t<a href='https:\/\/cuernavaca.gob.mx\/?attachment_id=53812'><img width=\"150\" height=\"150\" src=\"https:\/\/cuernavaca.gob.mx\/wp-content\/uploads\/2025\/10\/AYUNTAMIENTO-DE-CUERNAVACA-Y-UPEMOR-FIRMAN-CONVENIO-PARA-FORTALECER-CAPACITACIO\u0301N-Y-APRENDIZAJE-CONTINUO-6-150x150.jpg\" class=\"attachment-thumbnail size-thumbnail\" alt=\"\" loading=\"lazy\" \/><\/a>\n\t\t\t<\/dt><\/dl><br style=\"clear: both\" \/>\n\t\t<\/div>\n\n","protected":false},"excerpt":{"rendered":"<p>* El acuerdo permitir\u00e1 profesionalizar al personal municipal y brindar a las y los estudiantes la experiencia de pr\u00e1cticas y servicio social dentro del Ayuntamiento Con el objetivo de fortalecer la colaboraci\u00f3n con instituciones educativas que promuevan la capacitaci\u00f3n y el aprendizaje continuo de las y los trabajadores municipales, as\u00ed como de la poblaci\u00f3n en [&hellip;]<\/p>\n","protected":false},"author":1,"featured_media":53807,"comment_status":"closed","ping_status":"open","sticky":false,"template":"","format":"standard","meta":[],"categories":[3090],"tags":[121,576,4250,206,127,4252],"aioseo_notices":[],"_links":{"self":[{"href":"https:\/\/cuernavaca.gob.mx\/index.php?rest_route=\/wp\/v2\/posts\/53806"}],"collection":[{"href":"https:\/\/cuernavaca.gob.mx\/index.php?rest_route=\/wp\/v2\/posts"}],"about":[{"href":"https:\/\/cuernavaca.gob.mx\/index.php?rest_route=\/wp\/v2\/types\/post"}],"author":[{"embeddable":true,"href":"https:\/\/cuernavaca.gob.mx\/index.php?rest_route=\/wp\/v2\/users\/1"}],"replies":[{"embeddable":true,"href":"https:\/\/cuernavaca.gob.mx\/index.php?rest_route=%2Fwp%2Fv2%2Fcomments&post=53806"}],"version-history":[{"count":1,"href":"https:\/\/cuernavaca.gob.mx\/index.php?rest_route=\/wp\/v2\/posts\/53806\/revisions"}],"predecessor-version":[{"id":53813,"href":"https:\/\/cuernavaca.gob.mx\/index.php?rest_route=\/wp\/v2\/posts\/53806\/revisions\/53813"}],"wp:featuredmedia":[{"embeddable":true,"href":"https:\/\/cuernavaca.gob.mx\/index.php?rest_route=\/wp\/v2\/media\/53807"}],"wp:attachment":[{"href":"https:\/\/cuernavaca.gob.mx\/index.php?rest_route=%2Fwp%2Fv2%2Fmedia&parent=53806"}],"wp:term":[{"taxonomy":"category","embeddable":true,"href":"https:\/\/cuernavaca.gob.mx\/index.php?rest_route=%2Fwp%2Fv2%2Fcategories&post=53806"},{"taxonomy":"post_tag","embeddable":true,"href":"https:\/\/cuernavaca.gob.mx\/index.php?rest_route=%2Fwp%2Fv2%2Ftags&post=53806"}],"curies":[{"name":"wp","href":"https:\/\/api.w.org\/{rel}","templated":true}]}}