{"id":53815,"date":"2025-10-20T15:22:58","date_gmt":"2025-10-20T21:22:58","guid":{"rendered":"https:\/\/cuernavaca.gob.mx\/?p=53815"},"modified":"2025-10-20T15:23:35","modified_gmt":"2025-10-20T21:23:35","slug":"f97-20-10-25-cuernavaca-refuerza-su-compromiso-en-la-lucha-contra-el-cancer-de-mama","status":"publish","type":"post","link":"https:\/\/cuernavaca.gob.mx\/?p=53815","title":{"rendered":"F97 20\/10\/25 CUERNAVACA REFUERZA SU COMPROMISO EN LA LUCHA CONTRA EL C\u00c1NCER DE MAMA"},"content":{"rendered":"<p>El presidente municipal de Cuernavaca, Jos\u00e9 Luis Uri\u00f3stegui Salgado, particip\u00f3 este lunes en el arranque de actividades y programas estatales impulsados por la gobernadora del Estado de Morelos, Margarita Gonz\u00e1lez Saravia, en el marco del Mes de la Concientizaci\u00f3n sobre el C\u00e1ncer de Mama en los 36 municipios del estado, reiterando el compromiso de su gobierno con la prevenci\u00f3n, la detecci\u00f3n temprana y la promoci\u00f3n de la salud integral de las mujeres.<\/p>\n<p>Desde la explanada del Museo Regional de los Pueblos de Morelos (Palacio de Cort\u00e9s), el alcalde resalt\u00f3 que la lucha contra el c\u00e1ncer de mama no solo es una causa de salud p\u00fablica, sino tambi\u00e9n una prioridad social que exige el trabajo conjunto de todos los niveles de gobierno, as\u00ed como la participaci\u00f3n activa de la ciudadan\u00eda.<\/p>\n<p>&#8220;Como administraci\u00f3n p\u00fablica municipal, tenemos la responsabilidad de crear entornos seguros e informados para nuestras mujeres. Cada acci\u00f3n de gobierno que promueve la salud es una inversi\u00f3n en la vida, en la dignidad y en el futuro de nuestras comunidades&#8221;, afirm\u00f3 Uri\u00f3stegui Salgado con un llamado a la conciencia y a la solidaridad.<\/p>\n<p>&nbsp;<\/p>\n\n\t\t<style type=\"text\/css\">\n\t\t\t#gallery-1 {\n\t\t\t\tmargin: auto;\n\t\t\t}\n\t\t\t#gallery-1 .gallery-item {\n\t\t\t\tfloat: left;\n\t\t\t\tmargin-top: 10px;\n\t\t\t\ttext-align: center;\n\t\t\t\twidth: 50%;\n\t\t\t}\n\t\t\t#gallery-1 img {\n\t\t\t\tborder: 2px solid #cfcfcf;\n\t\t\t}\n\t\t\t#gallery-1 .gallery-caption {\n\t\t\t\tmargin-left: 0;\n\t\t\t}\n\t\t\t\/* see gallery_shortcode() in wp-includes\/media.php *\/\n\t\t<\/style>\n\t\t<div id='gallery-1' class='gallery galleryid-53815 gallery-columns-2 gallery-size-thumbnail'><dl class='gallery-item'>\n\t\t\t<dt class='gallery-icon landscape'>\n\t\t\t\t<a href='https:\/\/cuernavaca.gob.mx\/wp-content\/uploads\/2025\/10\/WhatsApp-Image-2025-10-20-at-3.18.04-PM-1.jpeg'><img width=\"150\" height=\"150\" src=\"https:\/\/cuernavaca.gob.mx\/wp-content\/uploads\/2025\/10\/WhatsApp-Image-2025-10-20-at-3.18.04-PM-1-150x150.jpeg\" class=\"attachment-thumbnail size-thumbnail\" alt=\"\" loading=\"lazy\" \/><\/a>\n\t\t\t<\/dt><\/dl><dl class='gallery-item'>\n\t\t\t<dt class='gallery-icon landscape'>\n\t\t\t\t<a href='https:\/\/cuernavaca.gob.mx\/wp-content\/uploads\/2025\/10\/WhatsApp-Image-2025-10-20-at-3.18.04-PM-2.jpeg'><img width=\"150\" height=\"150\" src=\"https:\/\/cuernavaca.gob.mx\/wp-content\/uploads\/2025\/10\/WhatsApp-Image-2025-10-20-at-3.18.04-PM-2-150x150.jpeg\" class=\"attachment-thumbnail size-thumbnail\" alt=\"\" loading=\"lazy\" \/><\/a>\n\t\t\t<\/dt><\/dl><br style=\"clear: both\" \/><dl class='gallery-item'>\n\t\t\t<dt class='gallery-icon landscape'>\n\t\t\t\t<a href='https:\/\/cuernavaca.gob.mx\/wp-content\/uploads\/2025\/10\/WhatsApp-Image-2025-10-20-at-3.18.04-PM-3.jpeg'><img width=\"150\" height=\"150\" src=\"https:\/\/cuernavaca.gob.mx\/wp-content\/uploads\/2025\/10\/WhatsApp-Image-2025-10-20-at-3.18.04-PM-3-150x150.jpeg\" class=\"attachment-thumbnail size-thumbnail\" alt=\"\" loading=\"lazy\" \/><\/a>\n\t\t\t<\/dt><\/dl><dl class='gallery-item'>\n\t\t\t<dt class='gallery-icon landscape'>\n\t\t\t\t<a href='https:\/\/cuernavaca.gob.mx\/wp-content\/uploads\/2025\/10\/WhatsApp-Image-2025-10-20-at-3.18.04-PM.jpeg'><img width=\"150\" height=\"150\" src=\"https:\/\/cuernavaca.gob.mx\/wp-content\/uploads\/2025\/10\/WhatsApp-Image-2025-10-20-at-3.18.04-PM-150x150.jpeg\" class=\"attachment-thumbnail size-thumbnail\" alt=\"\" loading=\"lazy\" \/><\/a>\n\t\t\t<\/dt><\/dl><br style=\"clear: both\" \/>\n\t\t<\/div>\n\n","protected":false},"excerpt":{"rendered":"<p>El presidente municipal de Cuernavaca, Jos\u00e9 Luis Uri\u00f3stegui Salgado, particip\u00f3 este lunes en el arranque de actividades y programas estatales impulsados por la gobernadora del Estado de Morelos, Margarita Gonz\u00e1lez Saravia, en el marco del Mes de la Concientizaci\u00f3n sobre el C\u00e1ncer de Mama en los 36 municipios del estado, reiterando el compromiso de su [&hellip;]<\/p>\n","protected":false},"author":1,"featured_media":53818,"comment_status":"closed","ping_status":"open","sticky":false,"template":"","format":"standard","meta":[],"categories":[280,899,1],"tags":[],"aioseo_notices":[],"_links":{"self":[{"href":"https:\/\/cuernavaca.gob.mx\/index.php?rest_route=\/wp\/v2\/posts\/53815"}],"collection":[{"href":"https:\/\/cuernavaca.gob.mx\/index.php?rest_route=\/wp\/v2\/posts"}],"about":[{"href":"https:\/\/cuernavaca.gob.mx\/index.php?rest_route=\/wp\/v2\/types\/post"}],"author":[{"embeddable":true,"href":"https:\/\/cuernavaca.gob.mx\/index.php?rest_route=\/wp\/v2\/users\/1"}],"replies":[{"embeddable":true,"href":"https:\/\/cuernavaca.gob.mx\/index.php?rest_route=%2Fwp%2Fv2%2Fcomments&post=53815"}],"version-history":[{"count":3,"href":"https:\/\/cuernavaca.gob.mx\/index.php?rest_route=\/wp\/v2\/posts\/53815\/revisions"}],"predecessor-version":[{"id":53822,"href":"https:\/\/cuernavaca.gob.mx\/index.php?rest_route=\/wp\/v2\/posts\/53815\/revisions\/53822"}],"wp:featuredmedia":[{"embeddable":true,"href":"https:\/\/cuernavaca.gob.mx\/index.php?rest_route=\/wp\/v2\/media\/53818"}],"wp:attachment":[{"href":"https:\/\/cuernavaca.gob.mx\/index.php?rest_route=%2Fwp%2Fv2%2Fmedia&parent=53815"}],"wp:term":[{"taxonomy":"category","embeddable":true,"href":"https:\/\/cuernavaca.gob.mx\/index.php?rest_route=%2Fwp%2Fv2%2Fcategories&post=53815"},{"taxonomy":"post_tag","embeddable":true,"href":"https:\/\/cuernavaca.gob.mx\/index.php?rest_route=%2Fwp%2Fv2%2Ftags&post=53815"}],"curies":[{"name":"wp","href":"https:\/\/api.w.org\/{rel}","templated":true}]}}