{"id":53823,"date":"2025-10-21T08:00:30","date_gmt":"2025-10-21T14:00:30","guid":{"rendered":"https:\/\/cuernavaca.gob.mx\/?p=53823"},"modified":"2025-10-21T11:03:12","modified_gmt":"2025-10-21T17:03:12","slug":"b667-21-10-25-reconoce-cuernavaca-a-quienes-dejan-huella-entregaran-la-venera-cuernavaca-2025-a-destacadas-personalidades","status":"publish","type":"post","link":"https:\/\/cuernavaca.gob.mx\/?p=53823","title":{"rendered":"B667 21\/10\/25 RECONOCE CUERNAVACA A QUIENES DEJAN HUELLA: ENTREGAR\u00c1N LA &#8220;VENERA CUERNAVACA 2025\u201d A DESTACADAS PERSONALIDADES"},"content":{"rendered":"<p><strong>* La &#8220;Venera Cuernavaca 2025\u201d ser\u00e1 otorgada a figuras del arte, la cultura, el deporte y la vida p\u00fablica, como parte de los festejos por el aniversario de Cuernavaca como capital de Morelos<\/strong><\/p>\n<p>Como parte de la iniciativa impulsada desde la primera administraci\u00f3n del alcalde Jos\u00e9 Luis Uri\u00f3stegui Salgado, el Ayuntamiento de Cuernavaca entregar\u00e1 la condecoraci\u00f3n &#8220;Venera Cuernavaca 2025\u201d a mujeres y hombres que han dejado huella en la ciudad por su trayectoria, compromiso y aportes al desarrollo social, cultural y humano del municipio. Esta ceremonia se celebrar\u00e1 el pr\u00f3ximo 16 de noviembre, en el marco del aniversario de la declaraci\u00f3n de Cuernavaca como capital constitucional del estado de Morelos.<\/p>\n<p>En esta edici\u00f3n, el Cabildo aprob\u00f3 entregar la Venera en grado de distinci\u00f3n de honor a personalidades de diversos \u00e1mbitos. Entre ellas, la periodista, cronista e historiadora Lya Guti\u00e9rrez Quintanilla; la actriz de la \u00c9poca de Oro del cine mexicano, Elsa Aguirre; la empresaria y fil\u00e1ntropa Susan Grilo, reconocida por su labor a favor de los adultos mayores; la doctora en psicolog\u00eda y crimin\u00f3loga Mar\u00eda Elena Berengueras, quien ha documentado la sabidur\u00eda ancestral de chamanes, y la reconocida escultora Uri Solner.<\/p>\n<p>Tambi\u00e9n recibir\u00e1n este galard\u00f3n el ex\u00e1rbitro mundialista y abogado Arturo Brizio Carter; el artista urbano Lalo \u201cFuk\u201d Guti\u00e9rrez; el conferencista y promotor de la salud integral, Pablo Chalac\u00e1n; el artista Guillermo Monroy, integrante del grupo \u201cLos Fridos\u201d; y el m\u00fasico tradicional Benigno L\u00f3pez Montes, originario del poblado de Santa Mar\u00eda Ahuacatitl\u00e1n, quien es considerado el \u00faltimo huehuenche vivo de Cuernavaca. En un acto de memoria y reconocimiento, tambi\u00e9n se entregar\u00e1 la Venera de manera p\u00f3stuma al joven pol\u00edtico morelense Juan Pablo Adame.<\/p>\n<p>La ceremonia de entrega se llevar\u00e1 a cabo en una sesi\u00f3n solemne de Cabildo, donde autoridades, familiares y ciudadan\u00eda podr\u00e1n ser testigos de este emotivo acto. La convocatoria contin\u00faa abierta, por lo que el alcalde Jos\u00e9 Luis Uri\u00f3stegui Salgado se\u00f1al\u00f3 que a\u00fan pueden presentarse propuestas de otras personas que han dejado una huella positiva en Cuernavaca. La Venera Cuernavaca 2025 representa no solo un galard\u00f3n, sino el orgullo de una ciudad que reconoce a quienes le han dado identidad, historia y vida.<\/p>\n\n\t\t<style type=\"text\/css\">\n\t\t\t#gallery-1 {\n\t\t\t\tmargin: auto;\n\t\t\t}\n\t\t\t#gallery-1 .gallery-item {\n\t\t\t\tfloat: left;\n\t\t\t\tmargin-top: 10px;\n\t\t\t\ttext-align: center;\n\t\t\t\twidth: 33%;\n\t\t\t}\n\t\t\t#gallery-1 img {\n\t\t\t\tborder: 2px solid #cfcfcf;\n\t\t\t}\n\t\t\t#gallery-1 .gallery-caption {\n\t\t\t\tmargin-left: 0;\n\t\t\t}\n\t\t\t\/* see gallery_shortcode() in wp-includes\/media.php *\/\n\t\t<\/style>\n\t\t<div id='gallery-1' class='gallery galleryid-53823 gallery-columns-3 gallery-size-thumbnail'><dl class='gallery-item'>\n\t\t\t<dt class='gallery-icon landscape'>\n\t\t\t\t<a href='https:\/\/cuernavaca.gob.mx\/?attachment_id=53824'><img width=\"150\" height=\"150\" src=\"https:\/\/cuernavaca.gob.mx\/wp-content\/uploads\/2025\/10\/ENTREGARA\u0301N-LA-22VENERA-CUERNAVACA-2025-A-DESTACADAS-PERSONALIDADES-1-150x150.jpg\" class=\"attachment-thumbnail size-thumbnail\" alt=\"\" loading=\"lazy\" \/><\/a>\n\t\t\t<\/dt><\/dl><dl class='gallery-item'>\n\t\t\t<dt class='gallery-icon landscape'>\n\t\t\t\t<a href='https:\/\/cuernavaca.gob.mx\/?attachment_id=53825'><img width=\"150\" height=\"150\" src=\"https:\/\/cuernavaca.gob.mx\/wp-content\/uploads\/2025\/10\/ENTREGARA\u0301N-LA-22VENERA-CUERNAVACA-2025-A-DESTACADAS-PERSONALIDADES-2-150x150.jpg\" class=\"attachment-thumbnail size-thumbnail\" alt=\"\" loading=\"lazy\" \/><\/a>\n\t\t\t<\/dt><\/dl>\n\t\t\t<br style='clear: both' \/>\n\t\t<\/div>\n\n","protected":false},"excerpt":{"rendered":"<p>* La &#8220;Venera Cuernavaca 2025\u201d ser\u00e1 otorgada a figuras del arte, la cultura, el deporte y la vida p\u00fablica, como parte de los festejos por el aniversario de Cuernavaca como capital de Morelos Como parte de la iniciativa impulsada desde la primera administraci\u00f3n del alcalde Jos\u00e9 Luis Uri\u00f3stegui Salgado, el Ayuntamiento de Cuernavaca entregar\u00e1 la [&hellip;]<\/p>\n","protected":false},"author":1,"featured_media":53824,"comment_status":"closed","ping_status":"open","sticky":false,"template":"","format":"standard","meta":[],"categories":[3047],"tags":[2342,121,120,127,712,3412],"aioseo_notices":[],"_links":{"self":[{"href":"https:\/\/cuernavaca.gob.mx\/index.php?rest_route=\/wp\/v2\/posts\/53823"}],"collection":[{"href":"https:\/\/cuernavaca.gob.mx\/index.php?rest_route=\/wp\/v2\/posts"}],"about":[{"href":"https:\/\/cuernavaca.gob.mx\/index.php?rest_route=\/wp\/v2\/types\/post"}],"author":[{"embeddable":true,"href":"https:\/\/cuernavaca.gob.mx\/index.php?rest_route=\/wp\/v2\/users\/1"}],"replies":[{"embeddable":true,"href":"https:\/\/cuernavaca.gob.mx\/index.php?rest_route=%2Fwp%2Fv2%2Fcomments&post=53823"}],"version-history":[{"count":1,"href":"https:\/\/cuernavaca.gob.mx\/index.php?rest_route=\/wp\/v2\/posts\/53823\/revisions"}],"predecessor-version":[{"id":53826,"href":"https:\/\/cuernavaca.gob.mx\/index.php?rest_route=\/wp\/v2\/posts\/53823\/revisions\/53826"}],"wp:featuredmedia":[{"embeddable":true,"href":"https:\/\/cuernavaca.gob.mx\/index.php?rest_route=\/wp\/v2\/media\/53824"}],"wp:attachment":[{"href":"https:\/\/cuernavaca.gob.mx\/index.php?rest_route=%2Fwp%2Fv2%2Fmedia&parent=53823"}],"wp:term":[{"taxonomy":"category","embeddable":true,"href":"https:\/\/cuernavaca.gob.mx\/index.php?rest_route=%2Fwp%2Fv2%2Fcategories&post=53823"},{"taxonomy":"post_tag","embeddable":true,"href":"https:\/\/cuernavaca.gob.mx\/index.php?rest_route=%2Fwp%2Fv2%2Ftags&post=53823"}],"curies":[{"name":"wp","href":"https:\/\/api.w.org\/{rel}","templated":true}]}}