{"id":53827,"date":"2025-10-21T11:50:11","date_gmt":"2025-10-21T17:50:11","guid":{"rendered":"https:\/\/cuernavaca.gob.mx\/?p=53827"},"modified":"2025-10-21T11:52:11","modified_gmt":"2025-10-21T17:52:11","slug":"b668-21-10-25-ayuntamiento-de-cuernavaca-garantiza-pago-integro-de-aguinaldo-en-diciembre-a-trabajadores-y-jubilados","status":"publish","type":"post","link":"https:\/\/cuernavaca.gob.mx\/?p=53827","title":{"rendered":"B668 21\/10\/25 AYUNTAMIENTO DE CUERNAVACA GARANTIZA PAGO \u00cdNTEGRO DE AGUINALDO EN DICIEMBRE A TRABAJADORES Y JUBILADOS"},"content":{"rendered":"<p>Cuernavaca, Morelos a 21 de octubre de 2025<\/p>\n<p>\u2022 Derivado de la estabilidad financiera del municipio, el Ayuntamiento capitalino realizar\u00e1 el pago completo del aguinaldo en una sola exhibici\u00f3n, junto con otras prestaciones, beneficiando a trabajadores y pensionados<\/p>\n<p>Por instrucciones del presidente municipal de Cuernavaca, Jos\u00e9 Luis Uri\u00f3stegui Salgado, y como resultado de la estabilidad financiera alcanzada durante su primera administraci\u00f3n y lo que va de la presente, el Ayuntamiento capitalino entregar\u00e1 de manera \u00edntegra y en una sola exhibici\u00f3n el aguinaldo correspondiente al ejercicio 2025 durante el mes de diciembre.<\/p>\n<p>Este beneficio aplicar\u00e1 para trabajadores sindicalizados, de base, de confianza, jubilados y pensionados, tal como se ha venido realizando en los \u00faltimos dos a\u00f1os bajo el liderazgo del alcalde Uri\u00f3stegui Salgado.<\/p>\n<p>En conferencia de prensa, la secretaria de Administraci\u00f3n, Rosa Icela G\u00f3mez D\u00edaz, se\u00f1al\u00f3 que si bien la Ley del Servicio Civil del Estado de Morelos, en su art\u00edculo 42, establece que el pago del aguinaldo debe efectuarse en dos partes, la primera a m\u00e1s tardar el 15 de diciembre y la segunda antes del 15 de enero del siguiente a\u00f1o, la actual administraci\u00f3n se encuentra en condiciones financieras \u00f3ptimas para realizar el pago completo durante el mes de diciembre.<\/p>\n<p>Adem\u00e1s, se inform\u00f3 que en el mismo mes se cubrir\u00e1 tambi\u00e9n el pago de la prima vacacional correspondiente al segundo semestre de 2025, as\u00ed como los d\u00edas econ\u00f3micos no disfrutados por el personal sindicalizado hasta el 30 de noviembre de este a\u00f1o.<\/p>\n<p>G\u00f3mez D\u00edaz precis\u00f3 que con estas acciones ser\u00e1n beneficiados un total de mil 868 trabajadores sindicalizados, de base y de confianza, as\u00ed como a mil 789 jubilados y pensionados, con una erogaci\u00f3n aproximada de 145 millones de pesos.<\/p>\n<p>Finalmente, destac\u00f3 que estas medidas reflejan el firme compromiso de la administraci\u00f3n municipal con el bienestar y la estabilidad laboral de quienes forman parte del Gobierno Municipal.<\/p>\n<p>&nbsp;<\/p>\n\n\t\t<style type=\"text\/css\">\n\t\t\t#gallery-1 {\n\t\t\t\tmargin: auto;\n\t\t\t}\n\t\t\t#gallery-1 .gallery-item {\n\t\t\t\tfloat: left;\n\t\t\t\tmargin-top: 10px;\n\t\t\t\ttext-align: center;\n\t\t\t\twidth: 50%;\n\t\t\t}\n\t\t\t#gallery-1 img {\n\t\t\t\tborder: 2px solid #cfcfcf;\n\t\t\t}\n\t\t\t#gallery-1 .gallery-caption {\n\t\t\t\tmargin-left: 0;\n\t\t\t}\n\t\t\t\/* see gallery_shortcode() in wp-includes\/media.php *\/\n\t\t<\/style>\n\t\t<div id='gallery-1' class='gallery galleryid-53827 gallery-columns-2 gallery-size-medium'><dl class='gallery-item'>\n\t\t\t<dt class='gallery-icon landscape'>\n\t\t\t\t<a href='https:\/\/cuernavaca.gob.mx\/wp-content\/uploads\/2025\/10\/WhatsApp-Image-2025-10-21-at-11.39.50-AM-1.jpeg'><img width=\"300\" height=\"200\" src=\"https:\/\/cuernavaca.gob.mx\/wp-content\/uploads\/2025\/10\/WhatsApp-Image-2025-10-21-at-11.39.50-AM-1-300x200.jpeg\" class=\"attachment-medium size-medium\" alt=\"\" loading=\"lazy\" srcset=\"https:\/\/cuernavaca.gob.mx\/wp-content\/uploads\/2025\/10\/WhatsApp-Image-2025-10-21-at-11.39.50-AM-1-300x200.jpeg 300w, https:\/\/cuernavaca.gob.mx\/wp-content\/uploads\/2025\/10\/WhatsApp-Image-2025-10-21-at-11.39.50-AM-1-1024x682.jpeg 1024w, https:\/\/cuernavaca.gob.mx\/wp-content\/uploads\/2025\/10\/WhatsApp-Image-2025-10-21-at-11.39.50-AM-1-768x512.jpeg 768w, https:\/\/cuernavaca.gob.mx\/wp-content\/uploads\/2025\/10\/WhatsApp-Image-2025-10-21-at-11.39.50-AM-1-600x400.jpeg 600w, https:\/\/cuernavaca.gob.mx\/wp-content\/uploads\/2025\/10\/WhatsApp-Image-2025-10-21-at-11.39.50-AM-1-560x373.jpeg 560w, https:\/\/cuernavaca.gob.mx\/wp-content\/uploads\/2025\/10\/WhatsApp-Image-2025-10-21-at-11.39.50-AM-1.jpeg 1280w\" sizes=\"(max-width: 300px) 100vw, 300px\" \/><\/a>\n\t\t\t<\/dt><\/dl><dl class='gallery-item'>\n\t\t\t<dt class='gallery-icon landscape'>\n\t\t\t\t<a href='https:\/\/cuernavaca.gob.mx\/wp-content\/uploads\/2025\/10\/WhatsApp-Image-2025-10-21-at-11.39.50-AM.jpeg'><img width=\"300\" height=\"200\" src=\"https:\/\/cuernavaca.gob.mx\/wp-content\/uploads\/2025\/10\/WhatsApp-Image-2025-10-21-at-11.39.50-AM-300x200.jpeg\" class=\"attachment-medium size-medium\" alt=\"\" loading=\"lazy\" srcset=\"https:\/\/cuernavaca.gob.mx\/wp-content\/uploads\/2025\/10\/WhatsApp-Image-2025-10-21-at-11.39.50-AM-300x200.jpeg 300w, https:\/\/cuernavaca.gob.mx\/wp-content\/uploads\/2025\/10\/WhatsApp-Image-2025-10-21-at-11.39.50-AM-1024x682.jpeg 1024w, https:\/\/cuernavaca.gob.mx\/wp-content\/uploads\/2025\/10\/WhatsApp-Image-2025-10-21-at-11.39.50-AM-768x512.jpeg 768w, https:\/\/cuernavaca.gob.mx\/wp-content\/uploads\/2025\/10\/WhatsApp-Image-2025-10-21-at-11.39.50-AM-1536x1023.jpeg 1536w, https:\/\/cuernavaca.gob.mx\/wp-content\/uploads\/2025\/10\/WhatsApp-Image-2025-10-21-at-11.39.50-AM-600x400.jpeg 600w, https:\/\/cuernavaca.gob.mx\/wp-content\/uploads\/2025\/10\/WhatsApp-Image-2025-10-21-at-11.39.50-AM-560x373.jpeg 560w, https:\/\/cuernavaca.gob.mx\/wp-content\/uploads\/2025\/10\/WhatsApp-Image-2025-10-21-at-11.39.50-AM.jpeg 1600w\" sizes=\"(max-width: 300px) 100vw, 300px\" \/><\/a>\n\t\t\t<\/dt><\/dl><br style=\"clear: both\" \/>\n\t\t<\/div>\n\n","protected":false},"excerpt":{"rendered":"<p>Cuernavaca, Morelos a 21 de octubre de 2025 \u2022 Derivado de la estabilidad financiera del municipio, el Ayuntamiento capitalino realizar\u00e1 el pago completo del aguinaldo en una sola exhibici\u00f3n, junto con otras prestaciones, beneficiando a trabajadores y pensionados Por instrucciones del presidente municipal de Cuernavaca, Jos\u00e9 Luis Uri\u00f3stegui Salgado, y como resultado de la estabilidad [&hellip;]<\/p>\n","protected":false},"author":1,"featured_media":53828,"comment_status":"closed","ping_status":"open","sticky":false,"template":"","format":"standard","meta":[],"categories":[2294],"tags":[],"aioseo_notices":[],"_links":{"self":[{"href":"https:\/\/cuernavaca.gob.mx\/index.php?rest_route=\/wp\/v2\/posts\/53827"}],"collection":[{"href":"https:\/\/cuernavaca.gob.mx\/index.php?rest_route=\/wp\/v2\/posts"}],"about":[{"href":"https:\/\/cuernavaca.gob.mx\/index.php?rest_route=\/wp\/v2\/types\/post"}],"author":[{"embeddable":true,"href":"https:\/\/cuernavaca.gob.mx\/index.php?rest_route=\/wp\/v2\/users\/1"}],"replies":[{"embeddable":true,"href":"https:\/\/cuernavaca.gob.mx\/index.php?rest_route=%2Fwp%2Fv2%2Fcomments&post=53827"}],"version-history":[{"count":2,"href":"https:\/\/cuernavaca.gob.mx\/index.php?rest_route=\/wp\/v2\/posts\/53827\/revisions"}],"predecessor-version":[{"id":53831,"href":"https:\/\/cuernavaca.gob.mx\/index.php?rest_route=\/wp\/v2\/posts\/53827\/revisions\/53831"}],"wp:featuredmedia":[{"embeddable":true,"href":"https:\/\/cuernavaca.gob.mx\/index.php?rest_route=\/wp\/v2\/media\/53828"}],"wp:attachment":[{"href":"https:\/\/cuernavaca.gob.mx\/index.php?rest_route=%2Fwp%2Fv2%2Fmedia&parent=53827"}],"wp:term":[{"taxonomy":"category","embeddable":true,"href":"https:\/\/cuernavaca.gob.mx\/index.php?rest_route=%2Fwp%2Fv2%2Fcategories&post=53827"},{"taxonomy":"post_tag","embeddable":true,"href":"https:\/\/cuernavaca.gob.mx\/index.php?rest_route=%2Fwp%2Fv2%2Ftags&post=53827"}],"curies":[{"name":"wp","href":"https:\/\/api.w.org\/{rel}","templated":true}]}}