{"id":53832,"date":"2025-10-21T12:54:01","date_gmt":"2025-10-21T18:54:01","guid":{"rendered":"https:\/\/cuernavaca.gob.mx\/?p=53832"},"modified":"2025-10-21T12:54:01","modified_gmt":"2025-10-21T18:54:01","slug":"b669-21-10-25-instituto-de-la-mujer-de-cuernavaca-promueve-factores-de-proteccion-y-deteccion-oportuna-contra-el-cancer-de-mama","status":"publish","type":"post","link":"https:\/\/cuernavaca.gob.mx\/?p=53832","title":{"rendered":"B669 21\/10\/25 INSTITUTO DE LA MUJER DE CUERNAVACA PROMUEVE FACTORES DE PROTECCI\u00d3N Y DETECCI\u00d3N OPORTUNA CONTRA EL C\u00c1NCER DE MAMA"},"content":{"rendered":"<p>Cuernavaca, Morelos a 21 de octubre de 2025<\/p>\n<p>\u2022 El nutri\u00f3logo cl\u00ednico H\u00e9ctor Manuel Garc\u00eda Hern\u00e1ndez imparti\u00f3 la pl\u00e1tica &#8220;La nutrici\u00f3n como factor protector contra el c\u00e1ncer de mama\u201d<\/p>\n<p>Con el objetivo de sensibilizar sobre la importancia de la prevenci\u00f3n del c\u00e1ncer de mama, el Instituto de la Mujer de Cuernavaca (IMC) ofreci\u00f3 la pl\u00e1tica \u201cLa nutrici\u00f3n como factor protector contra el c\u00e1ncer de mama\u201d, dirigida a colaboradoras del Ayuntamiento de Cuernavaca.<\/p>\n<p>La charla fue impartida por el maestro nutri\u00f3logo cl\u00ednico H\u00e9ctor Manuel Garc\u00eda Hern\u00e1ndez, quien destac\u00f3 que una alimentaci\u00f3n balanceada, la actividad f\u00edsica diaria y la salud emocional son factores relevantes para reducir el riesgo de esta enfermedad. Subray\u00f3 que no existen soluciones milagrosas, y que la prevenci\u00f3n depende de adoptar h\u00e1bitos saludables de forma constante.<\/p>\n<p>Durante su intervenci\u00f3n, Garc\u00eda Hern\u00e1ndez explic\u00f3 que otros factores de protecci\u00f3n incluyen la lactancia materna y la autoexploraci\u00f3n, mientras que factores de riesgo son la obesidad, el tabaquismo, el consumo excesivo de alcohol, el uso prolongado de anticonceptivos hormonales y antecedentes menstruales tempranos.<\/p>\n<p>Por su parte, la directora del IMC, Lorena Elizabeth Castillo, como integrante del Comit\u00e9 de Salud Mental del Instituto Nacional de Salud P\u00fablica (INSP), precis\u00f3 que, en 2024, se registraron 151 defunciones por c\u00e1ncer de mama en Morelos, mientras Cuernavaca concentra la mayor cantidad de casos con 64 muertes, seguido de Cuautla con 17.<\/p>\n<p>Agreg\u00f3, \u201cPreocupa que cinco mujeres fallecidas en 2024 no contaban con atenci\u00f3n m\u00e9dica, lo que evidencia la urgencia de fortalecer el acceso a servicios de salud y fomentar la detecci\u00f3n oportuna; mientras que la tasa estandarizada de mortalidad por c\u00e1ncer de mama en Morelos fue de 21.2 fallecimientos por cada 100 mil mujeres, superior al promedio nacional de 18.7\u201d.<\/p>\n<p>Finalmente, agradeci\u00f3 el respaldo del gabinete municipal, de las y los integrantes del Cabildo, y de manera especial, de las regidoras Erika Lastra Jaimes, Miriam Aidee Barajas Basilio, Arnett Jim\u00e9nez Juliana Gaspar y del regidor Hugo Bar\u00f3n Pulido, quienes estuvieron presentes en la pl\u00e1tica. Reconoci\u00f3 tambi\u00e9n su apoyo constante a la Campa\u00f1a de Detecci\u00f3n Oportuna del C\u00e1ncer, e invit\u00f3 a todas las trabajadoras municipales a sumarse a las actividades del IMC, orientadas a la promoci\u00f3n de la salud emocional, el bienestar f\u00edsico y la autonom\u00eda econ\u00f3mica.<\/p>\n<p>&nbsp;<\/p>\n\n\t\t<style type=\"text\/css\">\n\t\t\t#gallery-1 {\n\t\t\t\tmargin: auto;\n\t\t\t}\n\t\t\t#gallery-1 .gallery-item {\n\t\t\t\tfloat: left;\n\t\t\t\tmargin-top: 10px;\n\t\t\t\ttext-align: center;\n\t\t\t\twidth: 50%;\n\t\t\t}\n\t\t\t#gallery-1 img {\n\t\t\t\tborder: 2px solid #cfcfcf;\n\t\t\t}\n\t\t\t#gallery-1 .gallery-caption {\n\t\t\t\tmargin-left: 0;\n\t\t\t}\n\t\t\t\/* see gallery_shortcode() in wp-includes\/media.php *\/\n\t\t<\/style>\n\t\t<div id='gallery-1' class='gallery galleryid-53832 gallery-columns-2 gallery-size-medium'><dl class='gallery-item'>\n\t\t\t<dt class='gallery-icon portrait'>\n\t\t\t\t<a href='https:\/\/cuernavaca.gob.mx\/wp-content\/uploads\/2025\/10\/WhatsApp-Image-2025-10-21-at-12.35.40-PM-1.jpeg'><img width=\"298\" height=\"300\" src=\"https:\/\/cuernavaca.gob.mx\/wp-content\/uploads\/2025\/10\/WhatsApp-Image-2025-10-21-at-12.35.40-PM-1-298x300.jpeg\" class=\"attachment-medium size-medium\" alt=\"\" loading=\"lazy\" srcset=\"https:\/\/cuernavaca.gob.mx\/wp-content\/uploads\/2025\/10\/WhatsApp-Image-2025-10-21-at-12.35.40-PM-1-298x300.jpeg 298w, https:\/\/cuernavaca.gob.mx\/wp-content\/uploads\/2025\/10\/WhatsApp-Image-2025-10-21-at-12.35.40-PM-1-1016x1024.jpeg 1016w, https:\/\/cuernavaca.gob.mx\/wp-content\/uploads\/2025\/10\/WhatsApp-Image-2025-10-21-at-12.35.40-PM-1-150x150.jpeg 150w, https:\/\/cuernavaca.gob.mx\/wp-content\/uploads\/2025\/10\/WhatsApp-Image-2025-10-21-at-12.35.40-PM-1-768x774.jpeg 768w, https:\/\/cuernavaca.gob.mx\/wp-content\/uploads\/2025\/10\/WhatsApp-Image-2025-10-21-at-12.35.40-PM-1-595x600.jpeg 595w, https:\/\/cuernavaca.gob.mx\/wp-content\/uploads\/2025\/10\/WhatsApp-Image-2025-10-21-at-12.35.40-PM-1-556x560.jpeg 556w, https:\/\/cuernavaca.gob.mx\/wp-content\/uploads\/2025\/10\/WhatsApp-Image-2025-10-21-at-12.35.40-PM-1.jpeg 1512w\" sizes=\"(max-width: 298px) 100vw, 298px\" \/><\/a>\n\t\t\t<\/dt><\/dl><dl class='gallery-item'>\n\t\t\t<dt class='gallery-icon landscape'>\n\t\t\t\t<a href='https:\/\/cuernavaca.gob.mx\/wp-content\/uploads\/2025\/10\/WhatsApp-Image-2025-10-21-at-12.35.40-PM-2.jpeg'><img width=\"300\" height=\"225\" src=\"https:\/\/cuernavaca.gob.mx\/wp-content\/uploads\/2025\/10\/WhatsApp-Image-2025-10-21-at-12.35.40-PM-2-300x225.jpeg\" class=\"attachment-medium size-medium\" alt=\"\" loading=\"lazy\" srcset=\"https:\/\/cuernavaca.gob.mx\/wp-content\/uploads\/2025\/10\/WhatsApp-Image-2025-10-21-at-12.35.40-PM-2-300x225.jpeg 300w, https:\/\/cuernavaca.gob.mx\/wp-content\/uploads\/2025\/10\/WhatsApp-Image-2025-10-21-at-12.35.40-PM-2-1024x768.jpeg 1024w, https:\/\/cuernavaca.gob.mx\/wp-content\/uploads\/2025\/10\/WhatsApp-Image-2025-10-21-at-12.35.40-PM-2-768x576.jpeg 768w, https:\/\/cuernavaca.gob.mx\/wp-content\/uploads\/2025\/10\/WhatsApp-Image-2025-10-21-at-12.35.40-PM-2-600x450.jpeg 600w, https:\/\/cuernavaca.gob.mx\/wp-content\/uploads\/2025\/10\/WhatsApp-Image-2025-10-21-at-12.35.40-PM-2-560x420.jpeg 560w, https:\/\/cuernavaca.gob.mx\/wp-content\/uploads\/2025\/10\/WhatsApp-Image-2025-10-21-at-12.35.40-PM-2.jpeg 1448w\" sizes=\"(max-width: 300px) 100vw, 300px\" \/><\/a>\n\t\t\t<\/dt><\/dl><br style=\"clear: both\" \/><dl class='gallery-item'>\n\t\t\t<dt class='gallery-icon landscape'>\n\t\t\t\t<a href='https:\/\/cuernavaca.gob.mx\/wp-content\/uploads\/2025\/10\/WhatsApp-Image-2025-10-21-at-12.35.40-PM.jpeg'><img width=\"300\" height=\"252\" src=\"https:\/\/cuernavaca.gob.mx\/wp-content\/uploads\/2025\/10\/WhatsApp-Image-2025-10-21-at-12.35.40-PM-300x252.jpeg\" class=\"attachment-medium size-medium\" alt=\"\" loading=\"lazy\" srcset=\"https:\/\/cuernavaca.gob.mx\/wp-content\/uploads\/2025\/10\/WhatsApp-Image-2025-10-21-at-12.35.40-PM-300x252.jpeg 300w, https:\/\/cuernavaca.gob.mx\/wp-content\/uploads\/2025\/10\/WhatsApp-Image-2025-10-21-at-12.35.40-PM-1024x860.jpeg 1024w, https:\/\/cuernavaca.gob.mx\/wp-content\/uploads\/2025\/10\/WhatsApp-Image-2025-10-21-at-12.35.40-PM-768x645.jpeg 768w, https:\/\/cuernavaca.gob.mx\/wp-content\/uploads\/2025\/10\/WhatsApp-Image-2025-10-21-at-12.35.40-PM-600x504.jpeg 600w, https:\/\/cuernavaca.gob.mx\/wp-content\/uploads\/2025\/10\/WhatsApp-Image-2025-10-21-at-12.35.40-PM-560x470.jpeg 560w, https:\/\/cuernavaca.gob.mx\/wp-content\/uploads\/2025\/10\/WhatsApp-Image-2025-10-21-at-12.35.40-PM.jpeg 1073w\" sizes=\"(max-width: 300px) 100vw, 300px\" \/><\/a>\n\t\t\t<\/dt><\/dl><dl class='gallery-item'>\n\t\t\t<dt class='gallery-icon landscape'>\n\t\t\t\t<a href='https:\/\/cuernavaca.gob.mx\/wp-content\/uploads\/2025\/10\/WhatsApp-Image-2025-10-21-at-12.35.41-PM-1.jpeg'><img width=\"300\" height=\"243\" src=\"https:\/\/cuernavaca.gob.mx\/wp-content\/uploads\/2025\/10\/WhatsApp-Image-2025-10-21-at-12.35.41-PM-1-300x243.jpeg\" class=\"attachment-medium size-medium\" alt=\"\" loading=\"lazy\" srcset=\"https:\/\/cuernavaca.gob.mx\/wp-content\/uploads\/2025\/10\/WhatsApp-Image-2025-10-21-at-12.35.41-PM-1-300x243.jpeg 300w, https:\/\/cuernavaca.gob.mx\/wp-content\/uploads\/2025\/10\/WhatsApp-Image-2025-10-21-at-12.35.41-PM-1-1024x829.jpeg 1024w, https:\/\/cuernavaca.gob.mx\/wp-content\/uploads\/2025\/10\/WhatsApp-Image-2025-10-21-at-12.35.41-PM-1-768x622.jpeg 768w, https:\/\/cuernavaca.gob.mx\/wp-content\/uploads\/2025\/10\/WhatsApp-Image-2025-10-21-at-12.35.41-PM-1-1536x1244.jpeg 1536w, https:\/\/cuernavaca.gob.mx\/wp-content\/uploads\/2025\/10\/WhatsApp-Image-2025-10-21-at-12.35.41-PM-1-600x486.jpeg 600w, https:\/\/cuernavaca.gob.mx\/wp-content\/uploads\/2025\/10\/WhatsApp-Image-2025-10-21-at-12.35.41-PM-1-560x454.jpeg 560w, https:\/\/cuernavaca.gob.mx\/wp-content\/uploads\/2025\/10\/WhatsApp-Image-2025-10-21-at-12.35.41-PM-1.jpeg 1600w\" sizes=\"(max-width: 300px) 100vw, 300px\" \/><\/a>\n\t\t\t<\/dt><\/dl><br style=\"clear: both\" \/>\n\t\t<\/div>\n\n","protected":false},"excerpt":{"rendered":"<p>Cuernavaca, Morelos a 21 de octubre de 2025 \u2022 El nutri\u00f3logo cl\u00ednico H\u00e9ctor Manuel Garc\u00eda Hern\u00e1ndez imparti\u00f3 la pl\u00e1tica &#8220;La nutrici\u00f3n como factor protector contra el c\u00e1ncer de mama\u201d Con el objetivo de sensibilizar sobre la importancia de la prevenci\u00f3n del c\u00e1ncer de mama, el Instituto de la Mujer de Cuernavaca (IMC) ofreci\u00f3 la pl\u00e1tica [&hellip;]<\/p>\n","protected":false},"author":1,"featured_media":53835,"comment_status":"closed","ping_status":"open","sticky":false,"template":"","format":"standard","meta":[],"categories":[280,899],"tags":[],"aioseo_notices":[],"_links":{"self":[{"href":"https:\/\/cuernavaca.gob.mx\/index.php?rest_route=\/wp\/v2\/posts\/53832"}],"collection":[{"href":"https:\/\/cuernavaca.gob.mx\/index.php?rest_route=\/wp\/v2\/posts"}],"about":[{"href":"https:\/\/cuernavaca.gob.mx\/index.php?rest_route=\/wp\/v2\/types\/post"}],"author":[{"embeddable":true,"href":"https:\/\/cuernavaca.gob.mx\/index.php?rest_route=\/wp\/v2\/users\/1"}],"replies":[{"embeddable":true,"href":"https:\/\/cuernavaca.gob.mx\/index.php?rest_route=%2Fwp%2Fv2%2Fcomments&post=53832"}],"version-history":[{"count":1,"href":"https:\/\/cuernavaca.gob.mx\/index.php?rest_route=\/wp\/v2\/posts\/53832\/revisions"}],"predecessor-version":[{"id":53837,"href":"https:\/\/cuernavaca.gob.mx\/index.php?rest_route=\/wp\/v2\/posts\/53832\/revisions\/53837"}],"wp:featuredmedia":[{"embeddable":true,"href":"https:\/\/cuernavaca.gob.mx\/index.php?rest_route=\/wp\/v2\/media\/53835"}],"wp:attachment":[{"href":"https:\/\/cuernavaca.gob.mx\/index.php?rest_route=%2Fwp%2Fv2%2Fmedia&parent=53832"}],"wp:term":[{"taxonomy":"category","embeddable":true,"href":"https:\/\/cuernavaca.gob.mx\/index.php?rest_route=%2Fwp%2Fv2%2Fcategories&post=53832"},{"taxonomy":"post_tag","embeddable":true,"href":"https:\/\/cuernavaca.gob.mx\/index.php?rest_route=%2Fwp%2Fv2%2Ftags&post=53832"}],"curies":[{"name":"wp","href":"https:\/\/api.w.org\/{rel}","templated":true}]}}