{"id":53840,"date":"2025-10-22T09:09:47","date_gmt":"2025-10-22T15:09:47","guid":{"rendered":"https:\/\/cuernavaca.gob.mx\/?p=53840"},"modified":"2025-10-22T09:09:47","modified_gmt":"2025-10-22T15:09:47","slug":"b670-22-11-25-cuernavaca-liquidara-en-diciembre-el-ultimo-credito-fiscal-heredado-con-el-sat","status":"publish","type":"post","link":"https:\/\/cuernavaca.gob.mx\/?p=53840","title":{"rendered":"B670 22\/11\/25 CUERNAVACA LIQUIDAR\u00c1 EN DICIEMBRE EL \u00daLTIMO CR\u00c9DITO FISCAL HEREDADO CON EL SAT"},"content":{"rendered":"<p>Cuernavaca, Morelos a 22 de octubre de 2025<\/p>\n<p>&nbsp;<\/p>\n<p>\u2022 El Ayuntamiento, encabezado por el alcalde Jos\u00e9 Luis Uri\u00f3stegui, contin\u00faa consolidando una administraci\u00f3n transparente, responsable y comprometida con el desarrollo sostenible de la capital morelense<\/p>\n<p>&nbsp;<\/p>\n<p>En un paso m\u00e1s hacia el fortalecimiento de las finanzas p\u00fablicas municipales, el Ayuntamiento de Cuernavaca, presidido por el alcalde Jos\u00e9 Luis Uri\u00f3stegui Salgado, anunci\u00f3 que en el mes de diciembre de este a\u00f1o se liquidar\u00e1 en su totalidad el \u00faltimo cr\u00e9dito fiscal heredado con el Servicio de Administraci\u00f3n Tributaria (SAT), reflejo del compromiso asumido desde el inicio de su gesti\u00f3n con la disciplina financiera y la rendici\u00f3n de cuentas.<\/p>\n<p>&nbsp;<\/p>\n<p>Durante la presentaci\u00f3n del corte de caja del mes de septiembre y del tercer trimestre de 2025 ante el Cabildo, el tesorero municipal, Javier Arozarena Salazar, inform\u00f3 que este cr\u00e9dito ha sido cubierto mediante pagos mensuales de 45 millones de pesos, gracias a la voluntad del gobierno municipal de saldar adeudos rezagados de administraciones anteriores.<\/p>\n<p>&nbsp;<\/p>\n<p>Arozarena Salazar destac\u00f3 que, como resultado de esta estrategia, ya se han liquidado todos los adeudos bancarios y se han podido dirigir recursos a servicios p\u00fablicos, obra p\u00fablica y proyectos prioritarios, beneficiando directamente a la poblaci\u00f3n.<\/p>\n<p>&nbsp;<\/p>\n<p>De julio a septiembre de este a\u00f1o, solo el 8.8% del gasto fue destinado a deuda p\u00fablica, lo que refleja la eficiencia en el manejo de recursos. En ese periodo, los ingresos acumulados ascendieron a 549 millones 178 mil 691.86 pesos y los egresos a 592 millones 143 mil 279.72 pesos, manteniendo el enfoque en el uso responsable del presupuesto.<\/p>\n<p>&nbsp;<\/p>\n\n\t\t<style type=\"text\/css\">\n\t\t\t#gallery-1 {\n\t\t\t\tmargin: auto;\n\t\t\t}\n\t\t\t#gallery-1 .gallery-item {\n\t\t\t\tfloat: left;\n\t\t\t\tmargin-top: 10px;\n\t\t\t\ttext-align: center;\n\t\t\t\twidth: 33%;\n\t\t\t}\n\t\t\t#gallery-1 img {\n\t\t\t\tborder: 2px solid #cfcfcf;\n\t\t\t}\n\t\t\t#gallery-1 .gallery-caption {\n\t\t\t\tmargin-left: 0;\n\t\t\t}\n\t\t\t\/* see gallery_shortcode() in wp-includes\/media.php *\/\n\t\t<\/style>\n\t\t<div id='gallery-1' class='gallery galleryid-53840 gallery-columns-3 gallery-size-thumbnail'><dl class='gallery-item'>\n\t\t\t<dt class='gallery-icon landscape'>\n\t\t\t\t<a href='https:\/\/cuernavaca.gob.mx\/?attachment_id=53841'><img width=\"150\" height=\"150\" src=\"https:\/\/cuernavaca.gob.mx\/wp-content\/uploads\/2025\/10\/IMG-20251022-WA0003-150x150.jpg\" class=\"attachment-thumbnail size-thumbnail\" alt=\"\" loading=\"lazy\" \/><\/a>\n\t\t\t<\/dt><\/dl><dl class='gallery-item'>\n\t\t\t<dt class='gallery-icon landscape'>\n\t\t\t\t<a href='https:\/\/cuernavaca.gob.mx\/?attachment_id=53842'><img width=\"150\" height=\"150\" src=\"https:\/\/cuernavaca.gob.mx\/wp-content\/uploads\/2025\/10\/IMG-20251022-WA0004-150x150.jpg\" class=\"attachment-thumbnail size-thumbnail\" alt=\"\" loading=\"lazy\" \/><\/a>\n\t\t\t<\/dt><\/dl><dl class='gallery-item'>\n\t\t\t<dt class='gallery-icon landscape'>\n\t\t\t\t<a href='https:\/\/cuernavaca.gob.mx\/?attachment_id=53843'><img width=\"150\" height=\"150\" src=\"https:\/\/cuernavaca.gob.mx\/wp-content\/uploads\/2025\/10\/IMG-20251022-WA0005-150x150.jpg\" class=\"attachment-thumbnail size-thumbnail\" alt=\"\" loading=\"lazy\" \/><\/a>\n\t\t\t<\/dt><\/dl><br style=\"clear: both\" \/>\n\t\t<\/div>\n\n","protected":false},"excerpt":{"rendered":"<p>Cuernavaca, Morelos a 22 de octubre de 2025 &nbsp; \u2022 El Ayuntamiento, encabezado por el alcalde Jos\u00e9 Luis Uri\u00f3stegui, contin\u00faa consolidando una administraci\u00f3n transparente, responsable y comprometida con el desarrollo sostenible de la capital morelense &nbsp; En un paso m\u00e1s hacia el fortalecimiento de las finanzas p\u00fablicas municipales, el Ayuntamiento de Cuernavaca, presidido por el [&hellip;]<\/p>\n","protected":false},"author":1,"featured_media":53843,"comment_status":"closed","ping_status":"open","sticky":false,"template":"","format":"standard","meta":[],"categories":[2294],"tags":[],"aioseo_notices":[],"_links":{"self":[{"href":"https:\/\/cuernavaca.gob.mx\/index.php?rest_route=\/wp\/v2\/posts\/53840"}],"collection":[{"href":"https:\/\/cuernavaca.gob.mx\/index.php?rest_route=\/wp\/v2\/posts"}],"about":[{"href":"https:\/\/cuernavaca.gob.mx\/index.php?rest_route=\/wp\/v2\/types\/post"}],"author":[{"embeddable":true,"href":"https:\/\/cuernavaca.gob.mx\/index.php?rest_route=\/wp\/v2\/users\/1"}],"replies":[{"embeddable":true,"href":"https:\/\/cuernavaca.gob.mx\/index.php?rest_route=%2Fwp%2Fv2%2Fcomments&post=53840"}],"version-history":[{"count":1,"href":"https:\/\/cuernavaca.gob.mx\/index.php?rest_route=\/wp\/v2\/posts\/53840\/revisions"}],"predecessor-version":[{"id":53844,"href":"https:\/\/cuernavaca.gob.mx\/index.php?rest_route=\/wp\/v2\/posts\/53840\/revisions\/53844"}],"wp:featuredmedia":[{"embeddable":true,"href":"https:\/\/cuernavaca.gob.mx\/index.php?rest_route=\/wp\/v2\/media\/53843"}],"wp:attachment":[{"href":"https:\/\/cuernavaca.gob.mx\/index.php?rest_route=%2Fwp%2Fv2%2Fmedia&parent=53840"}],"wp:term":[{"taxonomy":"category","embeddable":true,"href":"https:\/\/cuernavaca.gob.mx\/index.php?rest_route=%2Fwp%2Fv2%2Fcategories&post=53840"},{"taxonomy":"post_tag","embeddable":true,"href":"https:\/\/cuernavaca.gob.mx\/index.php?rest_route=%2Fwp%2Fv2%2Ftags&post=53840"}],"curies":[{"name":"wp","href":"https:\/\/api.w.org\/{rel}","templated":true}]}}