{"id":53854,"date":"2025-10-23T10:29:53","date_gmt":"2025-10-23T16:29:53","guid":{"rendered":"https:\/\/cuernavaca.gob.mx\/?p=53854"},"modified":"2025-10-23T10:29:53","modified_gmt":"2025-10-23T16:29:53","slug":"f98-23-10-25-instala-ayuntamiento-de-cuernavaca-estructura-para-preservar-el-acueducto-de-gualupita","status":"publish","type":"post","link":"https:\/\/cuernavaca.gob.mx\/?p=53854","title":{"rendered":"F98 23\/10\/25 INSTALA AYUNTAMIENTO DE CUERNAVACA ESTRUCTURA PARA PRESERVAR EL ACUEDUCTO DE GUALUPITA"},"content":{"rendered":"<p>Cuernavaca, Morelos a 23 de octubre de 2025<\/p>\n<p>El Ayuntamiento de Cuernavaca informa que, a partir del pr\u00f3ximo jueves 23 de octubre, se instalar\u00e1 un arco met\u00e1lico de protecci\u00f3n en la calle Prolongaci\u00f3n del Arco, ubicada en el barrio de Gualupita, con el prop\u00f3sito de preservar el acueducto hist\u00f3rico que data de finales del siglo XVIII.<\/p>\n<p>&nbsp;<\/p>\n<p>Dicho arco ser\u00e1 colocado en la entrada de la calle, por lo que se restringir\u00e1 el acceso a veh\u00edculos con dimensiones superiores a tres metros de altura, entre ellos transporte p\u00fablico, camiones, tr\u00e1ilers y unidades de carga.<\/p>\n<p>&nbsp;<\/p>\n<p>Se solicita la comprensi\u00f3n y colaboraci\u00f3n de la ciudadan\u00eda, ya que esta medida busca garantizar la conservaci\u00f3n del acueducto, estructura patrimonial que forma parte del legado hist\u00f3rico y cultural de Cuernavaca.<\/p>\n","protected":false},"excerpt":{"rendered":"<p>Cuernavaca, Morelos a 23 de octubre de 2025 El Ayuntamiento de Cuernavaca informa que, a partir del pr\u00f3ximo jueves 23 de octubre, se instalar\u00e1 un arco met\u00e1lico de protecci\u00f3n en la calle Prolongaci\u00f3n del Arco, ubicada en el barrio de Gualupita, con el prop\u00f3sito de preservar el acueducto hist\u00f3rico que data de finales del siglo [&hellip;]<\/p>\n","protected":false},"author":1,"featured_media":53855,"comment_status":"closed","ping_status":"open","sticky":false,"template":"","format":"standard","meta":[],"categories":[18],"tags":[],"aioseo_notices":[],"_links":{"self":[{"href":"https:\/\/cuernavaca.gob.mx\/index.php?rest_route=\/wp\/v2\/posts\/53854"}],"collection":[{"href":"https:\/\/cuernavaca.gob.mx\/index.php?rest_route=\/wp\/v2\/posts"}],"about":[{"href":"https:\/\/cuernavaca.gob.mx\/index.php?rest_route=\/wp\/v2\/types\/post"}],"author":[{"embeddable":true,"href":"https:\/\/cuernavaca.gob.mx\/index.php?rest_route=\/wp\/v2\/users\/1"}],"replies":[{"embeddable":true,"href":"https:\/\/cuernavaca.gob.mx\/index.php?rest_route=%2Fwp%2Fv2%2Fcomments&post=53854"}],"version-history":[{"count":1,"href":"https:\/\/cuernavaca.gob.mx\/index.php?rest_route=\/wp\/v2\/posts\/53854\/revisions"}],"predecessor-version":[{"id":53856,"href":"https:\/\/cuernavaca.gob.mx\/index.php?rest_route=\/wp\/v2\/posts\/53854\/revisions\/53856"}],"wp:featuredmedia":[{"embeddable":true,"href":"https:\/\/cuernavaca.gob.mx\/index.php?rest_route=\/wp\/v2\/media\/53855"}],"wp:attachment":[{"href":"https:\/\/cuernavaca.gob.mx\/index.php?rest_route=%2Fwp%2Fv2%2Fmedia&parent=53854"}],"wp:term":[{"taxonomy":"category","embeddable":true,"href":"https:\/\/cuernavaca.gob.mx\/index.php?rest_route=%2Fwp%2Fv2%2Fcategories&post=53854"},{"taxonomy":"post_tag","embeddable":true,"href":"https:\/\/cuernavaca.gob.mx\/index.php?rest_route=%2Fwp%2Fv2%2Ftags&post=53854"}],"curies":[{"name":"wp","href":"https:\/\/api.w.org\/{rel}","templated":true}]}}