{"id":53869,"date":"2025-10-23T13:03:28","date_gmt":"2025-10-23T19:03:28","guid":{"rendered":"https:\/\/cuernavaca.gob.mx\/?p=53869"},"modified":"2025-10-23T13:03:28","modified_gmt":"2025-10-23T19:03:28","slug":"f99-23-10-25-jose-luis-uriostegui-reconoce-el-profesionalismo-y-dedicacion-de-los-medicos-y-medicas-en-cuernavaca","status":"publish","type":"post","link":"https:\/\/cuernavaca.gob.mx\/?p=53869","title":{"rendered":"F99 23\/10\/25 JOS\u00c9 LUIS URI\u00d3STEGUI RECONOCE EL PROFESIONALISMO Y DEDICACI\u00d3N DE LOS M\u00c9DICOS Y M\u00c9DICAS EN CUERNAVACA"},"content":{"rendered":"<p>Cuernavaca, Morelos a 23 de octubre de 2025<\/p>\n<p>&nbsp;<\/p>\n<p>En el marco del D\u00eda del M\u00e9dico en M\u00e9xico, el presidente municipal de Cuernavaca, Jos\u00e9 Luis Uri\u00f3stegui Salgado, reconoci\u00f3 la dedicaci\u00f3n de m\u00e9dicas y m\u00e9dicos que diariamente trabajan por la salud de la poblaci\u00f3n. Asimismo, destac\u00f3 el papel fundamental de las instituciones que los han formado, en especial la Facultad de Medicina de la Universidad Aut\u00f3noma del Estado de Morelos (UAEM), que este a\u00f1o celebra 50 a\u00f1os de trayectoria y prestigio.<\/p>\n<p>Durante la ceremonia conmemorativa, el alcalde agradeci\u00f3 la invitaci\u00f3n del doctor Lorenzo D\u00edaz Carrillo, director de la facultad, y subray\u00f3 que, a pesar de las limitaciones de infraestructura y recursos, la instituci\u00f3n ha formado profesionales que salvan vidas, previenen enfermedades y contribuyen al bienestar de la sociedad.<\/p>\n<p>Uri\u00f3stegui Salgado felicit\u00f3 a estudiantes, docentes, m\u00e9dicas y m\u00e9dicos, exhort\u00e1ndolos a seguir ofreciendo su mejor esfuerzo en beneficio de la humanidad, resaltando que su labor deja una huella profunda en cada persona y comunidad atendida.<\/p>\n\n\t\t<style type=\"text\/css\">\n\t\t\t#gallery-1 {\n\t\t\t\tmargin: auto;\n\t\t\t}\n\t\t\t#gallery-1 .gallery-item {\n\t\t\t\tfloat: left;\n\t\t\t\tmargin-top: 10px;\n\t\t\t\ttext-align: center;\n\t\t\t\twidth: 33%;\n\t\t\t}\n\t\t\t#gallery-1 img {\n\t\t\t\tborder: 2px solid #cfcfcf;\n\t\t\t}\n\t\t\t#gallery-1 .gallery-caption {\n\t\t\t\tmargin-left: 0;\n\t\t\t}\n\t\t\t\/* see gallery_shortcode() in wp-includes\/media.php *\/\n\t\t<\/style>\n\t\t<div id='gallery-1' class='gallery galleryid-53869 gallery-columns-3 gallery-size-medium'><dl class='gallery-item'>\n\t\t\t<dt class='gallery-icon landscape'>\n\t\t\t\t<a href='https:\/\/cuernavaca.gob.mx\/wp-content\/uploads\/2025\/10\/WhatsApp-Image-2025-10-23-at-12.49.04-PM-1.jpeg'><img width=\"300\" height=\"200\" src=\"https:\/\/cuernavaca.gob.mx\/wp-content\/uploads\/2025\/10\/WhatsApp-Image-2025-10-23-at-12.49.04-PM-1-300x200.jpeg\" class=\"attachment-medium size-medium\" alt=\"\" loading=\"lazy\" srcset=\"https:\/\/cuernavaca.gob.mx\/wp-content\/uploads\/2025\/10\/WhatsApp-Image-2025-10-23-at-12.49.04-PM-1-300x200.jpeg 300w, https:\/\/cuernavaca.gob.mx\/wp-content\/uploads\/2025\/10\/WhatsApp-Image-2025-10-23-at-12.49.04-PM-1-1024x682.jpeg 1024w, https:\/\/cuernavaca.gob.mx\/wp-content\/uploads\/2025\/10\/WhatsApp-Image-2025-10-23-at-12.49.04-PM-1-768x512.jpeg 768w, https:\/\/cuernavaca.gob.mx\/wp-content\/uploads\/2025\/10\/WhatsApp-Image-2025-10-23-at-12.49.04-PM-1-600x400.jpeg 600w, https:\/\/cuernavaca.gob.mx\/wp-content\/uploads\/2025\/10\/WhatsApp-Image-2025-10-23-at-12.49.04-PM-1-560x373.jpeg 560w, https:\/\/cuernavaca.gob.mx\/wp-content\/uploads\/2025\/10\/WhatsApp-Image-2025-10-23-at-12.49.04-PM-1.jpeg 1142w\" sizes=\"(max-width: 300px) 100vw, 300px\" \/><\/a>\n\t\t\t<\/dt><\/dl><dl class='gallery-item'>\n\t\t\t<dt class='gallery-icon landscape'>\n\t\t\t\t<a href='https:\/\/cuernavaca.gob.mx\/wp-content\/uploads\/2025\/10\/WhatsApp-Image-2025-10-23-at-12.49.04-PM-2.jpeg'><img width=\"300\" height=\"200\" src=\"https:\/\/cuernavaca.gob.mx\/wp-content\/uploads\/2025\/10\/WhatsApp-Image-2025-10-23-at-12.49.04-PM-2-300x200.jpeg\" class=\"attachment-medium size-medium\" alt=\"\" loading=\"lazy\" srcset=\"https:\/\/cuernavaca.gob.mx\/wp-content\/uploads\/2025\/10\/WhatsApp-Image-2025-10-23-at-12.49.04-PM-2-300x200.jpeg 300w, https:\/\/cuernavaca.gob.mx\/wp-content\/uploads\/2025\/10\/WhatsApp-Image-2025-10-23-at-12.49.04-PM-2-1024x682.jpeg 1024w, https:\/\/cuernavaca.gob.mx\/wp-content\/uploads\/2025\/10\/WhatsApp-Image-2025-10-23-at-12.49.04-PM-2-768x512.jpeg 768w, https:\/\/cuernavaca.gob.mx\/wp-content\/uploads\/2025\/10\/WhatsApp-Image-2025-10-23-at-12.49.04-PM-2-600x400.jpeg 600w, https:\/\/cuernavaca.gob.mx\/wp-content\/uploads\/2025\/10\/WhatsApp-Image-2025-10-23-at-12.49.04-PM-2-560x373.jpeg 560w, https:\/\/cuernavaca.gob.mx\/wp-content\/uploads\/2025\/10\/WhatsApp-Image-2025-10-23-at-12.49.04-PM-2.jpeg 1280w\" sizes=\"(max-width: 300px) 100vw, 300px\" \/><\/a>\n\t\t\t<\/dt><\/dl><dl class='gallery-item'>\n\t\t\t<dt class='gallery-icon landscape'>\n\t\t\t\t<a href='https:\/\/cuernavaca.gob.mx\/wp-content\/uploads\/2025\/10\/WhatsApp-Image-2025-10-23-at-12.49.04-PM.jpeg'><img width=\"300\" height=\"200\" src=\"https:\/\/cuernavaca.gob.mx\/wp-content\/uploads\/2025\/10\/WhatsApp-Image-2025-10-23-at-12.49.04-PM-300x200.jpeg\" class=\"attachment-medium size-medium\" alt=\"\" loading=\"lazy\" srcset=\"https:\/\/cuernavaca.gob.mx\/wp-content\/uploads\/2025\/10\/WhatsApp-Image-2025-10-23-at-12.49.04-PM-300x200.jpeg 300w, https:\/\/cuernavaca.gob.mx\/wp-content\/uploads\/2025\/10\/WhatsApp-Image-2025-10-23-at-12.49.04-PM-1024x682.jpeg 1024w, https:\/\/cuernavaca.gob.mx\/wp-content\/uploads\/2025\/10\/WhatsApp-Image-2025-10-23-at-12.49.04-PM-768x512.jpeg 768w, https:\/\/cuernavaca.gob.mx\/wp-content\/uploads\/2025\/10\/WhatsApp-Image-2025-10-23-at-12.49.04-PM-600x400.jpeg 600w, https:\/\/cuernavaca.gob.mx\/wp-content\/uploads\/2025\/10\/WhatsApp-Image-2025-10-23-at-12.49.04-PM-560x373.jpeg 560w, https:\/\/cuernavaca.gob.mx\/wp-content\/uploads\/2025\/10\/WhatsApp-Image-2025-10-23-at-12.49.04-PM.jpeg 1280w\" sizes=\"(max-width: 300px) 100vw, 300px\" \/><\/a>\n\t\t\t<\/dt><\/dl><br style=\"clear: both\" \/>\n\t\t<\/div>\n\n","protected":false},"excerpt":{"rendered":"<p>Cuernavaca, Morelos a 23 de octubre de 2025 &nbsp; En el marco del D\u00eda del M\u00e9dico en M\u00e9xico, el presidente municipal de Cuernavaca, Jos\u00e9 Luis Uri\u00f3stegui Salgado, reconoci\u00f3 la dedicaci\u00f3n de m\u00e9dicas y m\u00e9dicos que diariamente trabajan por la salud de la poblaci\u00f3n. Asimismo, destac\u00f3 el papel fundamental de las instituciones que los han formado, [&hellip;]<\/p>\n","protected":false},"author":1,"featured_media":53872,"comment_status":"closed","ping_status":"open","sticky":false,"template":"","format":"standard","meta":[],"categories":[862],"tags":[],"aioseo_notices":[],"_links":{"self":[{"href":"https:\/\/cuernavaca.gob.mx\/index.php?rest_route=\/wp\/v2\/posts\/53869"}],"collection":[{"href":"https:\/\/cuernavaca.gob.mx\/index.php?rest_route=\/wp\/v2\/posts"}],"about":[{"href":"https:\/\/cuernavaca.gob.mx\/index.php?rest_route=\/wp\/v2\/types\/post"}],"author":[{"embeddable":true,"href":"https:\/\/cuernavaca.gob.mx\/index.php?rest_route=\/wp\/v2\/users\/1"}],"replies":[{"embeddable":true,"href":"https:\/\/cuernavaca.gob.mx\/index.php?rest_route=%2Fwp%2Fv2%2Fcomments&post=53869"}],"version-history":[{"count":1,"href":"https:\/\/cuernavaca.gob.mx\/index.php?rest_route=\/wp\/v2\/posts\/53869\/revisions"}],"predecessor-version":[{"id":53873,"href":"https:\/\/cuernavaca.gob.mx\/index.php?rest_route=\/wp\/v2\/posts\/53869\/revisions\/53873"}],"wp:featuredmedia":[{"embeddable":true,"href":"https:\/\/cuernavaca.gob.mx\/index.php?rest_route=\/wp\/v2\/media\/53872"}],"wp:attachment":[{"href":"https:\/\/cuernavaca.gob.mx\/index.php?rest_route=%2Fwp%2Fv2%2Fmedia&parent=53869"}],"wp:term":[{"taxonomy":"category","embeddable":true,"href":"https:\/\/cuernavaca.gob.mx\/index.php?rest_route=%2Fwp%2Fv2%2Fcategories&post=53869"},{"taxonomy":"post_tag","embeddable":true,"href":"https:\/\/cuernavaca.gob.mx\/index.php?rest_route=%2Fwp%2Fv2%2Ftags&post=53869"}],"curies":[{"name":"wp","href":"https:\/\/api.w.org\/{rel}","templated":true}]}}