{"id":53874,"date":"2025-10-24T08:00:38","date_gmt":"2025-10-24T14:00:38","guid":{"rendered":"https:\/\/cuernavaca.gob.mx\/?p=53874"},"modified":"2025-10-23T21:47:41","modified_gmt":"2025-10-24T03:47:41","slug":"f100-24-10-25-cuernavaca-refuerza-coordinacion-interinstitucional-en-materia-de-seguridad-y-prevencion","status":"publish","type":"post","link":"https:\/\/cuernavaca.gob.mx\/?p=53874","title":{"rendered":"F100 24\/10\/25 CUERNAVACA REFUERZA COORDINACI\u00d3N INTERINSTITUCIONAL EN MATERIA DE SEGURIDAD Y PREVENCI\u00d3N"},"content":{"rendered":"<p>El presidente municipal de Cuernavaca, Jos\u00e9 Luis Uri\u00f3stegui Salgado, destac\u00f3 la importancia de la coordinaci\u00f3n entre municipios y dependencias durante su participaci\u00f3n en la Tercera Mesa de Trabajo Trimestral con Enlaces de Prevenci\u00f3n e Instancias de la Mujer, realizada en la Secretar\u00eda de Seguridad P\u00fablica de Jiutepec, donde se compartieron estrategias y acciones conjuntas para fortalecer la prevenci\u00f3n y la seguridad en la regi\u00f3n.<\/p>\n<p>En su mensaje, Uri\u00f3stegui Salgado subray\u00f3 la necesidad de generar conciencia entre la poblaci\u00f3n, al se\u00f1alar que la colaboraci\u00f3n ciudadana con las autoridades permite reducir riesgos en zonas vulnerables, no s\u00f3lo en materia de seguridad p\u00fablica, sino tambi\u00e9n en protecci\u00f3n civil y prevenci\u00f3n del delito. Reconoci\u00f3 adem\u00e1s el esfuerzo de las instancias participantes para construir acuerdos que fortalezcan la cultura de la prevenci\u00f3n en los municipios.<\/p>\n<p>El alcalde reiter\u00f3 la disposici\u00f3n de Cuernavaca para sumarse a todas las actividades interinstitucionales que se consideren convenientes, al resaltar que, aunque la capital morelense comparte la Mesa Regional de Construcci\u00f3n de Paz con municipios como Huitzilac y Tepoztl\u00e1n, la zona conurbada con mayor poblaci\u00f3n se ubica hacia Cuernavaca, Jiutepec, Temixco, Emiliano Zapata y Xochitepec, donde viven m\u00e1s de un mill\u00f3n de habitantes, m\u00e1s del 50% de la poblaci\u00f3n estatal. Por ello, enfatiz\u00f3 que la coordinaci\u00f3n regional es esencial para prevenir riesgos y fortalecer la seguridad de las familias morelenses.<\/p>\n\n\t\t<style type=\"text\/css\">\n\t\t\t#gallery-1 {\n\t\t\t\tmargin: auto;\n\t\t\t}\n\t\t\t#gallery-1 .gallery-item {\n\t\t\t\tfloat: left;\n\t\t\t\tmargin-top: 10px;\n\t\t\t\ttext-align: center;\n\t\t\t\twidth: 33%;\n\t\t\t}\n\t\t\t#gallery-1 img {\n\t\t\t\tborder: 2px solid #cfcfcf;\n\t\t\t}\n\t\t\t#gallery-1 .gallery-caption {\n\t\t\t\tmargin-left: 0;\n\t\t\t}\n\t\t\t\/* see gallery_shortcode() in wp-includes\/media.php *\/\n\t\t<\/style>\n\t\t<div id='gallery-1' class='gallery galleryid-53874 gallery-columns-3 gallery-size-thumbnail'><dl class='gallery-item'>\n\t\t\t<dt class='gallery-icon landscape'>\n\t\t\t\t<a href='https:\/\/cuernavaca.gob.mx\/?attachment_id=53877'><img width=\"150\" height=\"150\" src=\"https:\/\/cuernavaca.gob.mx\/wp-content\/uploads\/2025\/10\/Cuernavaca-refuerza-coordinacion-interinstitucional-en-materia-de-seguridad-y-prevencion-2-150x150.jpeg\" class=\"attachment-thumbnail size-thumbnail\" alt=\"\" loading=\"lazy\" \/><\/a>\n\t\t\t<\/dt><\/dl><dl class='gallery-item'>\n\t\t\t<dt class='gallery-icon landscape'>\n\t\t\t\t<a href='https:\/\/cuernavaca.gob.mx\/?attachment_id=53875'><img width=\"150\" height=\"150\" src=\"https:\/\/cuernavaca.gob.mx\/wp-content\/uploads\/2025\/10\/Cuernavaca-refuerza-coordinacion-interinstitucional-en-materia-de-seguridad-y-prevencion-150x150.jpeg\" class=\"attachment-thumbnail size-thumbnail\" alt=\"\" loading=\"lazy\" \/><\/a>\n\t\t\t<\/dt><\/dl><dl class='gallery-item'>\n\t\t\t<dt class='gallery-icon landscape'>\n\t\t\t\t<a href='https:\/\/cuernavaca.gob.mx\/?attachment_id=53876'><img width=\"150\" height=\"150\" src=\"https:\/\/cuernavaca.gob.mx\/wp-content\/uploads\/2025\/10\/Cuernavaca-refuerza-coordinacion-interinstitucional-en-materia-de-seguridad-y-prevencion-1-150x150.jpeg\" class=\"attachment-thumbnail size-thumbnail\" alt=\"\" loading=\"lazy\" \/><\/a>\n\t\t\t<\/dt><\/dl><br style=\"clear: both\" \/>\n\t\t<\/div>\n\n","protected":false},"excerpt":{"rendered":"<p>El presidente municipal de Cuernavaca, Jos\u00e9 Luis Uri\u00f3stegui Salgado, destac\u00f3 la importancia de la coordinaci\u00f3n entre municipios y dependencias durante su participaci\u00f3n en la Tercera Mesa de Trabajo Trimestral con Enlaces de Prevenci\u00f3n e Instancias de la Mujer, realizada en la Secretar\u00eda de Seguridad P\u00fablica de Jiutepec, donde se compartieron estrategias y acciones conjuntas para [&hellip;]<\/p>\n","protected":false},"author":1,"featured_media":53876,"comment_status":"closed","ping_status":"open","sticky":false,"template":"","format":"standard","meta":[],"categories":[17],"tags":[3981,121,4254,120,206,4027,414,345],"aioseo_notices":[],"_links":{"self":[{"href":"https:\/\/cuernavaca.gob.mx\/index.php?rest_route=\/wp\/v2\/posts\/53874"}],"collection":[{"href":"https:\/\/cuernavaca.gob.mx\/index.php?rest_route=\/wp\/v2\/posts"}],"about":[{"href":"https:\/\/cuernavaca.gob.mx\/index.php?rest_route=\/wp\/v2\/types\/post"}],"author":[{"embeddable":true,"href":"https:\/\/cuernavaca.gob.mx\/index.php?rest_route=\/wp\/v2\/users\/1"}],"replies":[{"embeddable":true,"href":"https:\/\/cuernavaca.gob.mx\/index.php?rest_route=%2Fwp%2Fv2%2Fcomments&post=53874"}],"version-history":[{"count":1,"href":"https:\/\/cuernavaca.gob.mx\/index.php?rest_route=\/wp\/v2\/posts\/53874\/revisions"}],"predecessor-version":[{"id":53878,"href":"https:\/\/cuernavaca.gob.mx\/index.php?rest_route=\/wp\/v2\/posts\/53874\/revisions\/53878"}],"wp:featuredmedia":[{"embeddable":true,"href":"https:\/\/cuernavaca.gob.mx\/index.php?rest_route=\/wp\/v2\/media\/53876"}],"wp:attachment":[{"href":"https:\/\/cuernavaca.gob.mx\/index.php?rest_route=%2Fwp%2Fv2%2Fmedia&parent=53874"}],"wp:term":[{"taxonomy":"category","embeddable":true,"href":"https:\/\/cuernavaca.gob.mx\/index.php?rest_route=%2Fwp%2Fv2%2Fcategories&post=53874"},{"taxonomy":"post_tag","embeddable":true,"href":"https:\/\/cuernavaca.gob.mx\/index.php?rest_route=%2Fwp%2Fv2%2Ftags&post=53874"}],"curies":[{"name":"wp","href":"https:\/\/api.w.org\/{rel}","templated":true}]}}