{"id":53879,"date":"2025-10-24T12:17:35","date_gmt":"2025-10-24T18:17:35","guid":{"rendered":"https:\/\/cuernavaca.gob.mx\/?p=53879"},"modified":"2025-10-24T15:54:52","modified_gmt":"2025-10-24T21:54:52","slug":"f101-24-10-25-cuernavaca-atrae-inversion-internacional-y-fortalece-lazos-con-china","status":"publish","type":"post","link":"https:\/\/cuernavaca.gob.mx\/?p=53879","title":{"rendered":"F101 24\/10\/25 CUERNAVACA ATRAE INVERSI\u00d3N INTERNACIONAL Y FORTALECE LAZOS CON CHINA"},"content":{"rendered":"<p>La ciudad de Cuernavaca mantiene su posici\u00f3n como un destino estrat\u00e9gico para la inversi\u00f3n nacional e internacional, destacando por su infraestructura, clima, conectividad y potencial tur\u00edstico. Este viernes, el presidente municipal Jos\u00e9 Luis Uri\u00f3stegui Salgado recibi\u00f3 a una delegaci\u00f3n de la ciudad de Nanjing, China, refrendando el inter\u00e9s de ambas ciudades por generar alianzas que promuevan beneficios mutuos en lo econ\u00f3mico, cultural y acad\u00e9mico.<\/p>\n<p>El encuentro tuvo lugar en el Museo de la Ciudad de Cuernavaca (MuCiC), donde la comitiva china, encabezada por Jiang Yuejian, vicepresidente del Comit\u00e9 Municipal de Nanjing de la Conferencia Consultiva Pol\u00edtica del Pueblo Chino, resalt\u00f3 la importancia de establecer v\u00ednculos comerciales y culturales. Uri\u00f3stegui Salgado se\u00f1al\u00f3 que estas mesas de trabajo permiten abrir nuevas oportunidades de inversi\u00f3n, fortalecer el turismo y estrechar la cooperaci\u00f3n internacional.<\/p>\n<p>Acompa\u00f1ado del diputado federal Adri\u00e1n Mart\u00ednez Terrazas, gestor de este acercamiento, y del secretario de Desarrollo Econ\u00f3mico y Turismo, Marcos Manuel Su\u00e1rez Gerard, el alcalde subray\u00f3 que Cuernavaca busca seguir consolid\u00e1ndose como una ciudad moderna, competitiva y confiable para la inversi\u00f3n extranjera directa, promoviendo adem\u00e1s la diplomacia local como una herramienta para el desarrollo econ\u00f3mico y social de la capital morelense.<\/p>\n\n\t\t<style type=\"text\/css\">\n\t\t\t#gallery-1 {\n\t\t\t\tmargin: auto;\n\t\t\t}\n\t\t\t#gallery-1 .gallery-item {\n\t\t\t\tfloat: left;\n\t\t\t\tmargin-top: 10px;\n\t\t\t\ttext-align: center;\n\t\t\t\twidth: 33%;\n\t\t\t}\n\t\t\t#gallery-1 img {\n\t\t\t\tborder: 2px solid #cfcfcf;\n\t\t\t}\n\t\t\t#gallery-1 .gallery-caption {\n\t\t\t\tmargin-left: 0;\n\t\t\t}\n\t\t\t\/* see gallery_shortcode() in wp-includes\/media.php *\/\n\t\t<\/style>\n\t\t<div id='gallery-1' class='gallery galleryid-53879 gallery-columns-3 gallery-size-thumbnail'><dl class='gallery-item'>\n\t\t\t<dt class='gallery-icon landscape'>\n\t\t\t\t<a href='https:\/\/cuernavaca.gob.mx\/?attachment_id=53882'><img width=\"150\" height=\"150\" src=\"https:\/\/cuernavaca.gob.mx\/wp-content\/uploads\/2025\/10\/CUERNAVACA-ATRAE-INVERSIO\u0301N-INTERNACIONAL-Y-FORTALECE-LAZOS-CON-CHINA-2-150x150.jpg\" class=\"attachment-thumbnail size-thumbnail\" alt=\"\" loading=\"lazy\" \/><\/a>\n\t\t\t<\/dt><\/dl><dl class='gallery-item'>\n\t\t\t<dt class='gallery-icon landscape'>\n\t\t\t\t<a href='https:\/\/cuernavaca.gob.mx\/?attachment_id=53881'><img width=\"150\" height=\"150\" src=\"https:\/\/cuernavaca.gob.mx\/wp-content\/uploads\/2025\/10\/CUERNAVACA-ATRAE-INVERSIO\u0301N-INTERNACIONAL-Y-FORTALECE-LAZOS-CON-CHINA-1-150x150.jpg\" class=\"attachment-thumbnail size-thumbnail\" alt=\"\" loading=\"lazy\" \/><\/a>\n\t\t\t<\/dt><\/dl><dl class='gallery-item'>\n\t\t\t<dt class='gallery-icon landscape'>\n\t\t\t\t<a href='https:\/\/cuernavaca.gob.mx\/?attachment_id=53884'><img width=\"150\" height=\"150\" src=\"https:\/\/cuernavaca.gob.mx\/wp-content\/uploads\/2025\/10\/CUERNAVACA-ATRAE-INVERSIO\u0301N-INTERNACIONAL-Y-FORTALECE-LAZOS-CON-CHINA-4-150x150.jpg\" class=\"attachment-thumbnail size-thumbnail\" alt=\"\" loading=\"lazy\" \/><\/a>\n\t\t\t<\/dt><\/dl><br style=\"clear: both\" \/><dl class='gallery-item'>\n\t\t\t<dt class='gallery-icon landscape'>\n\t\t\t\t<a href='https:\/\/cuernavaca.gob.mx\/?attachment_id=53885'><img width=\"150\" height=\"150\" src=\"https:\/\/cuernavaca.gob.mx\/wp-content\/uploads\/2025\/10\/CUERNAVACA-ATRAE-INVERSIO\u0301N-INTERNACIONAL-Y-FORTALECE-LAZOS-CON-CHINA-5-150x150.jpg\" class=\"attachment-thumbnail size-thumbnail\" alt=\"\" loading=\"lazy\" \/><\/a>\n\t\t\t<\/dt><\/dl>\n\t\t\t<br style='clear: both' \/>\n\t\t<\/div>\n\n","protected":false},"excerpt":{"rendered":"<p>La ciudad de Cuernavaca mantiene su posici\u00f3n como un destino estrat\u00e9gico para la inversi\u00f3n nacional e internacional, destacando por su infraestructura, clima, conectividad y potencial tur\u00edstico. Este viernes, el presidente municipal Jos\u00e9 Luis Uri\u00f3stegui Salgado recibi\u00f3 a una delegaci\u00f3n de la ciudad de Nanjing, China, refrendando el inter\u00e9s de ambas ciudades por generar alianzas que [&hellip;]<\/p>\n","protected":false},"author":1,"featured_media":53882,"comment_status":"closed","ping_status":"open","sticky":false,"template":"","format":"standard","meta":[],"categories":[20],"tags":[3034,4003,121,190,375,538,120,4255,206],"aioseo_notices":[],"_links":{"self":[{"href":"https:\/\/cuernavaca.gob.mx\/index.php?rest_route=\/wp\/v2\/posts\/53879"}],"collection":[{"href":"https:\/\/cuernavaca.gob.mx\/index.php?rest_route=\/wp\/v2\/posts"}],"about":[{"href":"https:\/\/cuernavaca.gob.mx\/index.php?rest_route=\/wp\/v2\/types\/post"}],"author":[{"embeddable":true,"href":"https:\/\/cuernavaca.gob.mx\/index.php?rest_route=\/wp\/v2\/users\/1"}],"replies":[{"embeddable":true,"href":"https:\/\/cuernavaca.gob.mx\/index.php?rest_route=%2Fwp%2Fv2%2Fcomments&post=53879"}],"version-history":[{"count":1,"href":"https:\/\/cuernavaca.gob.mx\/index.php?rest_route=\/wp\/v2\/posts\/53879\/revisions"}],"predecessor-version":[{"id":53886,"href":"https:\/\/cuernavaca.gob.mx\/index.php?rest_route=\/wp\/v2\/posts\/53879\/revisions\/53886"}],"wp:featuredmedia":[{"embeddable":true,"href":"https:\/\/cuernavaca.gob.mx\/index.php?rest_route=\/wp\/v2\/media\/53882"}],"wp:attachment":[{"href":"https:\/\/cuernavaca.gob.mx\/index.php?rest_route=%2Fwp%2Fv2%2Fmedia&parent=53879"}],"wp:term":[{"taxonomy":"category","embeddable":true,"href":"https:\/\/cuernavaca.gob.mx\/index.php?rest_route=%2Fwp%2Fv2%2Fcategories&post=53879"},{"taxonomy":"post_tag","embeddable":true,"href":"https:\/\/cuernavaca.gob.mx\/index.php?rest_route=%2Fwp%2Fv2%2Ftags&post=53879"}],"curies":[{"name":"wp","href":"https:\/\/api.w.org\/{rel}","templated":true}]}}