{"id":53887,"date":"2025-10-24T16:07:15","date_gmt":"2025-10-24T22:07:15","guid":{"rendered":"https:\/\/cuernavaca.gob.mx\/?p=53887"},"modified":"2025-10-24T16:07:15","modified_gmt":"2025-10-24T22:07:15","slug":"b674-24-10-25-participacion-ciudadana-impulsa-la-planeacion-de-obra-publica-en-cuernavaca","status":"publish","type":"post","link":"https:\/\/cuernavaca.gob.mx\/?p=53887","title":{"rendered":"B674 24\/10\/25 PARTICIPACI\u00d3N CIUDADANA IMPULSA LA PLANEACI\u00d3N DE OBRA P\u00daBLICA EN CUERNAVACA"},"content":{"rendered":"<p><strong>\u2022 A trav\u00e9s de los Cabildos Abiertos, el Ayuntamiento de Cuernavaca ha fortalecido la confianza ciudadana y generado resultados conjuntos en distintos rubros, como obra p\u00fablica<\/strong><\/p>\n<p><strong>\u2022 El alcalde Jos\u00e9 Luis Uri\u00f3stegui resalt\u00f3 que el Programa Anual de Obra P\u00fablica ha sido un tema central de sus gestiones, realizando 275 obras en su primera administraci\u00f3n y 89 en el presente a\u00f1o<\/strong><\/p>\n<p>Los Cabildos Abiertos de Cuernavaca contin\u00faan demostrando su \u00e9xito para impulsar la participaci\u00f3n ciudadana que ha fortalecido la relaci\u00f3n y la confianza entre la sociedad y el gobierno municipal. As\u00ed qued\u00f3 demostrado, como cada \u00faltimo viernes del mes, durante la reciente sesi\u00f3n celebrada en la colonia Sat\u00e9lite, donde vecinas y vecinos de distintas comunidades se reunieron para expresar sus necesidades y, al mismo tiempo, reconocer el trabajo realizado por la administraci\u00f3n municipal para atenderlas.<\/p>\n<p>En la Unidad Deportiva &#8220;Los Pinos\u201d, el alcalde Jos\u00e9 Luis Uri\u00f3stegui Salgado anunci\u00f3 que para el pr\u00f3ximo a\u00f1o se destinar\u00e1n m\u00e1s recursos a obra p\u00fablica, adem\u00e1s de atender de manera prioritaria la inversi\u00f3n en el sector rural de Cuernavaca, desde Chapultepec hasta Acapantzingo, Santa Mar\u00eda Ahuacatitl\u00e1n, Tetela del Monte y Chamilpa, entre otros poblados, los cuales tambi\u00e9n han recibido atenci\u00f3n integral en materia de servicios p\u00fablicos.<\/p>\n<p>Durante el encuentro, el edil subray\u00f3 que el Programa Anual de Obra P\u00fablica ha sido un tema central de sus gestiones. Record\u00f3 que despu\u00e9s de m\u00e1s de 15 a\u00f1os sin inversi\u00f3n en Cuernavaca debido a deudas heredadas, desde su primera administraci\u00f3n se ha logrado reactivar la infraestructura urbana: el primer a\u00f1o se realizaron 72 obras, el segundo 83 y el tercero 122.<\/p>\n<p>Aunque en el presente a\u00f1o se redujo el n\u00famero de obras, explic\u00f3 que se increment\u00f3 su alcance y beneficio social, con 89 obras principales m\u00e1s intervenciones emergentes identificadas durante el ejercicio municipal.<\/p>\n<p>\u201cEl Cabildo ha tomado decisiones importantes y el a\u00f1o pr\u00f3ximo, con el presupuesto para obra p\u00fablica, no ser\u00e1 la excepci\u00f3n. Haremos la m\u00e1xima inversi\u00f3n posible y esperamos tambi\u00e9n que el Gobierno del Estado, a trav\u00e9s del Fondo de Aportaciones Estatales para el Fomento Municipal (FAEFOM), nos dote de m\u00e1s recursos para seguir haciendo obra\u201d, destac\u00f3 Uri\u00f3stegui Salgado.<\/p>\n<p>La sesi\u00f3n cont\u00f3 con la presencia de la s\u00edndica municipal, Paula Trade Hidalgo; las regidoras \u00c9rika Lastra Jaimes, Paz Hern\u00e1ndez Pardo, Miriam Barajas Basilio, Arnett Jim\u00e9nez Gaspar y Elia Ortiz Garc\u00eda; as\u00ed como de los regidores Salvador Aguilar Rea, Gabriel Rivas R\u00edos, Alfredo Gonz\u00e1lez S\u00e1nchez y Juan Miguel Serrano Gastelum. Tambi\u00e9n participaron integrantes del Gabinete Municipal, con el prop\u00f3sito de hacer vinculantes las peticiones ciudadanas y atenderlas en la medida del presupuesto disponible.<\/p>\n<p>Con estos ejercicios de gobierno abierto y participaci\u00f3n directa, la administraci\u00f3n municipal reafirma su compromiso de mantener un di\u00e1logo permanente con la ciudadan\u00eda, escuchar sus necesidades y seguir construyendo juntos un Cuernavaca m\u00e1s digno, transparente y con resultados tangibles.<\/p>\n\n\t\t<style type=\"text\/css\">\n\t\t\t#gallery-1 {\n\t\t\t\tmargin: auto;\n\t\t\t}\n\t\t\t#gallery-1 .gallery-item {\n\t\t\t\tfloat: left;\n\t\t\t\tmargin-top: 10px;\n\t\t\t\ttext-align: center;\n\t\t\t\twidth: 33%;\n\t\t\t}\n\t\t\t#gallery-1 img {\n\t\t\t\tborder: 2px solid #cfcfcf;\n\t\t\t}\n\t\t\t#gallery-1 .gallery-caption {\n\t\t\t\tmargin-left: 0;\n\t\t\t}\n\t\t\t\/* see gallery_shortcode() in wp-includes\/media.php *\/\n\t\t<\/style>\n\t\t<div id='gallery-1' class='gallery galleryid-53887 gallery-columns-3 gallery-size-thumbnail'><dl class='gallery-item'>\n\t\t\t<dt class='gallery-icon landscape'>\n\t\t\t\t<a href='https:\/\/cuernavaca.gob.mx\/?attachment_id=53894'><img width=\"150\" height=\"150\" src=\"https:\/\/cuernavaca.gob.mx\/wp-content\/uploads\/2025\/10\/PARTICIPACIO\u0301N-CIUDADANA-IMPULSA-LA-PLANEACIO\u0301N-DE-OBRA-PU\u0301BLICA-EN-CUERNAVACA-8-150x150.jpg\" class=\"attachment-thumbnail size-thumbnail\" alt=\"\" loading=\"lazy\" \/><\/a>\n\t\t\t<\/dt><\/dl><dl class='gallery-item'>\n\t\t\t<dt class='gallery-icon landscape'>\n\t\t\t\t<a href='https:\/\/cuernavaca.gob.mx\/?attachment_id=53892'><img width=\"150\" height=\"150\" src=\"https:\/\/cuernavaca.gob.mx\/wp-content\/uploads\/2025\/10\/PARTICIPACIO\u0301N-CIUDADANA-IMPULSA-LA-PLANEACIO\u0301N-DE-OBRA-PU\u0301BLICA-EN-CUERNAVACA-6-150x150.jpg\" class=\"attachment-thumbnail size-thumbnail\" alt=\"\" loading=\"lazy\" \/><\/a>\n\t\t\t<\/dt><\/dl><dl class='gallery-item'>\n\t\t\t<dt class='gallery-icon landscape'>\n\t\t\t\t<a href='https:\/\/cuernavaca.gob.mx\/?attachment_id=53889'><img width=\"150\" height=\"150\" src=\"https:\/\/cuernavaca.gob.mx\/wp-content\/uploads\/2025\/10\/PARTICIPACIO\u0301N-CIUDADANA-IMPULSA-LA-PLANEACIO\u0301N-DE-OBRA-PU\u0301BLICA-EN-CUERNAVACA-2-150x150.jpg\" class=\"attachment-thumbnail size-thumbnail\" alt=\"\" loading=\"lazy\" \/><\/a>\n\t\t\t<\/dt><\/dl><br style=\"clear: both\" \/><dl class='gallery-item'>\n\t\t\t<dt class='gallery-icon landscape'>\n\t\t\t\t<a href='https:\/\/cuernavaca.gob.mx\/?attachment_id=53893'><img width=\"150\" height=\"150\" src=\"https:\/\/cuernavaca.gob.mx\/wp-content\/uploads\/2025\/10\/PARTICIPACIO\u0301N-CIUDADANA-IMPULSA-LA-PLANEACIO\u0301N-DE-OBRA-PU\u0301BLICA-EN-CUERNAVACA-7-150x150.jpg\" class=\"attachment-thumbnail size-thumbnail\" alt=\"\" loading=\"lazy\" \/><\/a>\n\t\t\t<\/dt><\/dl><dl class='gallery-item'>\n\t\t\t<dt class='gallery-icon landscape'>\n\t\t\t\t<a href='https:\/\/cuernavaca.gob.mx\/?attachment_id=53890'><img width=\"150\" height=\"150\" src=\"https:\/\/cuernavaca.gob.mx\/wp-content\/uploads\/2025\/10\/PARTICIPACIO\u0301N-CIUDADANA-IMPULSA-LA-PLANEACIO\u0301N-DE-OBRA-PU\u0301BLICA-EN-CUERNAVACA-3-150x150.jpg\" class=\"attachment-thumbnail size-thumbnail\" alt=\"\" loading=\"lazy\" \/><\/a>\n\t\t\t<\/dt><\/dl><dl class='gallery-item'>\n\t\t\t<dt class='gallery-icon landscape'>\n\t\t\t\t<a href='https:\/\/cuernavaca.gob.mx\/?attachment_id=53895'><img width=\"150\" height=\"150\" src=\"https:\/\/cuernavaca.gob.mx\/wp-content\/uploads\/2025\/10\/PARTICIPACIO\u0301N-CIUDADANA-IMPULSA-LA-PLANEACIO\u0301N-DE-OBRA-PU\u0301BLICA-EN-CUERNAVACA-9-150x150.jpg\" class=\"attachment-thumbnail size-thumbnail\" alt=\"\" loading=\"lazy\" \/><\/a>\n\t\t\t<\/dt><\/dl><br style=\"clear: both\" \/><dl class='gallery-item'>\n\t\t\t<dt class='gallery-icon landscape'>\n\t\t\t\t<a href='https:\/\/cuernavaca.gob.mx\/?attachment_id=53896'><img width=\"150\" height=\"150\" src=\"https:\/\/cuernavaca.gob.mx\/wp-content\/uploads\/2025\/10\/PARTICIPACIO\u0301N-CIUDADANA-IMPULSA-LA-PLANEACIO\u0301N-DE-OBRA-PU\u0301BLICA-EN-CUERNAVACA.-5-150x150.jpg\" class=\"attachment-thumbnail size-thumbnail\" alt=\"\" loading=\"lazy\" \/><\/a>\n\t\t\t<\/dt><\/dl><dl class='gallery-item'>\n\t\t\t<dt class='gallery-icon landscape'>\n\t\t\t\t<a href='https:\/\/cuernavaca.gob.mx\/?attachment_id=53891'><img width=\"150\" height=\"150\" src=\"https:\/\/cuernavaca.gob.mx\/wp-content\/uploads\/2025\/10\/PARTICIPACIO\u0301N-CIUDADANA-IMPULSA-LA-PLANEACIO\u0301N-DE-OBRA-PU\u0301BLICA-EN-CUERNAVACA-4-150x150.jpg\" class=\"attachment-thumbnail size-thumbnail\" alt=\"\" loading=\"lazy\" \/><\/a>\n\t\t\t<\/dt><\/dl><dl class='gallery-item'>\n\t\t\t<dt class='gallery-icon landscape'>\n\t\t\t\t<a href='https:\/\/cuernavaca.gob.mx\/?attachment_id=53888'><img width=\"150\" height=\"150\" src=\"https:\/\/cuernavaca.gob.mx\/wp-content\/uploads\/2025\/10\/PARTICIPACIO\u0301N-CIUDADANA-IMPULSA-LA-PLANEACIO\u0301N-DE-OBRA-PU\u0301BLICA-EN-CUERNAVACA-1-150x150.jpg\" class=\"attachment-thumbnail size-thumbnail\" alt=\"\" loading=\"lazy\" \/><\/a>\n\t\t\t<\/dt><\/dl><br style=\"clear: both\" \/>\n\t\t<\/div>\n\n","protected":false},"excerpt":{"rendered":"<p>\u2022 A trav\u00e9s de los Cabildos Abiertos, el Ayuntamiento de Cuernavaca ha fortalecido la confianza ciudadana y generado resultados conjuntos en distintos rubros, como obra p\u00fablica \u2022 El alcalde Jos\u00e9 Luis Uri\u00f3stegui resalt\u00f3 que el Programa Anual de Obra P\u00fablica ha sido un tema central de sus gestiones, realizando 275 obras en su primera administraci\u00f3n [&hellip;]<\/p>\n","protected":false},"author":1,"featured_media":53894,"comment_status":"closed","ping_status":"open","sticky":false,"template":"","format":"standard","meta":[],"categories":[3047],"tags":[158,875,1261,121,120,206,1098],"aioseo_notices":[],"_links":{"self":[{"href":"https:\/\/cuernavaca.gob.mx\/index.php?rest_route=\/wp\/v2\/posts\/53887"}],"collection":[{"href":"https:\/\/cuernavaca.gob.mx\/index.php?rest_route=\/wp\/v2\/posts"}],"about":[{"href":"https:\/\/cuernavaca.gob.mx\/index.php?rest_route=\/wp\/v2\/types\/post"}],"author":[{"embeddable":true,"href":"https:\/\/cuernavaca.gob.mx\/index.php?rest_route=\/wp\/v2\/users\/1"}],"replies":[{"embeddable":true,"href":"https:\/\/cuernavaca.gob.mx\/index.php?rest_route=%2Fwp%2Fv2%2Fcomments&post=53887"}],"version-history":[{"count":2,"href":"https:\/\/cuernavaca.gob.mx\/index.php?rest_route=\/wp\/v2\/posts\/53887\/revisions"}],"predecessor-version":[{"id":53899,"href":"https:\/\/cuernavaca.gob.mx\/index.php?rest_route=\/wp\/v2\/posts\/53887\/revisions\/53899"}],"wp:featuredmedia":[{"embeddable":true,"href":"https:\/\/cuernavaca.gob.mx\/index.php?rest_route=\/wp\/v2\/media\/53894"}],"wp:attachment":[{"href":"https:\/\/cuernavaca.gob.mx\/index.php?rest_route=%2Fwp%2Fv2%2Fmedia&parent=53887"}],"wp:term":[{"taxonomy":"category","embeddable":true,"href":"https:\/\/cuernavaca.gob.mx\/index.php?rest_route=%2Fwp%2Fv2%2Fcategories&post=53887"},{"taxonomy":"post_tag","embeddable":true,"href":"https:\/\/cuernavaca.gob.mx\/index.php?rest_route=%2Fwp%2Fv2%2Ftags&post=53887"}],"curies":[{"name":"wp","href":"https:\/\/api.w.org\/{rel}","templated":true}]}}