{"id":53900,"date":"2025-10-25T10:00:28","date_gmt":"2025-10-25T16:00:28","guid":{"rendered":"https:\/\/cuernavaca.gob.mx\/?p=53900"},"modified":"2025-10-24T22:41:25","modified_gmt":"2025-10-25T04:41:25","slug":"b675-25-10-25-refrenda-ayuntamiento-de-cuernavaca-convenio-con-uninter-para-impulsar-la-formacion-academica-y-profesional","status":"publish","type":"post","link":"https:\/\/cuernavaca.gob.mx\/?p=53900","title":{"rendered":"B675 25\/10\/25 REFRENDA AYUNTAMIENTO DE CUERNAVACA CONVENIO CON UNINTER PARA IMPULSAR LA FORMACI\u00d3N ACAD\u00c9MICA Y PROFESIONAL"},"content":{"rendered":"<p><strong>\u2022 El convenio permitir\u00e1 que estudiantes realicen pr\u00e1cticas en el Ayuntamiento y que trabajadores municipales y sus familias accedan a becas acad\u00e9micas en diversos programas educativos<\/strong><\/p>\n<p>El presidente municipal de Cuernavaca, Jos\u00e9 Luis Uri\u00f3stegui Salgado, refrend\u00f3 un convenio de colaboraci\u00f3n con la Universidad Internacional (Uninter), mediante el cual el Ayuntamiento abrir\u00e1 nuevamente sus puertas a estudiantes para la realizaci\u00f3n de pr\u00e1cticas profesionales y servicio social, adem\u00e1s de ofrecer becas educativas a trabajadores municipales y sus familiares desde nivel b\u00e1sico hasta superior.<\/p>\n<p>Durante su mensaje, el alcalde subray\u00f3 que esta colaboraci\u00f3n con Uninter ha generado resultados positivos en esta materia, pero tambi\u00e9n con la entrada en vigor el a\u00f1o pasado del Diplomado en Formaci\u00f3n de Cronistas, iniciativa impulsada a trav\u00e9s del Consejo de Cronistas del Municipio en coordinaci\u00f3n con el Consejo Ciudadano de Cronistas A.C. y el Centro INAH Morelos, en el que m\u00e1s de 60 personas se capacitaron en historia y redacci\u00f3n, contribuyendo a fortalecer la identidad cultural de Cuernavaca.<\/p>\n<p>Acompa\u00f1ado por la s\u00edndica municipal, Paula Trade Hidalgo, y el secretario del Ayuntamiento, \u00d3scar Cano Mondrag\u00f3n, Uri\u00f3stegui Salgado resalt\u00f3 que este tipo de alianzas no solo impulsan la educaci\u00f3n y la profesionalizaci\u00f3n, sino que tambi\u00e9n proyectan a Cuernavaca como una ciudad de oportunidades, donde convergen la cultura, la historia, los negocios y el turismo, consolidando su papel en el contexto regional y nacional.<\/p>\n<p>Por su parte, el rector de la Universidad Internacional, Francisco Javier Espinosa Romero, celebr\u00f3 la renovaci\u00f3n del convenio, que permite vincular a m\u00e1s j\u00f3venes con el Ayuntamiento para adquirir experiencia, al tiempo que ofrece a trabajadores municipales y sus familias la posibilidad de continuar su desarrollo acad\u00e9mico.<\/p>\n<p>El Gobierno Municipal reafirma su compromiso con la educaci\u00f3n, la capacitaci\u00f3n y el desarrollo profesional, fortaleciendo la colaboraci\u00f3n con instituciones acad\u00e9micas que contribuyen al crecimiento personal y laboral de las familias en Cuernavaca.<\/p>\n\n\t\t<style type=\"text\/css\">\n\t\t\t#gallery-1 {\n\t\t\t\tmargin: auto;\n\t\t\t}\n\t\t\t#gallery-1 .gallery-item {\n\t\t\t\tfloat: left;\n\t\t\t\tmargin-top: 10px;\n\t\t\t\ttext-align: center;\n\t\t\t\twidth: 33%;\n\t\t\t}\n\t\t\t#gallery-1 img {\n\t\t\t\tborder: 2px solid #cfcfcf;\n\t\t\t}\n\t\t\t#gallery-1 .gallery-caption {\n\t\t\t\tmargin-left: 0;\n\t\t\t}\n\t\t\t\/* see gallery_shortcode() in wp-includes\/media.php *\/\n\t\t<\/style>\n\t\t<div id='gallery-1' class='gallery galleryid-53900 gallery-columns-3 gallery-size-thumbnail'><dl class='gallery-item'>\n\t\t\t<dt class='gallery-icon landscape'>\n\t\t\t\t<a href='https:\/\/cuernavaca.gob.mx\/?attachment_id=53901'><img width=\"150\" height=\"150\" src=\"https:\/\/cuernavaca.gob.mx\/wp-content\/uploads\/2025\/10\/REFRENDA-AYUNTAMIENTO-DE-CUERNAVACA-CONVENIO-CON-UNINTER-PARA-IMPULSAR-LA-FORMACION-ACADEMICA-Y-PROFESIONAL-2-150x150.jpeg\" class=\"attachment-thumbnail size-thumbnail\" alt=\"\" loading=\"lazy\" \/><\/a>\n\t\t\t<\/dt><\/dl><dl class='gallery-item'>\n\t\t\t<dt class='gallery-icon landscape'>\n\t\t\t\t<a href='https:\/\/cuernavaca.gob.mx\/?attachment_id=53902'><img width=\"150\" height=\"150\" src=\"https:\/\/cuernavaca.gob.mx\/wp-content\/uploads\/2025\/10\/REFRENDA-AYUNTAMIENTO-DE-CUERNAVACA-CONVENIO-CON-UNINTER-PARA-IMPULSAR-LA-FORMACION-ACADEMICA-Y-PROFESIONAL-1-150x150.jpeg\" class=\"attachment-thumbnail size-thumbnail\" alt=\"\" loading=\"lazy\" \/><\/a>\n\t\t\t<\/dt><\/dl><dl class='gallery-item'>\n\t\t\t<dt class='gallery-icon landscape'>\n\t\t\t\t<a href='https:\/\/cuernavaca.gob.mx\/?attachment_id=53903'><img width=\"150\" height=\"150\" src=\"https:\/\/cuernavaca.gob.mx\/wp-content\/uploads\/2025\/10\/REFRENDA-AYUNTAMIENTO-DE-CUERNAVACA-CONVENIO-CON-UNINTER-PARA-IMPULSAR-LA-FORMACION-ACADEMICA-Y-PROFESIONAL-150x150.jpeg\" class=\"attachment-thumbnail size-thumbnail\" alt=\"\" loading=\"lazy\" \/><\/a>\n\t\t\t<\/dt><\/dl><br style=\"clear: both\" \/>\n\t\t<\/div>\n\n","protected":false},"excerpt":{"rendered":"<p>\u2022 El convenio permitir\u00e1 que estudiantes realicen pr\u00e1cticas en el Ayuntamiento y que trabajadores municipales y sus familias accedan a becas acad\u00e9micas en diversos programas educativos El presidente municipal de Cuernavaca, Jos\u00e9 Luis Uri\u00f3stegui Salgado, refrend\u00f3 un convenio de colaboraci\u00f3n con la Universidad Internacional (Uninter), mediante el cual el Ayuntamiento abrir\u00e1 nuevamente sus puertas a [&hellip;]<\/p>\n","protected":false},"author":1,"featured_media":53901,"comment_status":"closed","ping_status":"open","sticky":false,"template":"","format":"standard","meta":[],"categories":[3090],"tags":[2515,121,190,375,576,4256,120,206,161,1472],"aioseo_notices":[],"_links":{"self":[{"href":"https:\/\/cuernavaca.gob.mx\/index.php?rest_route=\/wp\/v2\/posts\/53900"}],"collection":[{"href":"https:\/\/cuernavaca.gob.mx\/index.php?rest_route=\/wp\/v2\/posts"}],"about":[{"href":"https:\/\/cuernavaca.gob.mx\/index.php?rest_route=\/wp\/v2\/types\/post"}],"author":[{"embeddable":true,"href":"https:\/\/cuernavaca.gob.mx\/index.php?rest_route=\/wp\/v2\/users\/1"}],"replies":[{"embeddable":true,"href":"https:\/\/cuernavaca.gob.mx\/index.php?rest_route=%2Fwp%2Fv2%2Fcomments&post=53900"}],"version-history":[{"count":1,"href":"https:\/\/cuernavaca.gob.mx\/index.php?rest_route=\/wp\/v2\/posts\/53900\/revisions"}],"predecessor-version":[{"id":53904,"href":"https:\/\/cuernavaca.gob.mx\/index.php?rest_route=\/wp\/v2\/posts\/53900\/revisions\/53904"}],"wp:featuredmedia":[{"embeddable":true,"href":"https:\/\/cuernavaca.gob.mx\/index.php?rest_route=\/wp\/v2\/media\/53901"}],"wp:attachment":[{"href":"https:\/\/cuernavaca.gob.mx\/index.php?rest_route=%2Fwp%2Fv2%2Fmedia&parent=53900"}],"wp:term":[{"taxonomy":"category","embeddable":true,"href":"https:\/\/cuernavaca.gob.mx\/index.php?rest_route=%2Fwp%2Fv2%2Fcategories&post=53900"},{"taxonomy":"post_tag","embeddable":true,"href":"https:\/\/cuernavaca.gob.mx\/index.php?rest_route=%2Fwp%2Fv2%2Ftags&post=53900"}],"curies":[{"name":"wp","href":"https:\/\/api.w.org\/{rel}","templated":true}]}}