{"id":53905,"date":"2025-10-25T11:00:26","date_gmt":"2025-10-25T17:00:26","guid":{"rendered":"https:\/\/cuernavaca.gob.mx\/?p=53905"},"modified":"2025-10-24T22:53:02","modified_gmt":"2025-10-25T04:53:02","slug":"b676-25-10-25-el-instituto-de-la-mujer-fortalece-la-autonomia-de-las-mujeres-a-traves-de-talleres-especializados","status":"publish","type":"post","link":"https:\/\/cuernavaca.gob.mx\/?p=53905","title":{"rendered":"B676 25\/10\/25 EL INSTITUTO DE LA MUJER FORTALECE LA AUTONOM\u00cdA DE LAS MUJERES A TRAV\u00c9S DE TALLERES ESPECIALIZADOS"},"content":{"rendered":"<p><strong>\u2022 A trav\u00e9s del programa FAEM, el IMC ha capacitado a m\u00e1s de tres mil mujeres en 102 talleres<\/strong><\/p>\n<p>\u201cUna de nuestras prioridades es fortalecer las \u00e1reas de oportunidad de las mujeres a fin de que aspiraren a mejores condiciones de desarrollo personal, mediante capacitaciones que desarrollen sus habilidades para que alcancen por s\u00ed lo mismas la autonom\u00eda econ\u00f3mica y, en consecuencia, la libertad emocional.\u201d<\/p>\n<p>As\u00ed lo asegur\u00f3 la directora del Instituto de la Mujer de Cuernavaca (IMC), Lorena Elizabeth Castillo, durante la reapertura del taller y equipamiento del programa Fortalecimiento de la Autonom\u00eda Econ\u00f3mica de las Mujeres (FAEM), el cual inici\u00f3 hace dos a\u00f1os, en la sede del parque Tlaltenango.<\/p>\n<p>Agreg\u00f3 que este espacio est\u00e1 orientado a ampliar la calidad y el alcance de las oportunidades econ\u00f3micas para las mujeres del municipio, al promover su empoderamiento, autonom\u00eda y desarrollo integral.<\/p>\n<p>Destac\u00f3 que estos logros se alinean con la pol\u00edtica p\u00fablica del presidente municipal, Jos\u00e9 Luis Uri\u00f3stegui Salgado, de transversalizar la prevenci\u00f3n y erradicaci\u00f3n de cualquier tipo de abuso.<\/p>\n<p>El objetivo del FAEM es que las beneficiarias adquieran habilidades t\u00e9cnicas y herramientas para generar ingresos propios, mientras se integran contenidos de desarrollo personal y prevenci\u00f3n de violencia de g\u00e9nero.<\/p>\n<p>Bajo este esquema, a la fecha el FAEM ha capacitado directamente a tres mil 080 personas, mediante 102 talleres, con una poblaci\u00f3n beneficiada de dos mil 070 personas. Entre otras acciones derivadas del programa FAEM se encuentran la Cooperativa Violeta y la Brigada Naranja.<\/p>\n<p>Adem\u00e1s, se ha establecido una alianza con la Comisi\u00f3n Nacional para la Protecci\u00f3n y Defensa de los Usuarios de Servicios Financieros (Condusef), para implementar el Proyecto Minerva, un programa educativo que permite a las mujeres desarrollar sus capacidades financieras.<\/p>\n<p>Se han impartido capacitaciones de Gastronom\u00eda y su comercializaci\u00f3n, con elaboraci\u00f3n de tamales gourmet, chocolater\u00eda, salsas y verduras en escabeche. En tecnolog\u00edas dom\u00e9sticas hay tambi\u00e9n elaboraci\u00f3n de suavizante de ropa, limpiador de pisos, jab\u00f3n l\u00edquido para ropa, entro otros.<\/p>\n<p>Como ejemplo de trabajo en territorio, Lorena Castillo mencion\u00f3 que gracias al acuerdo de colaboraci\u00f3n del IMC con el diputado local, Gerardo Abarca, se han realizado 32 talleres de julio a octubre de este a\u00f1o, en poblados como Las Granjas, Atlacomulco, Acapantzingo, Ejidos de Acapatzingo, Chipitl\u00e1n, Amatitl\u00e1n y Santa Mar\u00eda Ahuacatitl\u00e1n, beneficiando a 700 personas.<\/p>\n\n\t\t<style type=\"text\/css\">\n\t\t\t#gallery-1 {\n\t\t\t\tmargin: auto;\n\t\t\t}\n\t\t\t#gallery-1 .gallery-item {\n\t\t\t\tfloat: left;\n\t\t\t\tmargin-top: 10px;\n\t\t\t\ttext-align: center;\n\t\t\t\twidth: 33%;\n\t\t\t}\n\t\t\t#gallery-1 img {\n\t\t\t\tborder: 2px solid #cfcfcf;\n\t\t\t}\n\t\t\t#gallery-1 .gallery-caption {\n\t\t\t\tmargin-left: 0;\n\t\t\t}\n\t\t\t\/* see gallery_shortcode() in wp-includes\/media.php *\/\n\t\t<\/style>\n\t\t<div id='gallery-1' class='gallery galleryid-53905 gallery-columns-3 gallery-size-thumbnail'><dl class='gallery-item'>\n\t\t\t<dt class='gallery-icon landscape'>\n\t\t\t\t<a href='https:\/\/cuernavaca.gob.mx\/?attachment_id=53906'><img width=\"150\" height=\"150\" src=\"https:\/\/cuernavaca.gob.mx\/wp-content\/uploads\/2025\/10\/EL-INSTITUTO-DE-LA-MUJER-FORTALECE-LA-AUTONOMIA-DE-LAS-MUJERES-A-TRAVES-DE-TALLERES-ESPECIALIZADOS-3-150x150.jpeg\" class=\"attachment-thumbnail size-thumbnail\" alt=\"\" loading=\"lazy\" \/><\/a>\n\t\t\t<\/dt><\/dl><dl class='gallery-item'>\n\t\t\t<dt class='gallery-icon landscape'>\n\t\t\t\t<a href='https:\/\/cuernavaca.gob.mx\/?attachment_id=53907'><img width=\"150\" height=\"150\" src=\"https:\/\/cuernavaca.gob.mx\/wp-content\/uploads\/2025\/10\/EL-INSTITUTO-DE-LA-MUJER-FORTALECE-LA-AUTONOMIA-DE-LAS-MUJERES-A-TRAVES-DE-TALLERES-ESPECIALIZADOS-2-150x150.jpeg\" class=\"attachment-thumbnail size-thumbnail\" alt=\"\" loading=\"lazy\" \/><\/a>\n\t\t\t<\/dt><\/dl><dl class='gallery-item'>\n\t\t\t<dt class='gallery-icon landscape'>\n\t\t\t\t<a href='https:\/\/cuernavaca.gob.mx\/?attachment_id=53908'><img width=\"150\" height=\"150\" src=\"https:\/\/cuernavaca.gob.mx\/wp-content\/uploads\/2025\/10\/EL-INSTITUTO-DE-LA-MUJER-FORTALECE-LA-AUTONOMIA-DE-LAS-MUJERES-A-TRAVES-DE-TALLERES-ESPECIALIZADOS-1-150x150.jpeg\" class=\"attachment-thumbnail size-thumbnail\" alt=\"\" loading=\"lazy\" \/><\/a>\n\t\t\t<\/dt><\/dl><br style=\"clear: both\" \/><dl class='gallery-item'>\n\t\t\t<dt class='gallery-icon landscape'>\n\t\t\t\t<a href='https:\/\/cuernavaca.gob.mx\/?attachment_id=53909'><img width=\"150\" height=\"150\" src=\"https:\/\/cuernavaca.gob.mx\/wp-content\/uploads\/2025\/10\/EL-INSTITUTO-DE-LA-MUJER-FORTALECE-LA-AUTONOMIA-DE-LAS-MUJERES-A-TRAVES-DE-TALLERES-ESPECIALIZADOS-150x150.jpeg\" class=\"attachment-thumbnail size-thumbnail\" alt=\"\" loading=\"lazy\" \/><\/a>\n\t\t\t<\/dt><\/dl>\n\t\t\t<br style='clear: both' \/>\n\t\t<\/div>\n\n","protected":false},"excerpt":{"rendered":"<p>\u2022 A trav\u00e9s del programa FAEM, el IMC ha capacitado a m\u00e1s de tres mil mujeres en 102 talleres \u201cUna de nuestras prioridades es fortalecer las \u00e1reas de oportunidad de las mujeres a fin de que aspiraren a mejores condiciones de desarrollo personal, mediante capacitaciones que desarrollen sus habilidades para que alcancen por s\u00ed lo [&hellip;]<\/p>\n","protected":false},"author":1,"featured_media":53909,"comment_status":"closed","ping_status":"open","sticky":false,"template":"","format":"standard","meta":[],"categories":[280],"tags":[2124,121,1383,4257,3036,120,206,213],"aioseo_notices":[],"_links":{"self":[{"href":"https:\/\/cuernavaca.gob.mx\/index.php?rest_route=\/wp\/v2\/posts\/53905"}],"collection":[{"href":"https:\/\/cuernavaca.gob.mx\/index.php?rest_route=\/wp\/v2\/posts"}],"about":[{"href":"https:\/\/cuernavaca.gob.mx\/index.php?rest_route=\/wp\/v2\/types\/post"}],"author":[{"embeddable":true,"href":"https:\/\/cuernavaca.gob.mx\/index.php?rest_route=\/wp\/v2\/users\/1"}],"replies":[{"embeddable":true,"href":"https:\/\/cuernavaca.gob.mx\/index.php?rest_route=%2Fwp%2Fv2%2Fcomments&post=53905"}],"version-history":[{"count":1,"href":"https:\/\/cuernavaca.gob.mx\/index.php?rest_route=\/wp\/v2\/posts\/53905\/revisions"}],"predecessor-version":[{"id":53910,"href":"https:\/\/cuernavaca.gob.mx\/index.php?rest_route=\/wp\/v2\/posts\/53905\/revisions\/53910"}],"wp:featuredmedia":[{"embeddable":true,"href":"https:\/\/cuernavaca.gob.mx\/index.php?rest_route=\/wp\/v2\/media\/53909"}],"wp:attachment":[{"href":"https:\/\/cuernavaca.gob.mx\/index.php?rest_route=%2Fwp%2Fv2%2Fmedia&parent=53905"}],"wp:term":[{"taxonomy":"category","embeddable":true,"href":"https:\/\/cuernavaca.gob.mx\/index.php?rest_route=%2Fwp%2Fv2%2Fcategories&post=53905"},{"taxonomy":"post_tag","embeddable":true,"href":"https:\/\/cuernavaca.gob.mx\/index.php?rest_route=%2Fwp%2Fv2%2Ftags&post=53905"}],"curies":[{"name":"wp","href":"https:\/\/api.w.org\/{rel}","templated":true}]}}