{"id":53912,"date":"2025-10-26T11:00:31","date_gmt":"2025-10-26T17:00:31","guid":{"rendered":"https:\/\/cuernavaca.gob.mx\/?p=53912"},"modified":"2025-10-25T23:21:58","modified_gmt":"2025-10-26T05:21:58","slug":"b677-26-10-25-flores-del-vivero-municipal-llenan-de-color-y-tradicion-a-cuernavaca","status":"publish","type":"post","link":"https:\/\/cuernavaca.gob.mx\/?p=53912","title":{"rendered":"B677 26\/10\/25 FLORES DEL VIVERO MUNICIPAL LLENAN DE COLOR Y TRADICI\u00d3N A CUERNAVACA"},"content":{"rendered":"<p>Con el objetivo de fortalecer las acciones de sustentabilidad y embellecimiento urbano la Secretar\u00eda de Desarrollo Sustentable y Servicios P\u00fablicos (SDSySP), a trav\u00e9s del \u00e1rea de Parques y Jardines, realiz\u00f3 por primera vez la reproducci\u00f3n de flores de cempas\u00fachil en el Vivero Municipal de Cuernavaca.<\/p>\n<p>En esta primera etapa se cultivaron dos mil plantas de la especie Clemolito, las cuales se han colocado en glorietas y camellones de la ciudad, llenando de color y tradici\u00f3n los espacios p\u00fablicos durante la temporada de D\u00eda de Muertos.<\/p>\n<p>Si bien la producci\u00f3n a\u00fan no es suficiente para cubrir todos los puntos de la capital, este avance representa un paso importante hacia un Cuernavaca m\u00e1s verde, autosustentable y comprometido con el cuidado ambiental.<\/p>\n<p>Con estas acciones, la SDSySP reafirma su compromiso de impulsar proyectos que fortalezcan la vegetaci\u00f3n urbana y promuevan el aprovechamiento de los recursos naturales.<\/p>\n\n\t\t<style type=\"text\/css\">\n\t\t\t#gallery-1 {\n\t\t\t\tmargin: auto;\n\t\t\t}\n\t\t\t#gallery-1 .gallery-item {\n\t\t\t\tfloat: left;\n\t\t\t\tmargin-top: 10px;\n\t\t\t\ttext-align: center;\n\t\t\t\twidth: 33%;\n\t\t\t}\n\t\t\t#gallery-1 img {\n\t\t\t\tborder: 2px solid #cfcfcf;\n\t\t\t}\n\t\t\t#gallery-1 .gallery-caption {\n\t\t\t\tmargin-left: 0;\n\t\t\t}\n\t\t\t\/* see gallery_shortcode() in wp-includes\/media.php *\/\n\t\t<\/style>\n\t\t<div id='gallery-1' class='gallery galleryid-53912 gallery-columns-3 gallery-size-thumbnail'><dl class='gallery-item'>\n\t\t\t<dt class='gallery-icon landscape'>\n\t\t\t\t<a href='https:\/\/cuernavaca.gob.mx\/?attachment_id=53915'><img width=\"150\" height=\"150\" src=\"https:\/\/cuernavaca.gob.mx\/wp-content\/uploads\/2025\/10\/FLORES-DEL-VIVERO-MUNICIPAL-LLENAN-DE-COLOR-Y-TRADICION-A-CUERNAVACA-2-150x150.jpeg\" class=\"attachment-thumbnail size-thumbnail\" alt=\"\" loading=\"lazy\" \/><\/a>\n\t\t\t<\/dt><\/dl><dl class='gallery-item'>\n\t\t\t<dt class='gallery-icon landscape'>\n\t\t\t\t<a href='https:\/\/cuernavaca.gob.mx\/?attachment_id=53917'><img width=\"150\" height=\"150\" src=\"https:\/\/cuernavaca.gob.mx\/wp-content\/uploads\/2025\/10\/FLORES-DEL-VIVERO-MUNICIPAL-LLENAN-DE-COLOR-Y-TRADICION-A-CUERNAVACA-150x150.jpeg\" class=\"attachment-thumbnail size-thumbnail\" alt=\"\" loading=\"lazy\" \/><\/a>\n\t\t\t<\/dt><\/dl><dl class='gallery-item'>\n\t\t\t<dt class='gallery-icon landscape'>\n\t\t\t\t<a href='https:\/\/cuernavaca.gob.mx\/?attachment_id=53913'><img width=\"150\" height=\"150\" src=\"https:\/\/cuernavaca.gob.mx\/wp-content\/uploads\/2025\/10\/FLORES-DEL-VIVERO-MUNICIPAL-LLENAN-DE-COLOR-Y-TRADICION-A-CUERNAVACA-4-150x150.jpeg\" class=\"attachment-thumbnail size-thumbnail\" alt=\"\" loading=\"lazy\" \/><\/a>\n\t\t\t<\/dt><\/dl><br style=\"clear: both\" \/><dl class='gallery-item'>\n\t\t\t<dt class='gallery-icon landscape'>\n\t\t\t\t<a href='https:\/\/cuernavaca.gob.mx\/?attachment_id=53914'><img width=\"150\" height=\"150\" src=\"https:\/\/cuernavaca.gob.mx\/wp-content\/uploads\/2025\/10\/FLORES-DEL-VIVERO-MUNICIPAL-LLENAN-DE-COLOR-Y-TRADICION-A-CUERNAVACA-3-150x150.jpeg\" class=\"attachment-thumbnail size-thumbnail\" alt=\"\" loading=\"lazy\" \/><\/a>\n\t\t\t<\/dt><\/dl><dl class='gallery-item'>\n\t\t\t<dt class='gallery-icon landscape'>\n\t\t\t\t<a href='https:\/\/cuernavaca.gob.mx\/?attachment_id=53916'><img width=\"150\" height=\"150\" src=\"https:\/\/cuernavaca.gob.mx\/wp-content\/uploads\/2025\/10\/FLORES-DEL-VIVERO-MUNICIPAL-LLENAN-DE-COLOR-Y-TRADICION-A-CUERNAVACA-1-150x150.jpeg\" class=\"attachment-thumbnail size-thumbnail\" alt=\"\" loading=\"lazy\" \/><\/a>\n\t\t\t<\/dt><\/dl>\n\t\t\t<br style='clear: both' \/>\n\t\t<\/div>\n\n","protected":false},"excerpt":{"rendered":"<p>Con el objetivo de fortalecer las acciones de sustentabilidad y embellecimiento urbano la Secretar\u00eda de Desarrollo Sustentable y Servicios P\u00fablicos (SDSySP), a trav\u00e9s del \u00e1rea de Parques y Jardines, realiz\u00f3 por primera vez la reproducci\u00f3n de flores de cempas\u00fachil en el Vivero Municipal de Cuernavaca. En esta primera etapa se cultivaron dos mil plantas de [&hellip;]<\/p>\n","protected":false},"author":1,"featured_media":53915,"comment_status":"closed","ping_status":"open","sticky":false,"template":"","format":"standard","meta":[],"categories":[208],"tags":[4259,4258,121,2490,220,120,206,138],"aioseo_notices":[],"_links":{"self":[{"href":"https:\/\/cuernavaca.gob.mx\/index.php?rest_route=\/wp\/v2\/posts\/53912"}],"collection":[{"href":"https:\/\/cuernavaca.gob.mx\/index.php?rest_route=\/wp\/v2\/posts"}],"about":[{"href":"https:\/\/cuernavaca.gob.mx\/index.php?rest_route=\/wp\/v2\/types\/post"}],"author":[{"embeddable":true,"href":"https:\/\/cuernavaca.gob.mx\/index.php?rest_route=\/wp\/v2\/users\/1"}],"replies":[{"embeddable":true,"href":"https:\/\/cuernavaca.gob.mx\/index.php?rest_route=%2Fwp%2Fv2%2Fcomments&post=53912"}],"version-history":[{"count":1,"href":"https:\/\/cuernavaca.gob.mx\/index.php?rest_route=\/wp\/v2\/posts\/53912\/revisions"}],"predecessor-version":[{"id":53918,"href":"https:\/\/cuernavaca.gob.mx\/index.php?rest_route=\/wp\/v2\/posts\/53912\/revisions\/53918"}],"wp:featuredmedia":[{"embeddable":true,"href":"https:\/\/cuernavaca.gob.mx\/index.php?rest_route=\/wp\/v2\/media\/53915"}],"wp:attachment":[{"href":"https:\/\/cuernavaca.gob.mx\/index.php?rest_route=%2Fwp%2Fv2%2Fmedia&parent=53912"}],"wp:term":[{"taxonomy":"category","embeddable":true,"href":"https:\/\/cuernavaca.gob.mx\/index.php?rest_route=%2Fwp%2Fv2%2Fcategories&post=53912"},{"taxonomy":"post_tag","embeddable":true,"href":"https:\/\/cuernavaca.gob.mx\/index.php?rest_route=%2Fwp%2Fv2%2Ftags&post=53912"}],"curies":[{"name":"wp","href":"https:\/\/api.w.org\/{rel}","templated":true}]}}