{"id":53919,"date":"2025-10-26T10:00:28","date_gmt":"2025-10-26T16:00:28","guid":{"rendered":"https:\/\/cuernavaca.gob.mx\/?p=53919"},"modified":"2025-10-26T07:51:37","modified_gmt":"2025-10-26T13:51:37","slug":"f102-26-10-25-instalan-comision-organizadora-para-eleccion-de-consejos-de-participacion-social-en-cuernavaca","status":"publish","type":"post","link":"https:\/\/cuernavaca.gob.mx\/?p=53919","title":{"rendered":"F102 26\/10\/25 INSTALAN COMISI\u00d3N ORGANIZADORA PARA ELECCI\u00d3N DE CONSEJOS DE PARTICIPACI\u00d3N SOCIAL EN CUERNAVACA"},"content":{"rendered":"<p>Con el objetivo de fortalecer la participaci\u00f3n ciudadana en la toma de decisiones y el desarrollo de la ciudad, el Ayuntamiento de Cuernavaca instal\u00f3 la Comisi\u00f3n Organizadora del Proceso Electoral de los Consejos de Participaci\u00f3n Social del Municipio de Cuernavaca, encabezada por el alcalde Jos\u00e9 Luis Uri\u00f3stegui Salgado, quien destac\u00f3 la relevancia de estas figuras como v\u00ednculo directo con las 244 comunidades reconocidas en el municipio, permitiendo un acercamiento permanente entre autoridades y poblaci\u00f3n.<\/p>\n<p>Este cuerpo colegiado, conformado por regidoras, regidores y la Secretar\u00eda del Ayuntamiento, contar\u00e1 con el acompa\u00f1amiento del Instituto Morelense de Procesos Electorales y Participaci\u00f3n Ciudadana (IMPEPAC), dado que la elecci\u00f3n se realiza por votaci\u00f3n en urnas. Como en 2022, se garantiza un proceso democr\u00e1tico, transparente y apegado a la normatividad, donde la ciudadan\u00eda elegir\u00e1 libremente a sus representantes honor\u00edficos para un periodo de tres a\u00f1os.<\/p>\n<p>Los Consejos de Participaci\u00f3n Social son instrumentos clave para integrar a la comunidad en los programas del Gobierno Municipal y atender las necesidades espec\u00edficas de cada zona. Los actuales consejos concluir\u00e1n su periodo a mediados de noviembre de 2025, por lo que el Ayuntamiento avanza con responsabilidad en este proceso de renovaci\u00f3n que busca consolidar la voz ciudadana en el quehacer p\u00fablico.<\/p>\n\n\t\t<style type=\"text\/css\">\n\t\t\t#gallery-1 {\n\t\t\t\tmargin: auto;\n\t\t\t}\n\t\t\t#gallery-1 .gallery-item {\n\t\t\t\tfloat: left;\n\t\t\t\tmargin-top: 10px;\n\t\t\t\ttext-align: center;\n\t\t\t\twidth: 33%;\n\t\t\t}\n\t\t\t#gallery-1 img {\n\t\t\t\tborder: 2px solid #cfcfcf;\n\t\t\t}\n\t\t\t#gallery-1 .gallery-caption {\n\t\t\t\tmargin-left: 0;\n\t\t\t}\n\t\t\t\/* see gallery_shortcode() in wp-includes\/media.php *\/\n\t\t<\/style>\n\t\t<div id='gallery-1' class='gallery galleryid-53919 gallery-columns-3 gallery-size-thumbnail'><dl class='gallery-item'>\n\t\t\t<dt class='gallery-icon landscape'>\n\t\t\t\t<a href='https:\/\/cuernavaca.gob.mx\/?attachment_id=53922'><img width=\"150\" height=\"150\" src=\"https:\/\/cuernavaca.gob.mx\/wp-content\/uploads\/2025\/10\/INSTALAN-COMISION-ORGANIZADORA-PARA-ELECCION-DE-CONSEJOS-DE-PARTICIPACION-SOCIAL-EN-CUERNAVACA-150x150.jpeg\" class=\"attachment-thumbnail size-thumbnail\" alt=\"\" loading=\"lazy\" \/><\/a>\n\t\t\t<\/dt><\/dl><dl class='gallery-item'>\n\t\t\t<dt class='gallery-icon landscape'>\n\t\t\t\t<a href='https:\/\/cuernavaca.gob.mx\/?attachment_id=53920'><img width=\"150\" height=\"150\" src=\"https:\/\/cuernavaca.gob.mx\/wp-content\/uploads\/2025\/10\/INSTALAN-COMISION-ORGANIZADORA-PARA-ELECCION-DE-CONSEJOS-DE-PARTICIPACION-SOCIAL-EN-CUERNAVACA-2-150x150.jpeg\" class=\"attachment-thumbnail size-thumbnail\" alt=\"\" loading=\"lazy\" \/><\/a>\n\t\t\t<\/dt><\/dl>\n\t\t\t<br style='clear: both' \/>\n\t\t<\/div>\n\n","protected":false},"excerpt":{"rendered":"<p>Con el objetivo de fortalecer la participaci\u00f3n ciudadana en la toma de decisiones y el desarrollo de la ciudad, el Ayuntamiento de Cuernavaca instal\u00f3 la Comisi\u00f3n Organizadora del Proceso Electoral de los Consejos de Participaci\u00f3n Social del Municipio de Cuernavaca, encabezada por el alcalde Jos\u00e9 Luis Uri\u00f3stegui Salgado, quien destac\u00f3 la relevancia de estas figuras [&hellip;]<\/p>\n","protected":false},"author":1,"featured_media":53922,"comment_status":"closed","ping_status":"open","sticky":false,"template":"","format":"standard","meta":[],"categories":[3047],"tags":[158,1006,121,804,120,206,1098],"aioseo_notices":[],"_links":{"self":[{"href":"https:\/\/cuernavaca.gob.mx\/index.php?rest_route=\/wp\/v2\/posts\/53919"}],"collection":[{"href":"https:\/\/cuernavaca.gob.mx\/index.php?rest_route=\/wp\/v2\/posts"}],"about":[{"href":"https:\/\/cuernavaca.gob.mx\/index.php?rest_route=\/wp\/v2\/types\/post"}],"author":[{"embeddable":true,"href":"https:\/\/cuernavaca.gob.mx\/index.php?rest_route=\/wp\/v2\/users\/1"}],"replies":[{"embeddable":true,"href":"https:\/\/cuernavaca.gob.mx\/index.php?rest_route=%2Fwp%2Fv2%2Fcomments&post=53919"}],"version-history":[{"count":1,"href":"https:\/\/cuernavaca.gob.mx\/index.php?rest_route=\/wp\/v2\/posts\/53919\/revisions"}],"predecessor-version":[{"id":53923,"href":"https:\/\/cuernavaca.gob.mx\/index.php?rest_route=\/wp\/v2\/posts\/53919\/revisions\/53923"}],"wp:featuredmedia":[{"embeddable":true,"href":"https:\/\/cuernavaca.gob.mx\/index.php?rest_route=\/wp\/v2\/media\/53922"}],"wp:attachment":[{"href":"https:\/\/cuernavaca.gob.mx\/index.php?rest_route=%2Fwp%2Fv2%2Fmedia&parent=53919"}],"wp:term":[{"taxonomy":"category","embeddable":true,"href":"https:\/\/cuernavaca.gob.mx\/index.php?rest_route=%2Fwp%2Fv2%2Fcategories&post=53919"},{"taxonomy":"post_tag","embeddable":true,"href":"https:\/\/cuernavaca.gob.mx\/index.php?rest_route=%2Fwp%2Fv2%2Ftags&post=53919"}],"curies":[{"name":"wp","href":"https:\/\/api.w.org\/{rel}","templated":true}]}}