{"id":53931,"date":"2025-10-27T12:15:30","date_gmt":"2025-10-27T18:15:30","guid":{"rendered":"https:\/\/cuernavaca.gob.mx\/?p=53931"},"modified":"2025-10-27T12:56:43","modified_gmt":"2025-10-27T18:56:43","slug":"b679-27-10-25-hermanamiento-entre-cuernavaca-y-denver-continua-dando-resultados-con-la-campana-oftalmologica-2025","status":"publish","type":"post","link":"https:\/\/cuernavaca.gob.mx\/?p=53931","title":{"rendered":"B679 27\/10\/25 HERMANAMIENTO ENTRE CUERNAVACA Y DENVER CONTIN\u00daA DANDO RESULTADOS CON LA CAMPA\u00d1A OFTALMOL\u00d3GICA 2025"},"content":{"rendered":"<p><strong>\u2022 M\u00e1s de dos mil lentes gratuitos se entregan este a\u00f1o como parte de un esfuerzo binacional que ha beneficiado a miles de personas en la capital morelense desde el a\u00f1o 2023<\/strong><\/p>\n<p>Como resultado del hermanamiento entre Cuernavaca y la ciudad de Denver, Colorado, refrendado bajo el liderazgo del alcalde Jos\u00e9 Luis Uri\u00f3stegui Salgado, este lunes dio inicio, por tercer a\u00f1o consecutivo, la Campa\u00f1a Oftalmol\u00f3gica 2025 en la Direcci\u00f3n de Turismo de la Secretar\u00eda de Desarrollo Econ\u00f3mico y Turismo.<\/p>\n<p>Mediante esta iniciativa, que estar\u00e1 vigente hasta el 30 de octubre, se proporcionan servicios de cuidado visual totalmente gratuitos, no solo con ex\u00e1menes de la vista, sino tambi\u00e9n a trav\u00e9s de la donaci\u00f3n de cerca de dos mil pares de lentes y gafas a personas que no tienen acceso a servicios m\u00e9dicos especializados.<\/p>\n<p>Esta campa\u00f1a, que ha sido muy exitosa en Cuernavaca, deriva de un esfuerzo conjunto entre la organizaci\u00f3n Denver Sister Cities International (DSCI), el Ayuntamiento de Cuernavaca, Clubes de Leones de M\u00e9xico, Club Rotario y la Universidad del Valle de Cuernavaca (UNIVAC).<\/p>\n<p>Al encabezar el acto inaugural, el presidente municipal de Cuernavaca, Jos\u00e9 Luis Uri\u00f3stegui Salgado, reconoci\u00f3 el trabajo realizado para que las personas con dificultades visuales cuenten con la oportunidad de ver mejor y superar los obst\u00e1culos que genera la discapacidad visual, sin costo alguno.<\/p>\n<p>\u201cGracias por su generosidad, la del alcalde de Denver Mike Johnston, y por mantener este esp\u00edritu de ciudades vivas entre Cuernavaca y Denver, y hacerlo patente peri\u00f3dicamente\u201d, resalt\u00f3.<\/p>\n<p>Por su parte, Susana Osorio Kinsky, presidenta del Comit\u00e9 de Cuernavaca en Denver Sister Cities International (DSCI), agradeci\u00f3 la disposici\u00f3n mostrada desde la primera gesti\u00f3n del alcalde Uri\u00f3stegui Salgado para implementar esta campa\u00f1a en la ciudad, que nuevamente abre sus puertas a trav\u00e9s de la Direcci\u00f3n de Turismo.<\/p>\n<p>Asegur\u00f3 que la intenci\u00f3n es seguir trabajando de la mano con el Ayuntamiento de Cuernavaca para continuar beneficiando a m\u00e1s personas que requieren un servicio tan fundamental como este.<\/p>\n<p>La Campa\u00f1a Oftalmol\u00f3gica 2025 se lleva a cabo en las instalaciones de la Direcci\u00f3n de Turismo de Cuernavaca, ubicadas en avenida Morelos #278, colonia Centro (a un costado de la Iglesia San Jos\u00e9 El Calvario), en un horario de 08:30 a 14:30 horas, hasta el jueves 30 de octubre.<\/p>\n<p>En el acto inaugural estuvieron presentes el secretario de Desarrollo Econ\u00f3mico y Turismo, Marcos Manuel Su\u00e1rez Gerard; la directora general de Turismo de Cuernavaca, Concepci\u00f3n G\u00f3mez Medina; el presidente del Club de Leones de Denver, Steve Kinsky; el gobernador del Distrito B6 del Club de Leones, Francisco G\u00f3mez, y la directora de Vinculaci\u00f3n Interinstitucional de UNIVAC, Guadalupe \u00c1ngeles Chimal.<\/p>\n\n\t\t<style type=\"text\/css\">\n\t\t\t#gallery-1 {\n\t\t\t\tmargin: auto;\n\t\t\t}\n\t\t\t#gallery-1 .gallery-item {\n\t\t\t\tfloat: left;\n\t\t\t\tmargin-top: 10px;\n\t\t\t\ttext-align: center;\n\t\t\t\twidth: 33%;\n\t\t\t}\n\t\t\t#gallery-1 img {\n\t\t\t\tborder: 2px solid #cfcfcf;\n\t\t\t}\n\t\t\t#gallery-1 .gallery-caption {\n\t\t\t\tmargin-left: 0;\n\t\t\t}\n\t\t\t\/* see gallery_shortcode() in wp-includes\/media.php *\/\n\t\t<\/style>\n\t\t<div id='gallery-1' class='gallery galleryid-53931 gallery-columns-3 gallery-size-thumbnail'><dl class='gallery-item'>\n\t\t\t<dt class='gallery-icon landscape'>\n\t\t\t\t<a href='https:\/\/cuernavaca.gob.mx\/?attachment_id=53935'><img width=\"150\" height=\"150\" src=\"https:\/\/cuernavaca.gob.mx\/wp-content\/uploads\/2025\/10\/HERMANAMIENTO-ENTRE-CUERNAVACA-Y-DENVER-CONTINU\u0301A-DANDO-RESULTADOS-CON-LA-CAMPAN\u0303A-OFTALMOLO\u0301GICA-20253-150x150.jpg\" class=\"attachment-thumbnail size-thumbnail\" alt=\"\" loading=\"lazy\" \/><\/a>\n\t\t\t<\/dt><\/dl><dl class='gallery-item'>\n\t\t\t<dt class='gallery-icon landscape'>\n\t\t\t\t<a href='https:\/\/cuernavaca.gob.mx\/?attachment_id=53936'><img width=\"150\" height=\"150\" src=\"https:\/\/cuernavaca.gob.mx\/wp-content\/uploads\/2025\/10\/HERMANAMIENTO-ENTRE-CUERNAVACA-Y-DENVER-CONTINU\u0301A-DANDO-RESULTADOS-CON-LA-CAMPAN\u0303A-OFTALMOLO\u0301GICA-20254-150x150.jpg\" class=\"attachment-thumbnail size-thumbnail\" alt=\"\" loading=\"lazy\" \/><\/a>\n\t\t\t<\/dt><\/dl><dl class='gallery-item'>\n\t\t\t<dt class='gallery-icon landscape'>\n\t\t\t\t<a href='https:\/\/cuernavaca.gob.mx\/?attachment_id=53934'><img width=\"150\" height=\"150\" src=\"https:\/\/cuernavaca.gob.mx\/wp-content\/uploads\/2025\/10\/HERMANAMIENTO-ENTRE-CUERNAVACA-Y-DENVER-CONTINU\u0301A-DANDO-RESULTADOS-CON-LA-CAMPAN\u0303A-OFTALMOLO\u0301GICA-20252-150x150.jpg\" class=\"attachment-thumbnail size-thumbnail\" alt=\"\" loading=\"lazy\" \/><\/a>\n\t\t\t<\/dt><\/dl><br style=\"clear: both\" \/><dl class='gallery-item'>\n\t\t\t<dt class='gallery-icon landscape'>\n\t\t\t\t<a href='https:\/\/cuernavaca.gob.mx\/?attachment_id=53933'><img width=\"150\" height=\"150\" src=\"https:\/\/cuernavaca.gob.mx\/wp-content\/uploads\/2025\/10\/HERMANAMIENTO-ENTRE-CUERNAVACA-Y-DENVER-CONTINU\u0301A-DANDO-RESULTADOS-CON-LA-CAMPAN\u0303A-OFTALMOLO\u0301GICA-20251-150x150.jpg\" class=\"attachment-thumbnail size-thumbnail\" alt=\"\" loading=\"lazy\" \/><\/a>\n\t\t\t<\/dt><\/dl><dl class='gallery-item'>\n\t\t\t<dt class='gallery-icon landscape'>\n\t\t\t\t<a href='https:\/\/cuernavaca.gob.mx\/?attachment_id=53937'><img width=\"150\" height=\"150\" src=\"https:\/\/cuernavaca.gob.mx\/wp-content\/uploads\/2025\/10\/HERMANAMIENTO-ENTRE-CUERNAVACA-Y-DENVER-CONTINU\u0301A-DANDO-RESULTADOS-CON-LA-CAMPAN\u0303A-OFTALMOLO\u0301GICA-20255-150x150.jpg\" class=\"attachment-thumbnail size-thumbnail\" alt=\"\" loading=\"lazy\" \/><\/a>\n\t\t\t<\/dt><\/dl><dl class='gallery-item'>\n\t\t\t<dt class='gallery-icon landscape'>\n\t\t\t\t<a href='https:\/\/cuernavaca.gob.mx\/?attachment_id=53932'><img width=\"150\" height=\"150\" src=\"https:\/\/cuernavaca.gob.mx\/wp-content\/uploads\/2025\/10\/HERMANAMIENTO-ENTRE-CUERNAVACA-Y-DENVER-CONTINU\u0301A-DANDO-RESULTADOS-CON-LA-CAMPAN\u0303A-OFTALMOLO\u0301GICA-2025-150x150.jpg\" class=\"attachment-thumbnail size-thumbnail\" alt=\"\" loading=\"lazy\" \/><\/a>\n\t\t\t<\/dt><\/dl><br style=\"clear: both\" \/>\n\t\t<\/div>\n\n","protected":false},"excerpt":{"rendered":"<p>\u2022 M\u00e1s de dos mil lentes gratuitos se entregan este a\u00f1o como parte de un esfuerzo binacional que ha beneficiado a miles de personas en la capital morelense desde el a\u00f1o 2023 Como resultado del hermanamiento entre Cuernavaca y la ciudad de Denver, Colorado, refrendado bajo el liderazgo del alcalde Jos\u00e9 Luis Uri\u00f3stegui Salgado, este [&hellip;]<\/p>\n","protected":false},"author":1,"featured_media":53935,"comment_status":"closed","ping_status":"open","sticky":false,"template":"","format":"standard","meta":[],"categories":[899],"tags":[1024,4262,4263,121,3597,120,206,154],"aioseo_notices":[],"_links":{"self":[{"href":"https:\/\/cuernavaca.gob.mx\/index.php?rest_route=\/wp\/v2\/posts\/53931"}],"collection":[{"href":"https:\/\/cuernavaca.gob.mx\/index.php?rest_route=\/wp\/v2\/posts"}],"about":[{"href":"https:\/\/cuernavaca.gob.mx\/index.php?rest_route=\/wp\/v2\/types\/post"}],"author":[{"embeddable":true,"href":"https:\/\/cuernavaca.gob.mx\/index.php?rest_route=\/wp\/v2\/users\/1"}],"replies":[{"embeddable":true,"href":"https:\/\/cuernavaca.gob.mx\/index.php?rest_route=%2Fwp%2Fv2%2Fcomments&post=53931"}],"version-history":[{"count":1,"href":"https:\/\/cuernavaca.gob.mx\/index.php?rest_route=\/wp\/v2\/posts\/53931\/revisions"}],"predecessor-version":[{"id":53938,"href":"https:\/\/cuernavaca.gob.mx\/index.php?rest_route=\/wp\/v2\/posts\/53931\/revisions\/53938"}],"wp:featuredmedia":[{"embeddable":true,"href":"https:\/\/cuernavaca.gob.mx\/index.php?rest_route=\/wp\/v2\/media\/53935"}],"wp:attachment":[{"href":"https:\/\/cuernavaca.gob.mx\/index.php?rest_route=%2Fwp%2Fv2%2Fmedia&parent=53931"}],"wp:term":[{"taxonomy":"category","embeddable":true,"href":"https:\/\/cuernavaca.gob.mx\/index.php?rest_route=%2Fwp%2Fv2%2Fcategories&post=53931"},{"taxonomy":"post_tag","embeddable":true,"href":"https:\/\/cuernavaca.gob.mx\/index.php?rest_route=%2Fwp%2Fv2%2Ftags&post=53931"}],"curies":[{"name":"wp","href":"https:\/\/api.w.org\/{rel}","templated":true}]}}