{"id":53941,"date":"2025-10-28T08:00:55","date_gmt":"2025-10-28T14:00:55","guid":{"rendered":"https:\/\/cuernavaca.gob.mx\/?p=53941"},"modified":"2025-10-28T13:41:31","modified_gmt":"2025-10-28T19:41:31","slug":"b680-28-10-25-el-corazon-de-cuernavaca-late-entre-flores-musica-y-ofrendas","status":"publish","type":"post","link":"https:\/\/cuernavaca.gob.mx\/?p=53941","title":{"rendered":"B680 28\/10\/25 EL CORAZ\u00d3N DE CUERNAVACA LATE ENTRE FLORES, M\u00daSICA Y OFRENDAS"},"content":{"rendered":"<p><strong>\u2022 Una cartelera llena de arte, cultura y tradici\u00f3n que ofrece el Ayuntamiento de Cuernavaca para todas las edades con eventos gratuitos<\/strong><\/p>\n<p>La ciudad de Cuernavaca se prepara para vivir una de las tradiciones m\u00e1s emblem\u00e1ticas de M\u00e9xico. En esta ocasi\u00f3n, el Ayuntamiento, a trav\u00e9s de la Secretar\u00eda de Desarrollo Humano y Participaci\u00f3n Social, presenta el Festival de D\u00eda de Muertos \u201cMictl\u00e1n 2025\u201d, una gran celebraci\u00f3n que reunir\u00e1 arte, m\u00fasica, danza, teatro y ofrendas en distintos puntos de la ciudad.<\/p>\n<p>Del 29 al 31 de octubre, habitantes y visitantes podr\u00e1n disfrutar de una cartelera gratuita y diversa que honra a los fieles difuntos y enaltece las ra\u00edces culturales de Cuernavaca.<\/p>\n<p>ACTIVIDADES EN EL MUSEO DE LA CIUDAD DE CUERNAVACA (MUCIC):<br \/>\nDel 29 al 31 de octubre<\/p>\n<p>Mi\u00e9rcoles 29 de octubre<br \/>\n16:00 \u2013 Proyecci\u00f3n del documental \u201cMalcolm Lowry en M\u00e9xico\u201d de \u00d3scar Men\u00e9ndez<br \/>\n17:00 \u2013 Taller de genealog\u00eda \u201cConoce a tus ancestros a trav\u00e9s de tu \u00e1rbol geneal\u00f3gico\u201d<br \/>\n17:00 \u2013 Presentaci\u00f3n del Coro de la Estaca Cuernavaca<br \/>\n18:00 \u2013 Presentaci\u00f3n musical de Gaby de la Paz<br \/>\n18:10 \u2013 Lectura de Calaveritas literarias por Martha Saavedra<br \/>\n18:20 \u2013 Presentaci\u00f3n musical de Javier Vences y Bricia<br \/>\n18:30 \u2013 Teatro: \u201cLa leyenda del callej\u00f3n del diablo\u201d por Mauricio Saavedra<br \/>\n18:40 \u2013 Obra \u201cMuertos pero no tanto\u201d de Mario Alberto Aguirre<\/p>\n<p>Jueves 30 de octubre<br \/>\n16:00 \u2013 Proyecci\u00f3n del documental \u201cMalcolm Lowry en M\u00e9xico\u201d<br \/>\n17:00 \u2013 Taller de genealog\u00eda<br \/>\n17:00 \u2013 Inauguraci\u00f3n de las ofrendas<br \/>\n17:30 \u2013 Presentaci\u00f3n de danza tradicional<br \/>\n19:00 \u2013 Presentaci\u00f3n esc\u00e9nica \u201cAlmas en el aire\u201d<\/p>\n<p>Viernes 31 de octubre<br \/>\n11:15 \u2013 Desfile de calaveras con la Banda de Viento del Ayuntamiento (inicia de las oficinas de Papagayo al MuCiC)<br \/>\n12:00 \u2013 Inauguraci\u00f3n de la Ofrenda Monumental dedicada a Chavela Vargas<\/p>\n<p>CONCIERTO MUSICAL EN OCOTEPEC<\/p>\n<p>29 de octubre \u2013 16:00 h.<br \/>\nCentro de Desarrollo Comunitario de Ocotepec<\/p>\n<p>En el marco del D\u00eda de Muertos, alumnos de guitarra y viol\u00edn ofrecer\u00e1n un recital en el Centro de Desarrollo Comunitario de Ocotepec. Esta presentaci\u00f3n busca fomentar la participaci\u00f3n art\u00edstica y fortalecer la formaci\u00f3n cultural de ni\u00f1as, ni\u00f1os y j\u00f3venes, preservando nuestras tradiciones mexicanas.<\/p>\n<p>EXHIBICI\u00d3N DE OFRENDAS 2025 \u2013 PARQUE TLALTENANGO<\/p>\n<p>30 de octubre \u2013 16:00 h.<br \/>\nParque Tlaltenango<\/p>\n<p>En coordinaci\u00f3n con la Zona Escolar No. 43, se realizar\u00e1 la \u201cExhibici\u00f3n de Ofrendas 2025\u201d, con la participaci\u00f3n de 15 escuelas primarias. El evento busca honrar la memoria de los seres queridos y fortalecer la uni\u00f3n familiar.<\/p>\n<p>El Instituto del Deporte de Cuernavaca participar\u00e1 en la organizaci\u00f3n, decorando el arco principal con motivos alusivos, instalando una ofrenda dedicada a un deportista y presentando un n\u00famero especial de zumba con tem\u00e1tica del D\u00eda de Muertos.<\/p>\n<p>Y porque la cultura es para todas y todos, se llevar\u00e1 a cabo una edici\u00f3n especial de &#8220;MERCADITO INCLUYENTE&#8221; con tem\u00e1tica de temporada el 31 de octubre en un horario de 9:00 a 14:00 horas, dentro de las instalaciones del Ayuntamiento de Cuernavaca ubicado en calle Motolin\u00eda 2, colonia Centro en Cuernavaca, Morelos.<\/p>\n<p>Todos los productos y piezas que se comercializar\u00e1n ser\u00e1n elaboras por personas de grupos vulnerables.<\/p>\n<p>Este tipo de actividades son muestra del compromiso del alcalde Jos\u00e9 Luis Uri\u00f3stegui Salgado con la cultura y nuestras tradiciones, acercando a la ciudadan\u00eda experiencias que unen a las familias, fortalecen el tejido social y celebran la identidad mexicana.<\/p>\n<p>\u00a1Asiste con tu familia, amigas y amigos a vivir el Mictl\u00e1n 2025!<br \/>\nPorque en Cuernavaca, la vida, la cultura y la tradici\u00f3n laten m\u00e1s fuerte que nunca.<\/p>\n\n\t\t<style type=\"text\/css\">\n\t\t\t#gallery-1 {\n\t\t\t\tmargin: auto;\n\t\t\t}\n\t\t\t#gallery-1 .gallery-item {\n\t\t\t\tfloat: left;\n\t\t\t\tmargin-top: 10px;\n\t\t\t\ttext-align: center;\n\t\t\t\twidth: 33%;\n\t\t\t}\n\t\t\t#gallery-1 img {\n\t\t\t\tborder: 2px solid #cfcfcf;\n\t\t\t}\n\t\t\t#gallery-1 .gallery-caption {\n\t\t\t\tmargin-left: 0;\n\t\t\t}\n\t\t\t\/* see gallery_shortcode() in wp-includes\/media.php *\/\n\t\t<\/style>\n\t\t<div id='gallery-1' class='gallery galleryid-53941 gallery-columns-3 gallery-size-thumbnail'><dl class='gallery-item'>\n\t\t\t<dt class='gallery-icon portrait'>\n\t\t\t\t<a href='https:\/\/cuernavaca.gob.mx\/?attachment_id=53946'><img width=\"150\" height=\"150\" src=\"https:\/\/cuernavaca.gob.mx\/wp-content\/uploads\/2025\/10\/EL-CORAZON-DE-CUERNAVACA-LATE-ENTRE-FLORES-MUSICA-Y-OFRENDAS-150x150.jpeg\" class=\"attachment-thumbnail size-thumbnail\" alt=\"\" loading=\"lazy\" \/><\/a>\n\t\t\t<\/dt><\/dl><dl class='gallery-item'>\n\t\t\t<dt class='gallery-icon landscape'>\n\t\t\t\t<a href='https:\/\/cuernavaca.gob.mx\/?attachment_id=53945'><img width=\"150\" height=\"150\" src=\"https:\/\/cuernavaca.gob.mx\/wp-content\/uploads\/2025\/10\/EL-CORAZON-DE-CUERNAVACA-LATE-ENTRE-FLORES-MUSICA-Y-OFRENDAS1-150x150.jpeg\" class=\"attachment-thumbnail size-thumbnail\" alt=\"\" loading=\"lazy\" srcset=\"https:\/\/cuernavaca.gob.mx\/wp-content\/uploads\/2025\/10\/EL-CORAZON-DE-CUERNAVACA-LATE-ENTRE-FLORES-MUSICA-Y-OFRENDAS1-150x150.jpeg 150w, https:\/\/cuernavaca.gob.mx\/wp-content\/uploads\/2025\/10\/EL-CORAZON-DE-CUERNAVACA-LATE-ENTRE-FLORES-MUSICA-Y-OFRENDAS1-300x300.jpeg 300w, https:\/\/cuernavaca.gob.mx\/wp-content\/uploads\/2025\/10\/EL-CORAZON-DE-CUERNAVACA-LATE-ENTRE-FLORES-MUSICA-Y-OFRENDAS1-1024x1024.jpeg 1024w, https:\/\/cuernavaca.gob.mx\/wp-content\/uploads\/2025\/10\/EL-CORAZON-DE-CUERNAVACA-LATE-ENTRE-FLORES-MUSICA-Y-OFRENDAS1-768x768.jpeg 768w, https:\/\/cuernavaca.gob.mx\/wp-content\/uploads\/2025\/10\/EL-CORAZON-DE-CUERNAVACA-LATE-ENTRE-FLORES-MUSICA-Y-OFRENDAS1-600x600.jpeg 600w, https:\/\/cuernavaca.gob.mx\/wp-content\/uploads\/2025\/10\/EL-CORAZON-DE-CUERNAVACA-LATE-ENTRE-FLORES-MUSICA-Y-OFRENDAS1-560x560.jpeg 560w, https:\/\/cuernavaca.gob.mx\/wp-content\/uploads\/2025\/10\/EL-CORAZON-DE-CUERNAVACA-LATE-ENTRE-FLORES-MUSICA-Y-OFRENDAS1.jpeg 1280w\" sizes=\"(max-width: 150px) 100vw, 150px\" \/><\/a>\n\t\t\t<\/dt><\/dl><dl class='gallery-item'>\n\t\t\t<dt class='gallery-icon landscape'>\n\t\t\t\t<a href='https:\/\/cuernavaca.gob.mx\/?attachment_id=53943'><img width=\"150\" height=\"150\" src=\"https:\/\/cuernavaca.gob.mx\/wp-content\/uploads\/2025\/10\/EL-CORAZON-DE-CUERNAVACA-LATE-ENTRE-FLORES-MUSICA-Y-OFRENDAS3-150x150.jpeg\" class=\"attachment-thumbnail size-thumbnail\" alt=\"\" loading=\"lazy\" srcset=\"https:\/\/cuernavaca.gob.mx\/wp-content\/uploads\/2025\/10\/EL-CORAZON-DE-CUERNAVACA-LATE-ENTRE-FLORES-MUSICA-Y-OFRENDAS3-150x150.jpeg 150w, https:\/\/cuernavaca.gob.mx\/wp-content\/uploads\/2025\/10\/EL-CORAZON-DE-CUERNAVACA-LATE-ENTRE-FLORES-MUSICA-Y-OFRENDAS3-300x300.jpeg 300w, https:\/\/cuernavaca.gob.mx\/wp-content\/uploads\/2025\/10\/EL-CORAZON-DE-CUERNAVACA-LATE-ENTRE-FLORES-MUSICA-Y-OFRENDAS3-1024x1024.jpeg 1024w, https:\/\/cuernavaca.gob.mx\/wp-content\/uploads\/2025\/10\/EL-CORAZON-DE-CUERNAVACA-LATE-ENTRE-FLORES-MUSICA-Y-OFRENDAS3-768x768.jpeg 768w, https:\/\/cuernavaca.gob.mx\/wp-content\/uploads\/2025\/10\/EL-CORAZON-DE-CUERNAVACA-LATE-ENTRE-FLORES-MUSICA-Y-OFRENDAS3-600x600.jpeg 600w, https:\/\/cuernavaca.gob.mx\/wp-content\/uploads\/2025\/10\/EL-CORAZON-DE-CUERNAVACA-LATE-ENTRE-FLORES-MUSICA-Y-OFRENDAS3-560x560.jpeg 560w, https:\/\/cuernavaca.gob.mx\/wp-content\/uploads\/2025\/10\/EL-CORAZON-DE-CUERNAVACA-LATE-ENTRE-FLORES-MUSICA-Y-OFRENDAS3.jpeg 1280w\" sizes=\"(max-width: 150px) 100vw, 150px\" \/><\/a>\n\t\t\t<\/dt><\/dl><br style=\"clear: both\" \/><dl class='gallery-item'>\n\t\t\t<dt class='gallery-icon landscape'>\n\t\t\t\t<a href='https:\/\/cuernavaca.gob.mx\/?attachment_id=53944'><img width=\"150\" height=\"150\" src=\"https:\/\/cuernavaca.gob.mx\/wp-content\/uploads\/2025\/10\/EL-CORAZON-DE-CUERNAVACA-LATE-ENTRE-FLORES-MUSICA-Y-OFRENDAS2-150x150.jpeg\" class=\"attachment-thumbnail size-thumbnail\" alt=\"\" loading=\"lazy\" srcset=\"https:\/\/cuernavaca.gob.mx\/wp-content\/uploads\/2025\/10\/EL-CORAZON-DE-CUERNAVACA-LATE-ENTRE-FLORES-MUSICA-Y-OFRENDAS2-150x150.jpeg 150w, https:\/\/cuernavaca.gob.mx\/wp-content\/uploads\/2025\/10\/EL-CORAZON-DE-CUERNAVACA-LATE-ENTRE-FLORES-MUSICA-Y-OFRENDAS2-300x300.jpeg 300w, https:\/\/cuernavaca.gob.mx\/wp-content\/uploads\/2025\/10\/EL-CORAZON-DE-CUERNAVACA-LATE-ENTRE-FLORES-MUSICA-Y-OFRENDAS2-1024x1024.jpeg 1024w, https:\/\/cuernavaca.gob.mx\/wp-content\/uploads\/2025\/10\/EL-CORAZON-DE-CUERNAVACA-LATE-ENTRE-FLORES-MUSICA-Y-OFRENDAS2-768x768.jpeg 768w, https:\/\/cuernavaca.gob.mx\/wp-content\/uploads\/2025\/10\/EL-CORAZON-DE-CUERNAVACA-LATE-ENTRE-FLORES-MUSICA-Y-OFRENDAS2-600x600.jpeg 600w, https:\/\/cuernavaca.gob.mx\/wp-content\/uploads\/2025\/10\/EL-CORAZON-DE-CUERNAVACA-LATE-ENTRE-FLORES-MUSICA-Y-OFRENDAS2-560x560.jpeg 560w, https:\/\/cuernavaca.gob.mx\/wp-content\/uploads\/2025\/10\/EL-CORAZON-DE-CUERNAVACA-LATE-ENTRE-FLORES-MUSICA-Y-OFRENDAS2.jpeg 1280w\" sizes=\"(max-width: 150px) 100vw, 150px\" \/><\/a>\n\t\t\t<\/dt><\/dl><dl class='gallery-item'>\n\t\t\t<dt class='gallery-icon landscape'>\n\t\t\t\t<a href='https:\/\/cuernavaca.gob.mx\/?attachment_id=53942'><img width=\"150\" height=\"150\" src=\"https:\/\/cuernavaca.gob.mx\/wp-content\/uploads\/2025\/10\/EL-CORAZON-DE-CUERNAVACA-LATE-ENTRE-FLORES-MUSICA-Y-OFRENDAS4-150x150.jpeg\" class=\"attachment-thumbnail size-thumbnail\" alt=\"\" loading=\"lazy\" srcset=\"https:\/\/cuernavaca.gob.mx\/wp-content\/uploads\/2025\/10\/EL-CORAZON-DE-CUERNAVACA-LATE-ENTRE-FLORES-MUSICA-Y-OFRENDAS4-150x150.jpeg 150w, https:\/\/cuernavaca.gob.mx\/wp-content\/uploads\/2025\/10\/EL-CORAZON-DE-CUERNAVACA-LATE-ENTRE-FLORES-MUSICA-Y-OFRENDAS4-300x300.jpeg 300w, https:\/\/cuernavaca.gob.mx\/wp-content\/uploads\/2025\/10\/EL-CORAZON-DE-CUERNAVACA-LATE-ENTRE-FLORES-MUSICA-Y-OFRENDAS4-1024x1024.jpeg 1024w, https:\/\/cuernavaca.gob.mx\/wp-content\/uploads\/2025\/10\/EL-CORAZON-DE-CUERNAVACA-LATE-ENTRE-FLORES-MUSICA-Y-OFRENDAS4-768x768.jpeg 768w, https:\/\/cuernavaca.gob.mx\/wp-content\/uploads\/2025\/10\/EL-CORAZON-DE-CUERNAVACA-LATE-ENTRE-FLORES-MUSICA-Y-OFRENDAS4-600x600.jpeg 600w, https:\/\/cuernavaca.gob.mx\/wp-content\/uploads\/2025\/10\/EL-CORAZON-DE-CUERNAVACA-LATE-ENTRE-FLORES-MUSICA-Y-OFRENDAS4-560x560.jpeg 560w, https:\/\/cuernavaca.gob.mx\/wp-content\/uploads\/2025\/10\/EL-CORAZON-DE-CUERNAVACA-LATE-ENTRE-FLORES-MUSICA-Y-OFRENDAS4.jpeg 1280w\" sizes=\"(max-width: 150px) 100vw, 150px\" \/><\/a>\n\t\t\t<\/dt><\/dl>\n\t\t\t<br style='clear: both' \/>\n\t\t<\/div>\n\n","protected":false},"excerpt":{"rendered":"<p>\u2022 Una cartelera llena de arte, cultura y tradici\u00f3n que ofrece el Ayuntamiento de Cuernavaca para todas las edades con eventos gratuitos La ciudad de Cuernavaca se prepara para vivir una de las tradiciones m\u00e1s emblem\u00e1ticas de M\u00e9xico. En esta ocasi\u00f3n, el Ayuntamiento, a trav\u00e9s de la Secretar\u00eda de Desarrollo Humano y Participaci\u00f3n Social, presenta [&hellip;]<\/p>\n","protected":false},"author":1,"featured_media":53946,"comment_status":"closed","ping_status":"open","sticky":false,"template":"","format":"standard","meta":[],"categories":[2292],"tags":[1300,1261,2870,121,190,2490,4264,120,206,3038,545,3465],"aioseo_notices":[],"_links":{"self":[{"href":"https:\/\/cuernavaca.gob.mx\/index.php?rest_route=\/wp\/v2\/posts\/53941"}],"collection":[{"href":"https:\/\/cuernavaca.gob.mx\/index.php?rest_route=\/wp\/v2\/posts"}],"about":[{"href":"https:\/\/cuernavaca.gob.mx\/index.php?rest_route=\/wp\/v2\/types\/post"}],"author":[{"embeddable":true,"href":"https:\/\/cuernavaca.gob.mx\/index.php?rest_route=\/wp\/v2\/users\/1"}],"replies":[{"embeddable":true,"href":"https:\/\/cuernavaca.gob.mx\/index.php?rest_route=%2Fwp%2Fv2%2Fcomments&post=53941"}],"version-history":[{"count":3,"href":"https:\/\/cuernavaca.gob.mx\/index.php?rest_route=\/wp\/v2\/posts\/53941\/revisions"}],"predecessor-version":[{"id":53965,"href":"https:\/\/cuernavaca.gob.mx\/index.php?rest_route=\/wp\/v2\/posts\/53941\/revisions\/53965"}],"wp:featuredmedia":[{"embeddable":true,"href":"https:\/\/cuernavaca.gob.mx\/index.php?rest_route=\/wp\/v2\/media\/53946"}],"wp:attachment":[{"href":"https:\/\/cuernavaca.gob.mx\/index.php?rest_route=%2Fwp%2Fv2%2Fmedia&parent=53941"}],"wp:term":[{"taxonomy":"category","embeddable":true,"href":"https:\/\/cuernavaca.gob.mx\/index.php?rest_route=%2Fwp%2Fv2%2Fcategories&post=53941"},{"taxonomy":"post_tag","embeddable":true,"href":"https:\/\/cuernavaca.gob.mx\/index.php?rest_route=%2Fwp%2Fv2%2Ftags&post=53941"}],"curies":[{"name":"wp","href":"https:\/\/api.w.org\/{rel}","templated":true}]}}