{"id":53959,"date":"2025-10-28T11:22:31","date_gmt":"2025-10-28T17:22:31","guid":{"rendered":"https:\/\/cuernavaca.gob.mx\/?p=53959"},"modified":"2025-10-28T13:40:27","modified_gmt":"2025-10-28T19:40:27","slug":"b682-28-10-25-cuernavaca-se-suma-al-programa-piensa-antes-de-conducir-kids-impulsado-por-bridgestone-mexico","status":"publish","type":"post","link":"https:\/\/cuernavaca.gob.mx\/?p=53959","title":{"rendered":"B682 28\/10\/25 CUERNAVACA SE SUMA AL PROGRAMA &#8220;PIENSA ANTES DE CONDUCIR KIDS&#8221;, IMPULSADO POR BRIDGESTONE M\u00c9XICO"},"content":{"rendered":"<p><strong>\u2022 Como parte de las din\u00e1micas interactivas incluye una experiencia de realidad virtual en la que las y los ni\u00f1os aprendieron c\u00f3mo convertirse en &#8220;Guardianes de la Seguridad Vial\u201d<\/strong><\/p>\n<p>En representaci\u00f3n del presidente municipal de Cuernavaca, Jos\u00e9 Luis Uri\u00f3stegui Salgado, el secretario de Desarrollo Sustentable y Servicios P\u00fablicos, Guillermo L\u00f3pez Mej\u00eda, particip\u00f3 en una edici\u00f3n del programa de seguridad vial &#8220;Piensa Antes de Conducir Kids\u201d, impulsado por la empresa Bridgestone M\u00e9xico, realizada en la Escuela Primaria Federal Cuauht\u00e9moc.<\/p>\n<p>L\u00f3pez Mej\u00eda destac\u00f3 que esta iniciativa forma parte del compromiso de la empresa por contribuir al desarrollo de comunidades m\u00e1s seguras y responsables, fomentando desde la infancia una cultura de prevenci\u00f3n y respeto en las v\u00edas y espacios p\u00fablicos.<\/p>\n<p>Asimismo, indic\u00f3 que &#8220;este tipo de programas combinan tecnolog\u00eda, innovaci\u00f3n y valores, herramientas poderosas para sembrar conciencia desde temprana edad\u201d. Agreg\u00f3 que estas acciones buscan reforzar comportamientos positivos y responsables entre peatones, pasajeros y usuarios del transporte p\u00fablico, contribuyendo as\u00ed a construir una movilidad m\u00e1s segura y sustentable en Cuernavaca.<\/p>\n<p>Por su parte, el director de Asuntos P\u00fablicos de Bridgestone M\u00e9xico, Enrique Koenigue, explic\u00f3 los objetivos del programa y su implementaci\u00f3n mediante din\u00e1micas interactivas, entre ellas una experiencia de realidad virtual en la que las y los ni\u00f1os aprendieron c\u00f3mo convertirse en \u201cGuardianes de la Seguridad Vial\u201d.<\/p>\n<p>A trav\u00e9s de la plataforma <a href=\"http:\/\/piensaantesdeconducirkids.com\">piensaantesdeconducirkids.com<\/a> los menores pueden continuar aprendiendo sobre el significado de las se\u00f1ales de tr\u00e1nsito y los diferentes tipos de seguridad en la v\u00eda p\u00fablica.<\/p>\n<p>Durante el evento, participaron funcionarios de diversas dependencias gubernamentales, entre ellas la Secretar\u00eda de Movilidad y Transporte, la Secretar\u00eda de Educaci\u00f3n y la Direcci\u00f3n de la Escuela Primaria Federal Cuauht\u00e9moc.<\/p>\n\n\t\t<style type=\"text\/css\">\n\t\t\t#gallery-1 {\n\t\t\t\tmargin: auto;\n\t\t\t}\n\t\t\t#gallery-1 .gallery-item {\n\t\t\t\tfloat: left;\n\t\t\t\tmargin-top: 10px;\n\t\t\t\ttext-align: center;\n\t\t\t\twidth: 33%;\n\t\t\t}\n\t\t\t#gallery-1 img {\n\t\t\t\tborder: 2px solid #cfcfcf;\n\t\t\t}\n\t\t\t#gallery-1 .gallery-caption {\n\t\t\t\tmargin-left: 0;\n\t\t\t}\n\t\t\t\/* see gallery_shortcode() in wp-includes\/media.php *\/\n\t\t<\/style>\n\t\t<div id='gallery-1' class='gallery galleryid-53959 gallery-columns-3 gallery-size-thumbnail'><dl class='gallery-item'>\n\t\t\t<dt class='gallery-icon landscape'>\n\t\t\t\t<a href='https:\/\/cuernavaca.gob.mx\/?attachment_id=53961'><img width=\"150\" height=\"150\" src=\"https:\/\/cuernavaca.gob.mx\/wp-content\/uploads\/2025\/10\/CUERNAVACA-SE-SUMA-AL-PROGRAMA-PIENSA-ANTES-DE-CONDUCIR-KIDS-IMPULSADO-POR-BRIDGESTONE-ME\u0301XICO1-150x150.jpg\" class=\"attachment-thumbnail size-thumbnail\" alt=\"\" loading=\"lazy\" \/><\/a>\n\t\t\t<\/dt><\/dl><dl class='gallery-item'>\n\t\t\t<dt class='gallery-icon landscape'>\n\t\t\t\t<a href='https:\/\/cuernavaca.gob.mx\/?attachment_id=53962'><img width=\"150\" height=\"150\" src=\"https:\/\/cuernavaca.gob.mx\/wp-content\/uploads\/2025\/10\/CUERNAVACA-SE-SUMA-AL-PROGRAMA-PIENSA-ANTES-DE-CONDUCIR-KIDS-IMPULSADO-POR-BRIDGESTONE-ME\u0301XICO2-150x150.jpg\" class=\"attachment-thumbnail size-thumbnail\" alt=\"\" loading=\"lazy\" \/><\/a>\n\t\t\t<\/dt><\/dl><dl class='gallery-item'>\n\t\t\t<dt class='gallery-icon landscape'>\n\t\t\t\t<a href='https:\/\/cuernavaca.gob.mx\/?attachment_id=53960'><img width=\"150\" height=\"150\" src=\"https:\/\/cuernavaca.gob.mx\/wp-content\/uploads\/2025\/10\/CUERNAVACA-SE-SUMA-AL-PROGRAMA-PIENSA-ANTES-DE-CONDUCIR-KIDS-IMPULSADO-POR-BRIDGESTONE-ME\u0301XICO-150x150.jpg\" class=\"attachment-thumbnail size-thumbnail\" alt=\"\" loading=\"lazy\" \/><\/a>\n\t\t\t<\/dt><\/dl><br style=\"clear: both\" \/><dl class='gallery-item'>\n\t\t\t<dt class='gallery-icon landscape'>\n\t\t\t\t<a href='https:\/\/cuernavaca.gob.mx\/?attachment_id=53963'><img width=\"150\" height=\"150\" src=\"https:\/\/cuernavaca.gob.mx\/wp-content\/uploads\/2025\/10\/CUERNAVACA-SE-SUMA-AL-PROGRAMA-PIENSA-ANTES-DE-CONDUCIR-KIDS-IMPULSADO-POR-BRIDGESTONE-ME\u0301XICO3-150x150.jpg\" class=\"attachment-thumbnail size-thumbnail\" alt=\"\" loading=\"lazy\" \/><\/a>\n\t\t\t<\/dt><\/dl>\n\t\t\t<br style='clear: both' \/>\n\t\t<\/div>\n\n","protected":false},"excerpt":{"rendered":"<p>\u2022 Como parte de las din\u00e1micas interactivas incluye una experiencia de realidad virtual en la que las y los ni\u00f1os aprendieron c\u00f3mo convertirse en &#8220;Guardianes de la Seguridad Vial\u201d En representaci\u00f3n del presidente municipal de Cuernavaca, Jos\u00e9 Luis Uri\u00f3stegui Salgado, el secretario de Desarrollo Sustentable y Servicios P\u00fablicos, Guillermo L\u00f3pez Mej\u00eda, particip\u00f3 en una edici\u00f3n [&hellip;]<\/p>\n","protected":false},"author":1,"featured_media":53961,"comment_status":"closed","ping_status":"open","sticky":false,"template":"","format":"standard","meta":[],"categories":[17],"tags":[4267,121,120,206,3039,144,143,185],"aioseo_notices":[],"_links":{"self":[{"href":"https:\/\/cuernavaca.gob.mx\/index.php?rest_route=\/wp\/v2\/posts\/53959"}],"collection":[{"href":"https:\/\/cuernavaca.gob.mx\/index.php?rest_route=\/wp\/v2\/posts"}],"about":[{"href":"https:\/\/cuernavaca.gob.mx\/index.php?rest_route=\/wp\/v2\/types\/post"}],"author":[{"embeddable":true,"href":"https:\/\/cuernavaca.gob.mx\/index.php?rest_route=\/wp\/v2\/users\/1"}],"replies":[{"embeddable":true,"href":"https:\/\/cuernavaca.gob.mx\/index.php?rest_route=%2Fwp%2Fv2%2Fcomments&post=53959"}],"version-history":[{"count":1,"href":"https:\/\/cuernavaca.gob.mx\/index.php?rest_route=\/wp\/v2\/posts\/53959\/revisions"}],"predecessor-version":[{"id":53964,"href":"https:\/\/cuernavaca.gob.mx\/index.php?rest_route=\/wp\/v2\/posts\/53959\/revisions\/53964"}],"wp:featuredmedia":[{"embeddable":true,"href":"https:\/\/cuernavaca.gob.mx\/index.php?rest_route=\/wp\/v2\/media\/53961"}],"wp:attachment":[{"href":"https:\/\/cuernavaca.gob.mx\/index.php?rest_route=%2Fwp%2Fv2%2Fmedia&parent=53959"}],"wp:term":[{"taxonomy":"category","embeddable":true,"href":"https:\/\/cuernavaca.gob.mx\/index.php?rest_route=%2Fwp%2Fv2%2Fcategories&post=53959"},{"taxonomy":"post_tag","embeddable":true,"href":"https:\/\/cuernavaca.gob.mx\/index.php?rest_route=%2Fwp%2Fv2%2Ftags&post=53959"}],"curies":[{"name":"wp","href":"https:\/\/api.w.org\/{rel}","templated":true}]}}