{"id":53966,"date":"2025-10-28T14:14:53","date_gmt":"2025-10-28T20:14:53","guid":{"rendered":"https:\/\/cuernavaca.gob.mx\/?p=53966"},"modified":"2025-10-28T14:14:53","modified_gmt":"2025-10-28T20:14:53","slug":"b683-28-10-25-coparmex-morelos-reconoce-avances-del-gobierno-de-jose-luis-uriostegui-en-cuernavaca","status":"publish","type":"post","link":"https:\/\/cuernavaca.gob.mx\/?p=53966","title":{"rendered":"B683 28\/10\/25 COPARMEX MORELOS RECONOCE AVANCES DEL GOBIERNO DE JOS\u00c9 LUIS URI\u00d3STEGUI EN CUERNAVACA"},"content":{"rendered":"<p><strong>\u2022 El alcalde Jos\u00e9 Luis Uri\u00f3stegui destac\u00f3 ante empresarios los resultados obtenidos en sus administraciones, reafirmando su compromiso de seguir trabajando de la mano con el sector productivo<\/strong><\/p>\n<p>El presidente municipal de Cuernavaca, Jos\u00e9 Luis Uri\u00f3stegui Salgado, refrend\u00f3 la disposici\u00f3n y voluntad de su administraci\u00f3n para seguir trabajando de manera conjunta con todos los sectores de la sociedad, particularmente con las c\u00e1maras empresariales como la Confederaci\u00f3n Patronal de la Rep\u00fablica Mexicana (Coparmex) Morelos, con el objetivo de seguir impulsando el desarrollo econ\u00f3mico y social de la capital del estado.<\/p>\n<p>Durante su participaci\u00f3n como invitado especial y ponente en el desayuno empresarial de Coparmex correspondiente al mes de octubre, el alcalde dio a conocer algunos de los resultados obtenidos desde su primera gesti\u00f3n, subrayando que la sinergia entre gobierno y ciudadan\u00eda es clave para fortalecer las acciones municipales y difundirlas entre la poblaci\u00f3n.<\/p>\n<p>\u201cEn Cuernavaca creemos en el trabajo conjunto; cuando el sector p\u00fablico y el privado se coordinan, los resultados se reflejan en una ciudad que crece con orden y con bienestar para todas y todos\u201d, expres\u00f3.<\/p>\n<p>El edil detall\u00f3 que, durante los primeros tres a\u00f1os de su primera administraci\u00f3n se realiz\u00f3 una inversi\u00f3n hist\u00f3rica de casi 650 millones de pesos destinados a 275 obras p\u00fablicas que han contribuido a mejorar la calidad de vida de la ciudadan\u00eda.<\/p>\n<p>Asimismo, resalt\u00f3 los avances en seguridad p\u00fablica con la consolidaci\u00f3n de un C4 totalmente equipado y con tecnolog\u00eda de \u00faltima generaci\u00f3n, la capacitaci\u00f3n permanente del personal operativo de la Secretar\u00eda de Protecci\u00f3n y Auxilio Ciudadano (SEPRAC), corporaci\u00f3n que hoy es la mejor pagada del estado, adem\u00e1s de ofrecer oportunidades constantes de ascenso, garantizando la dignificaci\u00f3n de la labor policial. Tambi\u00e9n destac\u00f3 la entrega de programas sociales en beneficio directo de la poblaci\u00f3n.<\/p>\n<p>Uri\u00f3stegui Salgado enfatiz\u00f3 que estos logros han sido posibles gracias al manejo responsable de las finanzas municipales, lo que ha permitido liquidar adeudos bancarios hist\u00f3ricos y mantener una econom\u00eda s\u00f3lida en el Ayuntamiento.<\/p>\n<p>Durante el encuentro, los empresarios expresaron su reconocimiento al alcalde. El presidente de Coparmex Morelos, Sa\u00fal Medina Villag\u00f3mez, resalt\u00f3 la apertura y disposici\u00f3n del edil para atender las propuestas del sector productivo.<\/p>\n<p>\u201cEl alcalde ha mostrado una gran voluntad para escuchar y trabajar con nosotros. Desde 2022 ha logrado recuperar a Cuernavaca en lo operativo y financiero, liquidando totalmente la deuda p\u00fablica y enfrentando adeudos hist\u00f3ricos como los del Sistema de Agua Potable y Alcantarillado de Cuernavaca (SAPAC) con la Comisi\u00f3n Federal de Electricidad (CFE) en materia de agua potable\u201d, se\u00f1al\u00f3.<\/p>\n<p>Por su parte, la vicepresidenta nacional de Coparmex, Honorina Estrada Macedo, celebr\u00f3 la realizaci\u00f3n de este tipo de encuentros, que fortalecen la relaci\u00f3n entre ciudadan\u00eda y gobierno. Destac\u00f3 que estos espacios permiten conocer de primera mano las acciones que emprende el municipio, adem\u00e1s de brindar la oportunidad de expresar las necesidades de la sociedad. Subray\u00f3 que esta retroalimentaci\u00f3n mutua es fundamental para continuar mejorando la ciudad.<\/p>\n<p>Finalmente, los empresarios reconocieron los avances logrados bajo la administraci\u00f3n municipal de Jos\u00e9 Luis Uri\u00f3stegui Salgado y reiteraron su disposici\u00f3n de continuar colaborando para que Cuernavaca siga avanzando.<\/p>\n<p>\u201cEn cuatro a\u00f1os se ha notado un cambio real. Sabemos que las necesidades son muchas, pero con el trabajo del presidente municipal hemos visto grandes resultados\u201d, concluy\u00f3 Honorina Estrada.<\/p>\n\n\t\t<style type=\"text\/css\">\n\t\t\t#gallery-1 {\n\t\t\t\tmargin: auto;\n\t\t\t}\n\t\t\t#gallery-1 .gallery-item {\n\t\t\t\tfloat: left;\n\t\t\t\tmargin-top: 10px;\n\t\t\t\ttext-align: center;\n\t\t\t\twidth: 33%;\n\t\t\t}\n\t\t\t#gallery-1 img {\n\t\t\t\tborder: 2px solid #cfcfcf;\n\t\t\t}\n\t\t\t#gallery-1 .gallery-caption {\n\t\t\t\tmargin-left: 0;\n\t\t\t}\n\t\t\t\/* see gallery_shortcode() in wp-includes\/media.php *\/\n\t\t<\/style>\n\t\t<div id='gallery-1' class='gallery galleryid-53966 gallery-columns-3 gallery-size-thumbnail'><dl class='gallery-item'>\n\t\t\t<dt class='gallery-icon landscape'>\n\t\t\t\t<a href='https:\/\/cuernavaca.gob.mx\/?attachment_id=53967'><img width=\"150\" height=\"150\" src=\"https:\/\/cuernavaca.gob.mx\/wp-content\/uploads\/2025\/10\/COPARMEX-MORELOS-RECONOCE-AVANCES-DEL-GOBIERNO-DE-JOSE\u0301-LUIS-URIO\u0301STEGUI-EN-CUERNAVACA-150x150.jpg\" class=\"attachment-thumbnail size-thumbnail\" alt=\"\" loading=\"lazy\" \/><\/a>\n\t\t\t<\/dt><\/dl><dl class='gallery-item'>\n\t\t\t<dt class='gallery-icon landscape'>\n\t\t\t\t<a href='https:\/\/cuernavaca.gob.mx\/?attachment_id=53970'><img width=\"150\" height=\"150\" src=\"https:\/\/cuernavaca.gob.mx\/wp-content\/uploads\/2025\/10\/COPARMEX-MORELOS-RECONOCE-AVANCES-DEL-GOBIERNO-DE-JOSE\u0301-LUIS-URIO\u0301STEGUI-EN-CUERNAVACA3-150x150.jpg\" class=\"attachment-thumbnail size-thumbnail\" alt=\"\" loading=\"lazy\" \/><\/a>\n\t\t\t<\/dt><\/dl><dl class='gallery-item'>\n\t\t\t<dt class='gallery-icon landscape'>\n\t\t\t\t<a href='https:\/\/cuernavaca.gob.mx\/?attachment_id=53971'><img width=\"150\" height=\"150\" src=\"https:\/\/cuernavaca.gob.mx\/wp-content\/uploads\/2025\/10\/COPARMEX-MORELOS-RECONOCE-AVANCES-DEL-GOBIERNO-DE-JOSE\u0301-LUIS-URIO\u0301STEGUI-EN-CUERNAVACA4-150x150.jpg\" class=\"attachment-thumbnail size-thumbnail\" alt=\"\" loading=\"lazy\" \/><\/a>\n\t\t\t<\/dt><\/dl><br style=\"clear: both\" \/><dl class='gallery-item'>\n\t\t\t<dt class='gallery-icon landscape'>\n\t\t\t\t<a href='https:\/\/cuernavaca.gob.mx\/?attachment_id=53972'><img width=\"150\" height=\"150\" src=\"https:\/\/cuernavaca.gob.mx\/wp-content\/uploads\/2025\/10\/COPARMEX-MORELOS-RECONOCE-AVANCES-DEL-GOBIERNO-DE-JOSE\u0301-LUIS-URIO\u0301STEGUI-EN-CUERNAVACA5-150x150.jpg\" class=\"attachment-thumbnail size-thumbnail\" alt=\"\" loading=\"lazy\" \/><\/a>\n\t\t\t<\/dt><\/dl><dl class='gallery-item'>\n\t\t\t<dt class='gallery-icon landscape'>\n\t\t\t\t<a href='https:\/\/cuernavaca.gob.mx\/?attachment_id=53969'><img width=\"150\" height=\"150\" src=\"https:\/\/cuernavaca.gob.mx\/wp-content\/uploads\/2025\/10\/COPARMEX-MORELOS-RECONOCE-AVANCES-DEL-GOBIERNO-DE-JOSE\u0301-LUIS-URIO\u0301STEGUI-EN-CUERNAVACA2-150x150.jpg\" class=\"attachment-thumbnail size-thumbnail\" alt=\"\" loading=\"lazy\" \/><\/a>\n\t\t\t<\/dt><\/dl><dl class='gallery-item'>\n\t\t\t<dt class='gallery-icon landscape'>\n\t\t\t\t<a href='https:\/\/cuernavaca.gob.mx\/?attachment_id=53968'><img width=\"150\" height=\"150\" src=\"https:\/\/cuernavaca.gob.mx\/wp-content\/uploads\/2025\/10\/COPARMEX-MORELOS-RECONOCE-AVANCES-DEL-GOBIERNO-DE-JOSE\u0301-LUIS-URIO\u0301STEGUI-EN-CUERNAVACA1-150x150.jpg\" class=\"attachment-thumbnail size-thumbnail\" alt=\"\" loading=\"lazy\" \/><\/a>\n\t\t\t<\/dt><\/dl><br style=\"clear: both\" \/>\n\t\t<\/div>\n\n","protected":false},"excerpt":{"rendered":"<p>\u2022 El alcalde Jos\u00e9 Luis Uri\u00f3stegui destac\u00f3 ante empresarios los resultados obtenidos en sus administraciones, reafirmando su compromiso de seguir trabajando de la mano con el sector productivo El presidente municipal de Cuernavaca, Jos\u00e9 Luis Uri\u00f3stegui Salgado, refrend\u00f3 la disposici\u00f3n y voluntad de su administraci\u00f3n para seguir trabajando de manera conjunta con todos los sectores [&hellip;]<\/p>\n","protected":false},"author":1,"featured_media":53967,"comment_status":"closed","ping_status":"open","sticky":false,"template":"","format":"standard","meta":[],"categories":[2294],"tags":[854,4268,121,375,489,120,206,125],"aioseo_notices":[],"_links":{"self":[{"href":"https:\/\/cuernavaca.gob.mx\/index.php?rest_route=\/wp\/v2\/posts\/53966"}],"collection":[{"href":"https:\/\/cuernavaca.gob.mx\/index.php?rest_route=\/wp\/v2\/posts"}],"about":[{"href":"https:\/\/cuernavaca.gob.mx\/index.php?rest_route=\/wp\/v2\/types\/post"}],"author":[{"embeddable":true,"href":"https:\/\/cuernavaca.gob.mx\/index.php?rest_route=\/wp\/v2\/users\/1"}],"replies":[{"embeddable":true,"href":"https:\/\/cuernavaca.gob.mx\/index.php?rest_route=%2Fwp%2Fv2%2Fcomments&post=53966"}],"version-history":[{"count":1,"href":"https:\/\/cuernavaca.gob.mx\/index.php?rest_route=\/wp\/v2\/posts\/53966\/revisions"}],"predecessor-version":[{"id":53973,"href":"https:\/\/cuernavaca.gob.mx\/index.php?rest_route=\/wp\/v2\/posts\/53966\/revisions\/53973"}],"wp:featuredmedia":[{"embeddable":true,"href":"https:\/\/cuernavaca.gob.mx\/index.php?rest_route=\/wp\/v2\/media\/53967"}],"wp:attachment":[{"href":"https:\/\/cuernavaca.gob.mx\/index.php?rest_route=%2Fwp%2Fv2%2Fmedia&parent=53966"}],"wp:term":[{"taxonomy":"category","embeddable":true,"href":"https:\/\/cuernavaca.gob.mx\/index.php?rest_route=%2Fwp%2Fv2%2Fcategories&post=53966"},{"taxonomy":"post_tag","embeddable":true,"href":"https:\/\/cuernavaca.gob.mx\/index.php?rest_route=%2Fwp%2Fv2%2Ftags&post=53966"}],"curies":[{"name":"wp","href":"https:\/\/api.w.org\/{rel}","templated":true}]}}