{"id":53974,"date":"2025-10-29T08:00:35","date_gmt":"2025-10-29T14:00:35","guid":{"rendered":"https:\/\/cuernavaca.gob.mx\/?p=53974"},"modified":"2025-10-28T21:20:15","modified_gmt":"2025-10-29T03:20:15","slug":"b684-28-10-25-cuernavaca-se-consolida-como-un-destino-cultural-y-turistico-en-la-temporada-de-dia-de-muertos","status":"publish","type":"post","link":"https:\/\/cuernavaca.gob.mx\/?p=53974","title":{"rendered":"B684 28\/10\/25 CUERNAVACA SE CONSOLIDA COMO UN DESTINO CULTURAL Y TUR\u00cdSTICO EN LA TEMPORADA DE D\u00cdA DE MUERTOS"},"content":{"rendered":"<p><strong>\u2022 Bajo el liderazgo del alcalde Jos\u00e9 Luis Uri\u00f3stegui, Cuernavaca refuerza su imagen como una ciudad viva, llena de color y de actividades que fortalecen la identidad local<\/strong><\/p>\n<p>Cuernavaca se encuentra lista para recibir a visitantes y turistas durante las festividades de D\u00eda de Muertos, ofreciendo una experiencia cultural y tur\u00edstica \u00fanica, llena de tradici\u00f3n, arte y color, as\u00ed lo dio a conocer el secretario de Desarrollo Econ\u00f3mico y Turismo, Marcos Manuel Su\u00e1rez Gerard.<\/p>\n<p>\u201cEste a\u00f1o, bajo el liderazgo del alcalde Jos\u00e9 Luis Uri\u00f3stegui Salgado, estamos trabajando de manera coordinada con la Secretar\u00eda de Desarrollo Sustentable y Servicios P\u00fablicos y la Secretar\u00eda de Desarrollo Humano y Participaci\u00f3n Social, para consolidar una ciudad viva y llena de actividades que fortalezcan nuestra identidad y promuevan el turismo local\u201d, indic\u00f3.<\/p>\n<p>En el \u00e1mbito econ\u00f3mico y tur\u00edstico, Su\u00e1rez Gerard destac\u00f3 que estas celebraciones representan una oportunidad para fortalecer la reactivaci\u00f3n comercial y el crecimiento del sector tur\u00edstico en la ciudad. Hoteles, restaurantes, mercados y prestadores de servicios esperan un incremento en la afluencia y ventas durante la temporada. Adem\u00e1s, la estrategia municipal promueve la econom\u00eda circular, incentivando el consumo local y beneficiando directamente a productores, artesanos, floricultores y familias cuernavaquenses.<\/p>\n<p>Como parte de las acciones por esta temporada, la Secretar\u00eda de Desarrollo Sustentable y Servicios P\u00fablicos (SDSySP) realiz\u00f3 el embellecimiento de los espacios p\u00fablicos, destacando la presencia de flores de cempas\u00fachil que adornan glorietas, camellones y plazas, creando un recorrido visual que combina patrimonio y naturaleza.<\/p>\n<p>Su\u00e1rez Gerard a\u00f1adi\u00f3 que, \u201cpor primera vez, en el Vivero Municipal de Cuernavaca se reprodujeron flores de la especie Clemolito. En esta primera etapa se cultivaron dos mil plantas, que ahora llenan de vida y tradici\u00f3n los espacios m\u00e1s transitados por locales y turistas\u201d.<\/p>\n<p>Asimismo, la Secretar\u00eda de Desarrollo Humano y Participaci\u00f3n Social (SDHyPS) ofrecer\u00e1 diversas actividades en el Museo de la Ciudad de Cuernavaca (MuCiC), adem\u00e1s del Festival de D\u00eda de Muertos \u201cMictl\u00e1n 2025\u201d, que reunir\u00e1 arte, m\u00fasica y danza. Entre las actividades destacan un concierto musical en Ocotepec, la exhibici\u00f3n de ofrendas en el Parque Tlaltenango y el Mercadito Incluyente en la sede Papagayo del Ayuntamiento.<\/p>\n<p>\u201cEl 31 de octubre tendremos una ofrenda monumental en honor a Chavela Vargas, y como este a\u00f1o celebramos el A\u00f1o Internacional de la Mujer, queremos rendir homenaje a una figura muy emblem\u00e1tica de Cuernavaca. Esta ofrenda formar\u00e1 parte de las actividades que se llevar\u00e1n a cabo tanto en el Museo de la Ciudad como en el Centro Hist\u00f3rico, sum\u00e1ndonos a la algarab\u00eda que realizar\u00e1 el Gobierno del Estado con el festival Miquixtli\u201d, puntualiz\u00f3 Su\u00e1rez Gerard.<\/p>\n<p>El esfuerzo conjunto entre las dependencias permite que Cuernavaca ofrezca un recorrido visual y cultural, donde la belleza de la vegetaci\u00f3n urbana se combina con la riqueza de las tradiciones locales. Estas acciones refuerzan la imagen de la ciudad como un destino seguro, verde y comprometido con la sustentabilidad.<\/p>\n<p>Finalmente, el secretario de Desarrollo Econ\u00f3mico y Turismo invit\u00f3 a la ciudadan\u00eda, visitantes y turistas a recorrer la ciudad, descubrir altares, ofrendas y eventos culturales, y disfrutar de la fusi\u00f3n entre naturaleza y patrimonio que distingue a la capital morelense.<\/p>\n<p>Con estas iniciativas, Cuernavaca se consolida como un destino tur\u00edstico que combina cultura, tradici\u00f3n y naturaleza, ofreciendo experiencias inolvidables durante la temporada m\u00e1s emblem\u00e1tica del a\u00f1o.<\/p>\n\n\t\t<style type=\"text\/css\">\n\t\t\t#gallery-1 {\n\t\t\t\tmargin: auto;\n\t\t\t}\n\t\t\t#gallery-1 .gallery-item {\n\t\t\t\tfloat: left;\n\t\t\t\tmargin-top: 10px;\n\t\t\t\ttext-align: center;\n\t\t\t\twidth: 33%;\n\t\t\t}\n\t\t\t#gallery-1 img {\n\t\t\t\tborder: 2px solid #cfcfcf;\n\t\t\t}\n\t\t\t#gallery-1 .gallery-caption {\n\t\t\t\tmargin-left: 0;\n\t\t\t}\n\t\t\t\/* see gallery_shortcode() in wp-includes\/media.php *\/\n\t\t<\/style>\n\t\t<div id='gallery-1' class='gallery galleryid-53974 gallery-columns-3 gallery-size-thumbnail'><dl class='gallery-item'>\n\t\t\t<dt class='gallery-icon landscape'>\n\t\t\t\t<a href='https:\/\/cuernavaca.gob.mx\/?attachment_id=53975'><img width=\"150\" height=\"150\" src=\"https:\/\/cuernavaca.gob.mx\/wp-content\/uploads\/2025\/10\/CUERNAVACA-SE-CONSOLIDA-COMO-UN-DESTINO-CULTURAL-Y-TURISTICO-EN-LA-TEMPORADA-DE-DIA-DE-MUERTOS2-150x150.jpeg\" class=\"attachment-thumbnail size-thumbnail\" alt=\"\" loading=\"lazy\" srcset=\"https:\/\/cuernavaca.gob.mx\/wp-content\/uploads\/2025\/10\/CUERNAVACA-SE-CONSOLIDA-COMO-UN-DESTINO-CULTURAL-Y-TURISTICO-EN-LA-TEMPORADA-DE-DIA-DE-MUERTOS2-150x150.jpeg 150w, https:\/\/cuernavaca.gob.mx\/wp-content\/uploads\/2025\/10\/CUERNAVACA-SE-CONSOLIDA-COMO-UN-DESTINO-CULTURAL-Y-TURISTICO-EN-LA-TEMPORADA-DE-DIA-DE-MUERTOS2-300x300.jpeg 300w, https:\/\/cuernavaca.gob.mx\/wp-content\/uploads\/2025\/10\/CUERNAVACA-SE-CONSOLIDA-COMO-UN-DESTINO-CULTURAL-Y-TURISTICO-EN-LA-TEMPORADA-DE-DIA-DE-MUERTOS2-1024x1024.jpeg 1024w, https:\/\/cuernavaca.gob.mx\/wp-content\/uploads\/2025\/10\/CUERNAVACA-SE-CONSOLIDA-COMO-UN-DESTINO-CULTURAL-Y-TURISTICO-EN-LA-TEMPORADA-DE-DIA-DE-MUERTOS2-768x768.jpeg 768w, https:\/\/cuernavaca.gob.mx\/wp-content\/uploads\/2025\/10\/CUERNAVACA-SE-CONSOLIDA-COMO-UN-DESTINO-CULTURAL-Y-TURISTICO-EN-LA-TEMPORADA-DE-DIA-DE-MUERTOS2-1536x1536.jpeg 1536w, https:\/\/cuernavaca.gob.mx\/wp-content\/uploads\/2025\/10\/CUERNAVACA-SE-CONSOLIDA-COMO-UN-DESTINO-CULTURAL-Y-TURISTICO-EN-LA-TEMPORADA-DE-DIA-DE-MUERTOS2-600x600.jpeg 600w, https:\/\/cuernavaca.gob.mx\/wp-content\/uploads\/2025\/10\/CUERNAVACA-SE-CONSOLIDA-COMO-UN-DESTINO-CULTURAL-Y-TURISTICO-EN-LA-TEMPORADA-DE-DIA-DE-MUERTOS2-560x560.jpeg 560w, https:\/\/cuernavaca.gob.mx\/wp-content\/uploads\/2025\/10\/CUERNAVACA-SE-CONSOLIDA-COMO-UN-DESTINO-CULTURAL-Y-TURISTICO-EN-LA-TEMPORADA-DE-DIA-DE-MUERTOS2.jpeg 1600w\" sizes=\"(max-width: 150px) 100vw, 150px\" \/><\/a>\n\t\t\t<\/dt><\/dl><dl class='gallery-item'>\n\t\t\t<dt class='gallery-icon landscape'>\n\t\t\t\t<a href='https:\/\/cuernavaca.gob.mx\/?attachment_id=53976'><img width=\"150\" height=\"150\" src=\"https:\/\/cuernavaca.gob.mx\/wp-content\/uploads\/2025\/10\/CUERNAVACA-SE-CONSOLIDA-COMO-UN-DESTINO-CULTURAL-Y-TURISTICO-EN-LA-TEMPORADA-DE-DIA-DE-MUERTOS1-150x150.jpeg\" class=\"attachment-thumbnail size-thumbnail\" alt=\"\" loading=\"lazy\" srcset=\"https:\/\/cuernavaca.gob.mx\/wp-content\/uploads\/2025\/10\/CUERNAVACA-SE-CONSOLIDA-COMO-UN-DESTINO-CULTURAL-Y-TURISTICO-EN-LA-TEMPORADA-DE-DIA-DE-MUERTOS1-150x150.jpeg 150w, https:\/\/cuernavaca.gob.mx\/wp-content\/uploads\/2025\/10\/CUERNAVACA-SE-CONSOLIDA-COMO-UN-DESTINO-CULTURAL-Y-TURISTICO-EN-LA-TEMPORADA-DE-DIA-DE-MUERTOS1-300x300.jpeg 300w, https:\/\/cuernavaca.gob.mx\/wp-content\/uploads\/2025\/10\/CUERNAVACA-SE-CONSOLIDA-COMO-UN-DESTINO-CULTURAL-Y-TURISTICO-EN-LA-TEMPORADA-DE-DIA-DE-MUERTOS1-1024x1024.jpeg 1024w, https:\/\/cuernavaca.gob.mx\/wp-content\/uploads\/2025\/10\/CUERNAVACA-SE-CONSOLIDA-COMO-UN-DESTINO-CULTURAL-Y-TURISTICO-EN-LA-TEMPORADA-DE-DIA-DE-MUERTOS1-768x768.jpeg 768w, https:\/\/cuernavaca.gob.mx\/wp-content\/uploads\/2025\/10\/CUERNAVACA-SE-CONSOLIDA-COMO-UN-DESTINO-CULTURAL-Y-TURISTICO-EN-LA-TEMPORADA-DE-DIA-DE-MUERTOS1-600x600.jpeg 600w, https:\/\/cuernavaca.gob.mx\/wp-content\/uploads\/2025\/10\/CUERNAVACA-SE-CONSOLIDA-COMO-UN-DESTINO-CULTURAL-Y-TURISTICO-EN-LA-TEMPORADA-DE-DIA-DE-MUERTOS1-560x560.jpeg 560w, https:\/\/cuernavaca.gob.mx\/wp-content\/uploads\/2025\/10\/CUERNAVACA-SE-CONSOLIDA-COMO-UN-DESTINO-CULTURAL-Y-TURISTICO-EN-LA-TEMPORADA-DE-DIA-DE-MUERTOS1.jpeg 1280w\" sizes=\"(max-width: 150px) 100vw, 150px\" \/><\/a>\n\t\t\t<\/dt><\/dl><dl class='gallery-item'>\n\t\t\t<dt class='gallery-icon landscape'>\n\t\t\t\t<a href='https:\/\/cuernavaca.gob.mx\/?attachment_id=53977'><img width=\"150\" height=\"150\" src=\"https:\/\/cuernavaca.gob.mx\/wp-content\/uploads\/2025\/10\/CUERNAVACA-SE-CONSOLIDA-COMO-UN-DESTINO-CULTURAL-Y-TURISTICO-EN-LA-TEMPORADA-DE-DIA-DE-MUERTOS-150x150.jpeg\" class=\"attachment-thumbnail size-thumbnail\" alt=\"\" loading=\"lazy\" srcset=\"https:\/\/cuernavaca.gob.mx\/wp-content\/uploads\/2025\/10\/CUERNAVACA-SE-CONSOLIDA-COMO-UN-DESTINO-CULTURAL-Y-TURISTICO-EN-LA-TEMPORADA-DE-DIA-DE-MUERTOS-150x150.jpeg 150w, https:\/\/cuernavaca.gob.mx\/wp-content\/uploads\/2025\/10\/CUERNAVACA-SE-CONSOLIDA-COMO-UN-DESTINO-CULTURAL-Y-TURISTICO-EN-LA-TEMPORADA-DE-DIA-DE-MUERTOS-300x300.jpeg 300w, https:\/\/cuernavaca.gob.mx\/wp-content\/uploads\/2025\/10\/CUERNAVACA-SE-CONSOLIDA-COMO-UN-DESTINO-CULTURAL-Y-TURISTICO-EN-LA-TEMPORADA-DE-DIA-DE-MUERTOS-1024x1024.jpeg 1024w, https:\/\/cuernavaca.gob.mx\/wp-content\/uploads\/2025\/10\/CUERNAVACA-SE-CONSOLIDA-COMO-UN-DESTINO-CULTURAL-Y-TURISTICO-EN-LA-TEMPORADA-DE-DIA-DE-MUERTOS-768x768.jpeg 768w, https:\/\/cuernavaca.gob.mx\/wp-content\/uploads\/2025\/10\/CUERNAVACA-SE-CONSOLIDA-COMO-UN-DESTINO-CULTURAL-Y-TURISTICO-EN-LA-TEMPORADA-DE-DIA-DE-MUERTOS-1536x1536.jpeg 1536w, https:\/\/cuernavaca.gob.mx\/wp-content\/uploads\/2025\/10\/CUERNAVACA-SE-CONSOLIDA-COMO-UN-DESTINO-CULTURAL-Y-TURISTICO-EN-LA-TEMPORADA-DE-DIA-DE-MUERTOS-600x600.jpeg 600w, https:\/\/cuernavaca.gob.mx\/wp-content\/uploads\/2025\/10\/CUERNAVACA-SE-CONSOLIDA-COMO-UN-DESTINO-CULTURAL-Y-TURISTICO-EN-LA-TEMPORADA-DE-DIA-DE-MUERTOS-560x560.jpeg 560w, https:\/\/cuernavaca.gob.mx\/wp-content\/uploads\/2025\/10\/CUERNAVACA-SE-CONSOLIDA-COMO-UN-DESTINO-CULTURAL-Y-TURISTICO-EN-LA-TEMPORADA-DE-DIA-DE-MUERTOS.jpeg 1600w\" sizes=\"(max-width: 150px) 100vw, 150px\" \/><\/a>\n\t\t\t<\/dt><\/dl><br style=\"clear: both\" \/>\n\t\t<\/div>\n\n","protected":false},"excerpt":{"rendered":"<p>\u2022 Bajo el liderazgo del alcalde Jos\u00e9 Luis Uri\u00f3stegui, Cuernavaca refuerza su imagen como una ciudad viva, llena de color y de actividades que fortalecen la identidad local Cuernavaca se encuentra lista para recibir a visitantes y turistas durante las festividades de D\u00eda de Muertos, ofreciendo una experiencia cultural y tur\u00edstica \u00fanica, llena de tradici\u00f3n, [&hellip;]<\/p>\n","protected":false},"author":1,"featured_media":53975,"comment_status":"closed","ping_status":"open","sticky":false,"template":"","format":"standard","meta":[],"categories":[2292],"tags":[1300,4269,121,190,2490,2485,120,206,2551],"aioseo_notices":[],"_links":{"self":[{"href":"https:\/\/cuernavaca.gob.mx\/index.php?rest_route=\/wp\/v2\/posts\/53974"}],"collection":[{"href":"https:\/\/cuernavaca.gob.mx\/index.php?rest_route=\/wp\/v2\/posts"}],"about":[{"href":"https:\/\/cuernavaca.gob.mx\/index.php?rest_route=\/wp\/v2\/types\/post"}],"author":[{"embeddable":true,"href":"https:\/\/cuernavaca.gob.mx\/index.php?rest_route=\/wp\/v2\/users\/1"}],"replies":[{"embeddable":true,"href":"https:\/\/cuernavaca.gob.mx\/index.php?rest_route=%2Fwp%2Fv2%2Fcomments&post=53974"}],"version-history":[{"count":2,"href":"https:\/\/cuernavaca.gob.mx\/index.php?rest_route=\/wp\/v2\/posts\/53974\/revisions"}],"predecessor-version":[{"id":53983,"href":"https:\/\/cuernavaca.gob.mx\/index.php?rest_route=\/wp\/v2\/posts\/53974\/revisions\/53983"}],"wp:featuredmedia":[{"embeddable":true,"href":"https:\/\/cuernavaca.gob.mx\/index.php?rest_route=\/wp\/v2\/media\/53975"}],"wp:attachment":[{"href":"https:\/\/cuernavaca.gob.mx\/index.php?rest_route=%2Fwp%2Fv2%2Fmedia&parent=53974"}],"wp:term":[{"taxonomy":"category","embeddable":true,"href":"https:\/\/cuernavaca.gob.mx\/index.php?rest_route=%2Fwp%2Fv2%2Fcategories&post=53974"},{"taxonomy":"post_tag","embeddable":true,"href":"https:\/\/cuernavaca.gob.mx\/index.php?rest_route=%2Fwp%2Fv2%2Ftags&post=53974"}],"curies":[{"name":"wp","href":"https:\/\/api.w.org\/{rel}","templated":true}]}}