{"id":53994,"date":"2025-10-30T08:00:58","date_gmt":"2025-10-30T14:00:58","guid":{"rendered":"https:\/\/cuernavaca.gob.mx\/?p=53994"},"modified":"2025-10-30T06:27:57","modified_gmt":"2025-10-30T12:27:57","slug":"b686-30-10-25-cuernavaca-fortalece-la-participacion-ciudadana-con-la-renovacion-de-los-consejos-municipales-de-participacion-social","status":"publish","type":"post","link":"https:\/\/cuernavaca.gob.mx\/?p=53994","title":{"rendered":"B686 30\/10\/25 CUERNAVACA FORTALECE LA PARTICIPACI\u00d3N CIUDADANA CON LA RENOVACI\u00d3N DE LOS CONSEJOS MUNICIPALES DE PARTICIPACI\u00d3N SOCIAL"},"content":{"rendered":"<p><strong>\u2022 El Cabildo capitalino invita a la poblaci\u00f3n a participar en la elecci\u00f3n de los consejos, cargos honor\u00edficos que promueven el trabajo en comunidad<\/strong><\/p>\n<p>Con el prop\u00f3sito de fortalecer la organizaci\u00f3n comunitaria y la participaci\u00f3n ciudadana, el Cabildo del Ayuntamiento de Cuernavaca, encabezado por el alcalde Jos\u00e9 Luis Uri\u00f3stegui Salgado, aprob\u00f3 la convocatoria para la elecci\u00f3n de los Consejos Municipales de Participaci\u00f3n Social, cuyos registros iniciar\u00e1n el pr\u00f3ximo lunes 3 de noviembre.<\/p>\n<p>Estos consejos, integrados por representantes de colonias, fraccionamientos y comunidades, tienen una duraci\u00f3n de tres a\u00f1os y desempe\u00f1an un papel fundamental en la planeaci\u00f3n municipal, al fungir como v\u00ednculo directo entre la ciudadan\u00eda y el gobierno local.<\/p>\n<p>En sesi\u00f3n ordinaria de Cabildo, el alcalde record\u00f3 que en su primera administraci\u00f3n reconocieron a 244 comunidades en el municipio, de las cuales 12 pueblos quedan exentos de este proceso, ya que eligen a sus ayudantes municipales mediante voto directo. Explic\u00f3 que la intenci\u00f3n de este proceso es que cada representante comunitario cuente con el respaldo de sus vecinos y presente propuestas concretas de trabajo que impulsen el desarrollo de sus zonas.<\/p>\n<p>Las planillas deber\u00e1n integrarse por un presidente, secretario, tesorero y dos vocales, cada uno con sus respectivos suplentes. Entre los requisitos se destaca el acreditar la residencia (expedida por el Ayuntamiento de forma gratuita y para la que se facilitar\u00e1 su obtenci\u00f3n), as\u00ed como entregar un plan de trabajo con beneficios sociales claros, adem\u00e1s de un plan para reciclar su propaganda, la cual deber\u00e1 ser biodegradable y reciclable.<\/p>\n<p>El registro de candidaturas se llevar\u00e1 a cabo del lunes 3 al viernes 7 de noviembre de 2025, de 9:00 a 15:00 horas, en la sede Papagayo del Ayuntamiento de Cuernavaca, mientras que la jornada electoral se desarrollar\u00e1 el domingo 23 de noviembre, con personal municipal fungiendo como funcionarios de casilla, a fin de garantizar un proceso transparente y ordenado.<\/p>\n<p>Uri\u00f3stegui Salgado subray\u00f3 que esta convocatoria reafirma el compromiso del Ayuntamiento con la democracia local y la colaboraci\u00f3n ciudadana, pilares esenciales para construir una Cuernavaca m\u00e1s participativa y con gobiernos cercanos a su gente.<\/p>\n<p>Accede a continuaci\u00f3n a la convocatoria, la estructura de la planilla y del plan de trabajo a presentar en el registro de candidaturas.<\/p>\n<p><a href=\"https:\/\/cuernavaca.gob.mx\/wp-content\/uploads\/2020\/07\/convocatoria-consejos-municipales-2025.pdf\">https:\/\/cuernavaca.gob.mx\/wp-content\/uploads\/2020\/07\/convocatoria-consejos-municipales-2025.pdf<\/a><\/p>\n\n\t\t<style type=\"text\/css\">\n\t\t\t#gallery-1 {\n\t\t\t\tmargin: auto;\n\t\t\t}\n\t\t\t#gallery-1 .gallery-item {\n\t\t\t\tfloat: left;\n\t\t\t\tmargin-top: 10px;\n\t\t\t\ttext-align: center;\n\t\t\t\twidth: 33%;\n\t\t\t}\n\t\t\t#gallery-1 img {\n\t\t\t\tborder: 2px solid #cfcfcf;\n\t\t\t}\n\t\t\t#gallery-1 .gallery-caption {\n\t\t\t\tmargin-left: 0;\n\t\t\t}\n\t\t\t\/* see gallery_shortcode() in wp-includes\/media.php *\/\n\t\t<\/style>\n\t\t<div id='gallery-1' class='gallery galleryid-53994 gallery-columns-3 gallery-size-thumbnail'><dl class='gallery-item'>\n\t\t\t<dt class='gallery-icon landscape'>\n\t\t\t\t<a href='https:\/\/cuernavaca.gob.mx\/?attachment_id=53996'><img width=\"150\" height=\"150\" src=\"https:\/\/cuernavaca.gob.mx\/wp-content\/uploads\/2025\/10\/CUERNAVACA-FORTALECE-LA-PARTICIPACION-CIUDADANA-CON-LA-RENOVACION-DE-LOS-CONSEJOS-MUNICIPALES-DE-PARTICIPACION-SOCIAL-150x150.jpeg\" class=\"attachment-thumbnail size-thumbnail\" alt=\"\" loading=\"lazy\" \/><\/a>\n\t\t\t<\/dt><\/dl><dl class='gallery-item'>\n\t\t\t<dt class='gallery-icon landscape'>\n\t\t\t\t<a href='https:\/\/cuernavaca.gob.mx\/?attachment_id=53995'><img width=\"150\" height=\"150\" src=\"https:\/\/cuernavaca.gob.mx\/wp-content\/uploads\/2025\/10\/CUERNAVACA-FORTALECE-LA-PARTICIPACION-CIUDADANA-CON-LA-RENOVACION-DE-LOS-CONSEJOS-MUNICIPALES-DE-PARTICIPACION-SOCIAL1-150x150.jpeg\" class=\"attachment-thumbnail size-thumbnail\" alt=\"\" loading=\"lazy\" \/><\/a>\n\t\t\t<\/dt><\/dl>\n\t\t\t<br style='clear: both' \/>\n\t\t<\/div>\n\n","protected":false},"excerpt":{"rendered":"<p>\u2022 El Cabildo capitalino invita a la poblaci\u00f3n a participar en la elecci\u00f3n de los consejos, cargos honor\u00edficos que promueven el trabajo en comunidad Con el prop\u00f3sito de fortalecer la organizaci\u00f3n comunitaria y la participaci\u00f3n ciudadana, el Cabildo del Ayuntamiento de Cuernavaca, encabezado por el alcalde Jos\u00e9 Luis Uri\u00f3stegui Salgado, aprob\u00f3 la convocatoria para la [&hellip;]<\/p>\n","protected":false},"author":1,"featured_media":53996,"comment_status":"closed","ping_status":"open","sticky":false,"template":"","format":"standard","meta":[],"categories":[3047],"tags":[158,1261,1006,121,4273,120,206],"aioseo_notices":[],"_links":{"self":[{"href":"https:\/\/cuernavaca.gob.mx\/index.php?rest_route=\/wp\/v2\/posts\/53994"}],"collection":[{"href":"https:\/\/cuernavaca.gob.mx\/index.php?rest_route=\/wp\/v2\/posts"}],"about":[{"href":"https:\/\/cuernavaca.gob.mx\/index.php?rest_route=\/wp\/v2\/types\/post"}],"author":[{"embeddable":true,"href":"https:\/\/cuernavaca.gob.mx\/index.php?rest_route=\/wp\/v2\/users\/1"}],"replies":[{"embeddable":true,"href":"https:\/\/cuernavaca.gob.mx\/index.php?rest_route=%2Fwp%2Fv2%2Fcomments&post=53994"}],"version-history":[{"count":3,"href":"https:\/\/cuernavaca.gob.mx\/index.php?rest_route=\/wp\/v2\/posts\/53994\/revisions"}],"predecessor-version":[{"id":53999,"href":"https:\/\/cuernavaca.gob.mx\/index.php?rest_route=\/wp\/v2\/posts\/53994\/revisions\/53999"}],"wp:featuredmedia":[{"embeddable":true,"href":"https:\/\/cuernavaca.gob.mx\/index.php?rest_route=\/wp\/v2\/media\/53996"}],"wp:attachment":[{"href":"https:\/\/cuernavaca.gob.mx\/index.php?rest_route=%2Fwp%2Fv2%2Fmedia&parent=53994"}],"wp:term":[{"taxonomy":"category","embeddable":true,"href":"https:\/\/cuernavaca.gob.mx\/index.php?rest_route=%2Fwp%2Fv2%2Fcategories&post=53994"},{"taxonomy":"post_tag","embeddable":true,"href":"https:\/\/cuernavaca.gob.mx\/index.php?rest_route=%2Fwp%2Fv2%2Ftags&post=53994"}],"curies":[{"name":"wp","href":"https:\/\/api.w.org\/{rel}","templated":true}]}}