{"id":54384,"date":"2025-11-16T15:12:06","date_gmt":"2025-11-16T21:12:06","guid":{"rendered":"https:\/\/cuernavaca.gob.mx\/?p=54384"},"modified":"2025-11-16T15:12:06","modified_gmt":"2025-11-16T21:12:06","slug":"b723-16-11-25-cuernavaca-celebra-a-quienes-iluminan-su-historia-con-la-venera-2025","status":"publish","type":"post","link":"https:\/\/cuernavaca.gob.mx\/?p=54384","title":{"rendered":"B723 16\/11\/25 CUERNAVACA CELEBRA A QUIENES ILUMINAN SU HISTORIA CON LA VENERA 2025"},"content":{"rendered":"<p>\u2022 En un emotivo acto, el Cabildo de Cuernavaca rindi\u00f3 un homenaje vivo a mujeres y hombres que han contribuido a construir el rostro humano de la capital morelense<\/p>\n<p>\u2022 Entre las y los galardonados destacan la gobernadora Margarita Gonz\u00e1lez Saravia, la actriz Elsa Aguirre, el obispo Ram\u00f3n Castro Castro, as\u00ed como formadores, pol\u00edticos, artistas y guardianes de tradiciones<\/p>\n<p>En el marco del aniversario de la declaraci\u00f3n de Cuernavaca como capital constitucional del estado de Morelos, la ciudad celebr\u00f3 este domingo una de sus ceremonias m\u00e1s significativas: la entrega de la Venera Cuernavaca 2025, m\u00e1xima distinci\u00f3n que otorga el Ayuntamiento capitalino a personas que han contribuido a fortalecer la identidad, historia y valores humanos de la ciudad.<\/p>\n<p>En sesi\u00f3n solemne de Cabildo, realizada en el emblem\u00e1tico Museo de la Ciudad de Cuernavaca (MuCiC), el alcalde Jos\u00e9 Luis Uri\u00f3stegui Salgado, acompa\u00f1ado por integrantes del cuerpo edilicio, encabez\u00f3 la entrega del galard\u00f3n en grado de distinci\u00f3n, subrayando que este reconocimiento simboliza la gratitud de la capital morelense hacia quienes han dejado una huella profunda en diversos \u00e1mbitos p\u00fablicos, sociales, culturales, acad\u00e9micos, deportivos y human\u00edsticos.<\/p>\n<p>&#8220;El Ayuntamiento y la ciudad reconocen a personalidades que, por su trabajo personal, profesional en representaci\u00f3n de las instituciones a su cargo, han trascendido y han logrado traer brillo y lustre a Cuernavaca\u201d, expres\u00f3 el edil, agradeciendo a cada una y uno de los recipiendarios su presencia, al resaltar la trascendencia de sus perfiles y reconocer el mensaje que brindaron durante la ceremonia.<\/p>\n<p>Tras un extenso an\u00e1lisis por parte del cuerpo edilicio, este a\u00f1o la Venera Cuernavaca 2025 fue entregada a la gobernadora Margarita Gonz\u00e1lez Saravia, primera mujer en encabezar el Poder Ejecutivo estatal. Su distinci\u00f3n simboliza un reconocimiento al liderazgo femenino y a una trayectoria que ha abierto camino para nuevas generaciones.<\/p>\n<p>Asimismo, se otorg\u00f3 esta distinci\u00f3n a Monse\u00f1or Ram\u00f3n Castro y Castro, obispo de la Di\u00f3cesis de Cuernavaca y presidente de la Conferencia Episcopal Mexicana, por su destacada labor pastoral y su servicio a la comunidad; a Elsa Irma Aguirre Ju\u00e1rez, actriz y figura ic\u00f3nica del Cine de Oro mexicano, cuyo legado art\u00edstico sigue vigente; a Arturo Brizio C\u00e1rter, abogado, comentarista y \u00e1rbitro internacional.<\/p>\n<p>Asimismo, a Mar\u00eda Elena Berengueras S\u00e1nchez, psic\u00f3loga, crimin\u00f3loga, catedr\u00e1tica, fot\u00f3grafa y escritora; a Uli Solner, artista pl\u00e1stica y que ha exhibido sus obras en distintos puntos de la ciudad; a Susan Grillo Arana, doctora en Ciencias Sociales, conferencista y fil\u00e1ntropa; a Lya Guti\u00e9rrez Quintanilla, cronista, articulista e historiadora; a Fernando C\u00e1rdenas Pe\u00f1a, periodista y director de comunicaci\u00f3n en Network Univisi\u00f3n.<\/p>\n<p>En este importante evento tambi\u00e9n fueron reconocidos C\u00e9sar Eduardo Vega Guti\u00e9rrez &#8220;Fuk Guti\u00e9rrez\u201d, artista y muralista; Guillermo Monroy Becerril, pintor, muralista y grabador; Gerardo Gabriel Galindo Mart\u00ednez &#8220;Gerry Galindo\u201d, futbolista profesional de trayectoria internacional; Benigno L\u00f3pez Montes, \u00faltimo preservador de la tradici\u00f3n huehuenche de Santa Mar\u00eda Ahuacatitl\u00e1n; e Ismael Reza Urbeola, arquitecto, catedr\u00e1tico y formador universitario.<\/p>\n<p>La Venera Cuernavaca 2025 fue otorgada a Javier Hern\u00e1ndez D\u00edaz, abogado y servidor p\u00fablico que ha contribuido al desarrollo ordenado de la ciudad; a Narciso Gonz\u00e1lez Rossano, entrenador de box y promotor de j\u00f3venes pugilistas; a Pablo Chalakani, empresario y conferencista y post mortem a Juan Pablo Adame Alem\u00e1n, pol\u00edtico y servidor p\u00fablico, reconocido por su compromiso con las juventudes y la participaci\u00f3n ciudadana.<\/p>\n<p>La ceremonia concluy\u00f3 entre aplausos y muestras de gratitud hacia quienes, desde distintos \u00e1mbitos, han entregado parte de su vida a engrandecer a Cuernavaca. Con la Venera Cuernavaca 2025, la capital morelense refrenda su compromiso con la memoria, la identidad y la excelencia de su gente.<\/p>\n\n\t\t<style type=\"text\/css\">\n\t\t\t#gallery-1 {\n\t\t\t\tmargin: auto;\n\t\t\t}\n\t\t\t#gallery-1 .gallery-item {\n\t\t\t\tfloat: left;\n\t\t\t\tmargin-top: 10px;\n\t\t\t\ttext-align: center;\n\t\t\t\twidth: 33%;\n\t\t\t}\n\t\t\t#gallery-1 img {\n\t\t\t\tborder: 2px solid #cfcfcf;\n\t\t\t}\n\t\t\t#gallery-1 .gallery-caption {\n\t\t\t\tmargin-left: 0;\n\t\t\t}\n\t\t\t\/* see gallery_shortcode() in wp-includes\/media.php *\/\n\t\t<\/style>\n\t\t<div id='gallery-1' class='gallery galleryid-54384 gallery-columns-3 gallery-size-thumbnail'><dl class='gallery-item'>\n\t\t\t<dt class='gallery-icon landscape'>\n\t\t\t\t<a href='https:\/\/cuernavaca.gob.mx\/?attachment_id=54385'><img width=\"150\" height=\"150\" src=\"https:\/\/cuernavaca.gob.mx\/wp-content\/uploads\/2025\/11\/CUERNAVACA-CELEBRA-A-QUIENES-ILUMINAN-SU-HISTORIA-CON-LA-VENERA-2025-1-150x150.jpg\" class=\"attachment-thumbnail size-thumbnail\" alt=\"\" loading=\"lazy\" \/><\/a>\n\t\t\t<\/dt><\/dl><dl class='gallery-item'>\n\t\t\t<dt class='gallery-icon landscape'>\n\t\t\t\t<a href='https:\/\/cuernavaca.gob.mx\/?attachment_id=54386'><img width=\"150\" height=\"150\" src=\"https:\/\/cuernavaca.gob.mx\/wp-content\/uploads\/2025\/11\/CUERNAVACA-CELEBRA-A-QUIENES-ILUMINAN-SU-HISTORIA-CON-LA-VENERA-2025-2-150x150.jpg\" class=\"attachment-thumbnail size-thumbnail\" alt=\"\" loading=\"lazy\" \/><\/a>\n\t\t\t<\/dt><\/dl><dl class='gallery-item'>\n\t\t\t<dt class='gallery-icon landscape'>\n\t\t\t\t<a href='https:\/\/cuernavaca.gob.mx\/?attachment_id=54396'><img width=\"150\" height=\"150\" src=\"https:\/\/cuernavaca.gob.mx\/wp-content\/uploads\/2025\/11\/CUERNAVACA-CELEBRA-A-QUIENES-ILUMINAN-SU-HISTORIA-CON-LA-VENERA-2025-14-150x150.jpg\" class=\"attachment-thumbnail size-thumbnail\" alt=\"\" loading=\"lazy\" \/><\/a>\n\t\t\t<\/dt><\/dl><br style=\"clear: both\" \/><dl class='gallery-item'>\n\t\t\t<dt class='gallery-icon landscape'>\n\t\t\t\t<a href='https:\/\/cuernavaca.gob.mx\/?attachment_id=54395'><img width=\"150\" height=\"150\" src=\"https:\/\/cuernavaca.gob.mx\/wp-content\/uploads\/2025\/11\/CUERNAVACA-CELEBRA-A-QUIENES-ILUMINAN-SU-HISTORIA-CON-LA-VENERA-2025-13-150x150.jpg\" class=\"attachment-thumbnail size-thumbnail\" alt=\"\" loading=\"lazy\" \/><\/a>\n\t\t\t<\/dt><\/dl><dl class='gallery-item'>\n\t\t\t<dt class='gallery-icon landscape'>\n\t\t\t\t<a href='https:\/\/cuernavaca.gob.mx\/?attachment_id=54394'><img width=\"150\" height=\"150\" src=\"https:\/\/cuernavaca.gob.mx\/wp-content\/uploads\/2025\/11\/CUERNAVACA-CELEBRA-A-QUIENES-ILUMINAN-SU-HISTORIA-CON-LA-VENERA-2025-11-150x150.jpg\" class=\"attachment-thumbnail size-thumbnail\" alt=\"\" loading=\"lazy\" \/><\/a>\n\t\t\t<\/dt><\/dl><dl class='gallery-item'>\n\t\t\t<dt class='gallery-icon landscape'>\n\t\t\t\t<a href='https:\/\/cuernavaca.gob.mx\/?attachment_id=54393'><img width=\"150\" height=\"150\" src=\"https:\/\/cuernavaca.gob.mx\/wp-content\/uploads\/2025\/11\/CUERNAVACA-CELEBRA-A-QUIENES-ILUMINAN-SU-HISTORIA-CON-LA-VENERA-2025-10-150x150.jpg\" class=\"attachment-thumbnail size-thumbnail\" alt=\"\" loading=\"lazy\" \/><\/a>\n\t\t\t<\/dt><\/dl><br style=\"clear: both\" \/><dl class='gallery-item'>\n\t\t\t<dt class='gallery-icon landscape'>\n\t\t\t\t<a href='https:\/\/cuernavaca.gob.mx\/?attachment_id=54392'><img width=\"150\" height=\"150\" src=\"https:\/\/cuernavaca.gob.mx\/wp-content\/uploads\/2025\/11\/CUERNAVACA-CELEBRA-A-QUIENES-ILUMINAN-SU-HISTORIA-CON-LA-VENERA-2025-9-150x150.jpg\" class=\"attachment-thumbnail size-thumbnail\" alt=\"\" loading=\"lazy\" \/><\/a>\n\t\t\t<\/dt><\/dl><dl class='gallery-item'>\n\t\t\t<dt class='gallery-icon landscape'>\n\t\t\t\t<a href='https:\/\/cuernavaca.gob.mx\/?attachment_id=54391'><img width=\"150\" height=\"150\" src=\"https:\/\/cuernavaca.gob.mx\/wp-content\/uploads\/2025\/11\/CUERNAVACA-CELEBRA-A-QUIENES-ILUMINAN-SU-HISTORIA-CON-LA-VENERA-2025-8-150x150.jpg\" class=\"attachment-thumbnail size-thumbnail\" alt=\"\" loading=\"lazy\" \/><\/a>\n\t\t\t<\/dt><\/dl><dl class='gallery-item'>\n\t\t\t<dt class='gallery-icon landscape'>\n\t\t\t\t<a href='https:\/\/cuernavaca.gob.mx\/?attachment_id=54390'><img width=\"150\" height=\"150\" src=\"https:\/\/cuernavaca.gob.mx\/wp-content\/uploads\/2025\/11\/CUERNAVACA-CELEBRA-A-QUIENES-ILUMINAN-SU-HISTORIA-CON-LA-VENERA-2025-7-150x150.jpg\" class=\"attachment-thumbnail size-thumbnail\" alt=\"\" loading=\"lazy\" \/><\/a>\n\t\t\t<\/dt><\/dl><br style=\"clear: both\" \/><dl class='gallery-item'>\n\t\t\t<dt class='gallery-icon landscape'>\n\t\t\t\t<a href='https:\/\/cuernavaca.gob.mx\/?attachment_id=54389'><img width=\"150\" height=\"150\" src=\"https:\/\/cuernavaca.gob.mx\/wp-content\/uploads\/2025\/11\/CUERNAVACA-CELEBRA-A-QUIENES-ILUMINAN-SU-HISTORIA-CON-LA-VENERA-2025-6-150x150.jpg\" class=\"attachment-thumbnail size-thumbnail\" alt=\"\" loading=\"lazy\" \/><\/a>\n\t\t\t<\/dt><\/dl><dl class='gallery-item'>\n\t\t\t<dt class='gallery-icon landscape'>\n\t\t\t\t<a href='https:\/\/cuernavaca.gob.mx\/?attachment_id=54388'><img width=\"150\" height=\"150\" src=\"https:\/\/cuernavaca.gob.mx\/wp-content\/uploads\/2025\/11\/CUERNAVACA-CELEBRA-A-QUIENES-ILUMINAN-SU-HISTORIA-CON-LA-VENERA-2025-4-150x150.jpg\" class=\"attachment-thumbnail size-thumbnail\" alt=\"\" loading=\"lazy\" \/><\/a>\n\t\t\t<\/dt><\/dl><dl class='gallery-item'>\n\t\t\t<dt class='gallery-icon landscape'>\n\t\t\t\t<a href='https:\/\/cuernavaca.gob.mx\/?attachment_id=54387'><img width=\"150\" height=\"150\" src=\"https:\/\/cuernavaca.gob.mx\/wp-content\/uploads\/2025\/11\/CUERNAVACA-CELEBRA-A-QUIENES-ILUMINAN-SU-HISTORIA-CON-LA-VENERA-2025-3-150x150.jpg\" class=\"attachment-thumbnail size-thumbnail\" alt=\"\" loading=\"lazy\" \/><\/a>\n\t\t\t<\/dt><\/dl><br style=\"clear: both\" \/><dl class='gallery-item'>\n\t\t\t<dt class='gallery-icon landscape'>\n\t\t\t\t<a href='https:\/\/cuernavaca.gob.mx\/?attachment_id=54397'><img width=\"150\" height=\"150\" src=\"https:\/\/cuernavaca.gob.mx\/wp-content\/uploads\/2025\/11\/CUERNAVACA-CELEBRA-A-QUIENES-ILUMINAN-SU-HISTORIA-CON-LA-VENERA-2025-1-1-150x150.jpg\" class=\"attachment-thumbnail size-thumbnail\" alt=\"\" loading=\"lazy\" \/><\/a>\n\t\t\t<\/dt><\/dl><dl class='gallery-item'>\n\t\t\t<dt class='gallery-icon landscape'>\n\t\t\t\t<a href='https:\/\/cuernavaca.gob.mx\/?attachment_id=54398'><img width=\"150\" height=\"150\" src=\"https:\/\/cuernavaca.gob.mx\/wp-content\/uploads\/2025\/11\/CUERNAVACA-CELEBRA-A-QUIENES-ILUMINAN-SU-HISTORIA-CON-LA-VENERA-2025-2-1-150x150.jpg\" class=\"attachment-thumbnail size-thumbnail\" alt=\"\" loading=\"lazy\" \/><\/a>\n\t\t\t<\/dt><\/dl><dl class='gallery-item'>\n\t\t\t<dt class='gallery-icon landscape'>\n\t\t\t\t<a href='https:\/\/cuernavaca.gob.mx\/?attachment_id=54399'><img width=\"150\" height=\"150\" src=\"https:\/\/cuernavaca.gob.mx\/wp-content\/uploads\/2025\/11\/CUERNAVACA-CELEBRA-A-QUIENES-ILUMINAN-SU-HISTORIA-CON-LA-VENERA-2025-3-1-150x150.jpg\" class=\"attachment-thumbnail size-thumbnail\" alt=\"\" loading=\"lazy\" \/><\/a>\n\t\t\t<\/dt><\/dl><br style=\"clear: both\" \/><dl class='gallery-item'>\n\t\t\t<dt class='gallery-icon landscape'>\n\t\t\t\t<a href='https:\/\/cuernavaca.gob.mx\/?attachment_id=54400'><img width=\"150\" height=\"150\" src=\"https:\/\/cuernavaca.gob.mx\/wp-content\/uploads\/2025\/11\/CUERNAVACA-CELEBRA-A-QUIENES-ILUMINAN-SU-HISTORIA-CON-LA-VENERA-2025-4-1-150x150.jpg\" class=\"attachment-thumbnail size-thumbnail\" alt=\"\" loading=\"lazy\" \/><\/a>\n\t\t\t<\/dt><\/dl><dl class='gallery-item'>\n\t\t\t<dt class='gallery-icon landscape'>\n\t\t\t\t<a href='https:\/\/cuernavaca.gob.mx\/?attachment_id=54401'><img width=\"150\" height=\"150\" src=\"https:\/\/cuernavaca.gob.mx\/wp-content\/uploads\/2025\/11\/CUERNAVACA-CELEBRA-A-QUIENES-ILUMINAN-SU-HISTORIA-CON-LA-VENERA-2025-5-150x150.jpg\" class=\"attachment-thumbnail size-thumbnail\" alt=\"\" loading=\"lazy\" \/><\/a>\n\t\t\t<\/dt><\/dl><dl class='gallery-item'>\n\t\t\t<dt class='gallery-icon landscape'>\n\t\t\t\t<a href='https:\/\/cuernavaca.gob.mx\/?attachment_id=54402'><img width=\"150\" height=\"150\" src=\"https:\/\/cuernavaca.gob.mx\/wp-content\/uploads\/2025\/11\/CUERNAVACA-CELEBRA-A-QUIENES-ILUMINAN-SU-HISTORIA-CON-LA-VENERA-2025-6-1-150x150.jpg\" class=\"attachment-thumbnail size-thumbnail\" alt=\"\" loading=\"lazy\" \/><\/a>\n\t\t\t<\/dt><\/dl><br style=\"clear: both\" \/><dl class='gallery-item'>\n\t\t\t<dt class='gallery-icon landscape'>\n\t\t\t\t<a href='https:\/\/cuernavaca.gob.mx\/?attachment_id=54403'><img width=\"150\" height=\"150\" src=\"https:\/\/cuernavaca.gob.mx\/wp-content\/uploads\/2025\/11\/CUERNAVACA-CELEBRA-A-QUIENES-ILUMINAN-SU-HISTORIA-CON-LA-VENERA-2025-7-1-150x150.jpg\" class=\"attachment-thumbnail size-thumbnail\" alt=\"\" loading=\"lazy\" \/><\/a>\n\t\t\t<\/dt><\/dl><dl class='gallery-item'>\n\t\t\t<dt class='gallery-icon landscape'>\n\t\t\t\t<a href='https:\/\/cuernavaca.gob.mx\/?attachment_id=54404'><img width=\"150\" height=\"150\" src=\"https:\/\/cuernavaca.gob.mx\/wp-content\/uploads\/2025\/11\/CUERNAVACA-CELEBRA-A-QUIENES-ILUMINAN-SU-HISTORIA-CON-LA-VENERA-2025-8-1-150x150.jpg\" class=\"attachment-thumbnail size-thumbnail\" alt=\"\" loading=\"lazy\" \/><\/a>\n\t\t\t<\/dt><\/dl><dl class='gallery-item'>\n\t\t\t<dt class='gallery-icon landscape'>\n\t\t\t\t<a href='https:\/\/cuernavaca.gob.mx\/?attachment_id=54405'><img width=\"150\" height=\"150\" src=\"https:\/\/cuernavaca.gob.mx\/wp-content\/uploads\/2025\/11\/CUERNAVACA-CELEBRA-A-QUIENES-ILUMINAN-SU-HISTORIA-CON-LA-VENERA-2025-9-1-150x150.jpg\" class=\"attachment-thumbnail size-thumbnail\" alt=\"\" loading=\"lazy\" \/><\/a>\n\t\t\t<\/dt><\/dl><br style=\"clear: both\" \/><dl class='gallery-item'>\n\t\t\t<dt class='gallery-icon landscape'>\n\t\t\t\t<a href='https:\/\/cuernavaca.gob.mx\/?attachment_id=54406'><img width=\"150\" height=\"150\" src=\"https:\/\/cuernavaca.gob.mx\/wp-content\/uploads\/2025\/11\/CUERNAVACA-CELEBRA-A-QUIENES-ILUMINAN-SU-HISTORIA-CON-LA-VENERA-2025-11-1-150x150.jpg\" class=\"attachment-thumbnail size-thumbnail\" alt=\"\" loading=\"lazy\" \/><\/a>\n\t\t\t<\/dt><\/dl><dl class='gallery-item'>\n\t\t\t<dt class='gallery-icon landscape'>\n\t\t\t\t<a href='https:\/\/cuernavaca.gob.mx\/?attachment_id=54407'><img width=\"150\" height=\"150\" src=\"https:\/\/cuernavaca.gob.mx\/wp-content\/uploads\/2025\/11\/CUERNAVACA-CELEBRA-A-QUIENES-ILUMINAN-SU-HISTORIA-CON-LA-VENERA-2025-12-150x150.jpg\" class=\"attachment-thumbnail size-thumbnail\" alt=\"\" loading=\"lazy\" \/><\/a>\n\t\t\t<\/dt><\/dl><dl class='gallery-item'>\n\t\t\t<dt class='gallery-icon landscape'>\n\t\t\t\t<a href='https:\/\/cuernavaca.gob.mx\/?attachment_id=54408'><img width=\"150\" height=\"150\" src=\"https:\/\/cuernavaca.gob.mx\/wp-content\/uploads\/2025\/11\/CUERNAVACA-CELEBRA-A-QUIENES-ILUMINAN-SU-HISTORIA-CON-LA-VENERA-2025-13-1-150x150.jpg\" class=\"attachment-thumbnail size-thumbnail\" alt=\"\" loading=\"lazy\" \/><\/a>\n\t\t\t<\/dt><\/dl><br style=\"clear: both\" \/><dl class='gallery-item'>\n\t\t\t<dt class='gallery-icon landscape'>\n\t\t\t\t<a href='https:\/\/cuernavaca.gob.mx\/?attachment_id=54409'><img width=\"150\" height=\"150\" src=\"https:\/\/cuernavaca.gob.mx\/wp-content\/uploads\/2025\/11\/CUERNAVACA-CELEBRA-A-QUIENES-ILUMINAN-SU-HISTORIA-CON-LA-VENERA-2025-14-1-150x150.jpg\" class=\"attachment-thumbnail size-thumbnail\" alt=\"\" loading=\"lazy\" \/><\/a>\n\t\t\t<\/dt><\/dl><dl class='gallery-item'>\n\t\t\t<dt class='gallery-icon landscape'>\n\t\t\t\t<a href='https:\/\/cuernavaca.gob.mx\/?attachment_id=54410'><img width=\"150\" height=\"150\" src=\"https:\/\/cuernavaca.gob.mx\/wp-content\/uploads\/2025\/11\/CUERNAVACA-CELEBRA-A-QUIENES-ILUMINAN-SU-HISTORIA-CON-LA-VENERA-2025-15-150x150.jpg\" class=\"attachment-thumbnail size-thumbnail\" alt=\"\" loading=\"lazy\" \/><\/a>\n\t\t\t<\/dt><\/dl><dl class='gallery-item'>\n\t\t\t<dt class='gallery-icon landscape'>\n\t\t\t\t<a href='https:\/\/cuernavaca.gob.mx\/?attachment_id=54411'><img width=\"150\" height=\"150\" src=\"https:\/\/cuernavaca.gob.mx\/wp-content\/uploads\/2025\/11\/CUERNAVACA-CELEBRA-A-QUIENES-ILUMINAN-SU-HISTORIA-CON-LA-VENERA-2025-16-150x150.jpg\" class=\"attachment-thumbnail size-thumbnail\" alt=\"\" loading=\"lazy\" \/><\/a>\n\t\t\t<\/dt><\/dl><br style=\"clear: both\" \/><dl class='gallery-item'>\n\t\t\t<dt class='gallery-icon landscape'>\n\t\t\t\t<a href='https:\/\/cuernavaca.gob.mx\/?attachment_id=54412'><img width=\"150\" height=\"150\" src=\"https:\/\/cuernavaca.gob.mx\/wp-content\/uploads\/2025\/11\/CUERNAVACA-CELEBRA-A-QUIENES-ILUMINAN-SU-HISTORIA-CON-LA-VENERA-2025-17-150x150.jpg\" class=\"attachment-thumbnail size-thumbnail\" alt=\"\" loading=\"lazy\" \/><\/a>\n\t\t\t<\/dt><\/dl><dl class='gallery-item'>\n\t\t\t<dt class='gallery-icon landscape'>\n\t\t\t\t<a href='https:\/\/cuernavaca.gob.mx\/?attachment_id=54413'><img width=\"150\" height=\"150\" src=\"https:\/\/cuernavaca.gob.mx\/wp-content\/uploads\/2025\/11\/CUERNAVACA-CELEBRA-A-QUIENES-ILUMINAN-SU-HISTORIA-CON-LA-VENERA-2025-18-150x150.jpg\" class=\"attachment-thumbnail size-thumbnail\" alt=\"\" loading=\"lazy\" \/><\/a>\n\t\t\t<\/dt><\/dl><dl class='gallery-item'>\n\t\t\t<dt class='gallery-icon landscape'>\n\t\t\t\t<a href='https:\/\/cuernavaca.gob.mx\/?attachment_id=54414'><img width=\"150\" height=\"150\" src=\"https:\/\/cuernavaca.gob.mx\/wp-content\/uploads\/2025\/11\/CUERNAVACA-CELEBRA-A-QUIENES-ILUMINAN-SU-HISTORIA-CON-LA-VENERA-2025-19-150x150.jpg\" class=\"attachment-thumbnail size-thumbnail\" alt=\"\" loading=\"lazy\" \/><\/a>\n\t\t\t<\/dt><\/dl><br style=\"clear: both\" \/><dl class='gallery-item'>\n\t\t\t<dt class='gallery-icon landscape'>\n\t\t\t\t<a href='https:\/\/cuernavaca.gob.mx\/?attachment_id=54415'><img width=\"150\" height=\"150\" src=\"https:\/\/cuernavaca.gob.mx\/wp-content\/uploads\/2025\/11\/CUERNAVACA-CELEBRA-A-QUIENES-ILUMINAN-SU-HISTORIA-CON-LA-VENERA-2025-20-150x150.jpg\" class=\"attachment-thumbnail size-thumbnail\" alt=\"\" loading=\"lazy\" \/><\/a>\n\t\t\t<\/dt><\/dl><dl class='gallery-item'>\n\t\t\t<dt class='gallery-icon landscape'>\n\t\t\t\t<a href='https:\/\/cuernavaca.gob.mx\/?attachment_id=54416'><img width=\"150\" height=\"150\" src=\"https:\/\/cuernavaca.gob.mx\/wp-content\/uploads\/2025\/11\/CUERNAVACA-CELEBRA-A-QUIENES-ILUMINAN-SU-HISTORIA-CON-LA-VENERA-2025-21-150x150.jpg\" class=\"attachment-thumbnail size-thumbnail\" alt=\"\" loading=\"lazy\" \/><\/a>\n\t\t\t<\/dt><\/dl><dl class='gallery-item'>\n\t\t\t<dt class='gallery-icon landscape'>\n\t\t\t\t<a href='https:\/\/cuernavaca.gob.mx\/?attachment_id=54417'><img width=\"150\" height=\"150\" src=\"https:\/\/cuernavaca.gob.mx\/wp-content\/uploads\/2025\/11\/CUERNAVACA-CELEBRA-A-QUIENES-ILUMINAN-SU-HISTORIA-CON-LA-VENERA-2025-22-150x150.jpg\" class=\"attachment-thumbnail size-thumbnail\" alt=\"\" loading=\"lazy\" \/><\/a>\n\t\t\t<\/dt><\/dl><br style=\"clear: both\" \/><dl class='gallery-item'>\n\t\t\t<dt class='gallery-icon landscape'>\n\t\t\t\t<a href='https:\/\/cuernavaca.gob.mx\/?attachment_id=54418'><img width=\"150\" height=\"150\" src=\"https:\/\/cuernavaca.gob.mx\/wp-content\/uploads\/2025\/11\/CUERNAVACA-CELEBRA-A-QUIENES-ILUMINAN-SU-HISTORIA-CON-LA-VENERA-2025-23-150x150.jpg\" class=\"attachment-thumbnail size-thumbnail\" alt=\"\" loading=\"lazy\" \/><\/a>\n\t\t\t<\/dt><\/dl><dl class='gallery-item'>\n\t\t\t<dt class='gallery-icon landscape'>\n\t\t\t\t<a href='https:\/\/cuernavaca.gob.mx\/?attachment_id=54419'><img width=\"150\" height=\"150\" src=\"https:\/\/cuernavaca.gob.mx\/wp-content\/uploads\/2025\/11\/CUERNAVACA-CELEBRA-A-QUIENES-ILUMINAN-SU-HISTORIA-CON-LA-VENERA-2025-24-150x150.jpg\" class=\"attachment-thumbnail size-thumbnail\" alt=\"\" loading=\"lazy\" \/><\/a>\n\t\t\t<\/dt><\/dl>\n\t\t\t<br style='clear: both' \/>\n\t\t<\/div>\n\n","protected":false},"excerpt":{"rendered":"<p>\u2022 En un emotivo acto, el Cabildo de Cuernavaca rindi\u00f3 un homenaje vivo a mujeres y hombres que han contribuido a construir el rostro humano de la capital morelense \u2022 Entre las y los galardonados destacan la gobernadora Margarita Gonz\u00e1lez Saravia, la actriz Elsa Aguirre, el obispo Ram\u00f3n Castro Castro, as\u00ed como formadores, pol\u00edticos, artistas [&hellip;]<\/p>\n","protected":false},"author":1,"featured_media":54418,"comment_status":"closed","ping_status":"open","sticky":false,"template":"","format":"standard","meta":[],"categories":[3047],"tags":[1568,121,120,127,712,2627],"aioseo_notices":[],"_links":{"self":[{"href":"https:\/\/cuernavaca.gob.mx\/index.php?rest_route=\/wp\/v2\/posts\/54384"}],"collection":[{"href":"https:\/\/cuernavaca.gob.mx\/index.php?rest_route=\/wp\/v2\/posts"}],"about":[{"href":"https:\/\/cuernavaca.gob.mx\/index.php?rest_route=\/wp\/v2\/types\/post"}],"author":[{"embeddable":true,"href":"https:\/\/cuernavaca.gob.mx\/index.php?rest_route=\/wp\/v2\/users\/1"}],"replies":[{"embeddable":true,"href":"https:\/\/cuernavaca.gob.mx\/index.php?rest_route=%2Fwp%2Fv2%2Fcomments&post=54384"}],"version-history":[{"count":1,"href":"https:\/\/cuernavaca.gob.mx\/index.php?rest_route=\/wp\/v2\/posts\/54384\/revisions"}],"predecessor-version":[{"id":54420,"href":"https:\/\/cuernavaca.gob.mx\/index.php?rest_route=\/wp\/v2\/posts\/54384\/revisions\/54420"}],"wp:featuredmedia":[{"embeddable":true,"href":"https:\/\/cuernavaca.gob.mx\/index.php?rest_route=\/wp\/v2\/media\/54418"}],"wp:attachment":[{"href":"https:\/\/cuernavaca.gob.mx\/index.php?rest_route=%2Fwp%2Fv2%2Fmedia&parent=54384"}],"wp:term":[{"taxonomy":"category","embeddable":true,"href":"https:\/\/cuernavaca.gob.mx\/index.php?rest_route=%2Fwp%2Fv2%2Fcategories&post=54384"},{"taxonomy":"post_tag","embeddable":true,"href":"https:\/\/cuernavaca.gob.mx\/index.php?rest_route=%2Fwp%2Fv2%2Ftags&post=54384"}],"curies":[{"name":"wp","href":"https:\/\/api.w.org\/{rel}","templated":true}]}}