{"id":54845,"date":"2025-12-05T12:57:16","date_gmt":"2025-12-05T18:57:16","guid":{"rendered":"https:\/\/cuernavaca.gob.mx\/?p=54845"},"modified":"2025-12-05T12:57:16","modified_gmt":"2025-12-05T18:57:16","slug":"b774-05-12-25-cuernavaca-impulsa-la-cultura-con-la-renovacion-de-la-biblioteca-j-felix-frias-sanchez-y-el-torneo-de-ajedrez-reina-de-oro","status":"publish","type":"post","link":"https:\/\/cuernavaca.gob.mx\/?p=54845","title":{"rendered":"B774 05\/12\/25 CUERNAVACA IMPULSA LA CULTURA CON LA RENOVACI\u00d3N DE LA BIBLIOTECA &#8220;J. F\u00c9LIX FR\u00cdAS S\u00c1NCHEZ&#8221; Y EL TORNEO DE AJEDREZ &#8220;REINA DE ORO&#8221;"},"content":{"rendered":"<p><strong>\u2022 El alcalde Jos\u00e9 Luis Uri\u00f3stegui encabez\u00f3 la puesta en marcha del renovado recinto, ahora equipado con nuevas \u00e1reas de lectura, tecnolog\u00eda y espacios comunitarios<\/strong><\/p>\n<p><strong>\u2022 A la par, inicio el Torneo de Ajedrez &#8220;Reina de Oro\u201d, una estrategia municipal para promover el pensamiento cr\u00edtico y el uso positivo de los espacios p\u00fablicos<\/strong><\/p>\n<p>En una jornada marcada por la participaci\u00f3n activa de ni\u00f1as y ni\u00f1os, el presidente municipal de Cuernavaca, Jos\u00e9 Luis Uri\u00f3stegui Salgado, encabez\u00f3 este viernes la puesta en marcha del renovado espacio de la Biblioteca P\u00fablica Municipal &#8220;J. F\u00e9lix Fr\u00edas S\u00e1nchez\u201d, que se convirti\u00f3 en el punto de arranque del Torneo de Ajedrez &#8220;Reina de Oro\u201d y en un referente de c\u00f3mo los espacios p\u00fablicos pueden revitalizarse para fortalecer la convivencia, el aprendizaje y la vida comunitaria.<\/p>\n<p>El recinto, completamente rehabilitado con una inversi\u00f3n de tres millones 996 mil 506.99 pesos, recibi\u00f3 a estudiantes de las escuelas primarias &#8220;Juan N \u00c1lvarez&#8221; y &#8220;Felipe Neri&#8221;, as\u00ed como de la Benem\u00e9rita Escuela Secundaria N\u00ba 1 &#8220;Profr. Froyl\u00e1n Parroqu\u00edn Garc\u00eda&#8221;, con nuevas \u00e1reas de lectura, zonas de investigaci\u00f3n equipadas con computadoras, mobiliario inteligente y espacios para libros donados por la ciudadan\u00eda.<\/p>\n<p>Acompa\u00f1ado por la regidora Erika Lastra Jaimes y la secretaria de Desarrollo Humano y Participaci\u00f3n Social (SDHyPS), Sandra Pinz\u00f3n S\u00e1nchez, el alcalde recorri\u00f3 la biblioteca constatando los avances que permitir\u00e1n ampliarla como un centro din\u00e1mico de actividades culturales, educativas y art\u00edsticas para personas de todas las edades, como es el Torneo de Ajedrez &#8220;Reina de Oro\u201d, promovido directamente por el alcalde y que dio inicio este mismo viernes con actividades programadas hasta el 21 de diciembre.<\/p>\n<p>El torneo de ajedrez forma parte de la estrategia municipal para fortalecer las habilidades intelectuales y el pensamiento cr\u00edtico de ni\u00f1as, ni\u00f1os, j\u00f3venes y adultos, alentando el uso positivo de los espacios p\u00fablicos. La justa se desarrollar\u00e1 en categor\u00edas para expertos, aficionados sub 1600, ELO r\u00e1pido y juvenil, adem\u00e1s de partidas simult\u00e1neas este s\u00e1bado 06 de diciembre con el campe\u00f3n nacional Diego Salga Ramos. En coordinaci\u00f3n con la Casa de Ajedrez, se entregar\u00e1 premiaci\u00f3n a los tres primeros lugares de cada categor\u00eda.<\/p>\n<p>Durante el acto inaugural, Jos\u00e9 Luis Uri\u00f3stegui Salgado invit\u00f3 a las y los ni\u00f1os a aprovechar la nueva biblioteca y a compartirla con sus familias. Resalt\u00f3 que, adem\u00e1s de su valioso acervo literario, el espacio contar\u00e1 con acceso a internet y actividades permanentes que enriquecer\u00e1n su experiencia formativa. Tambi\u00e9n destac\u00f3 la presencia de Fernando F\u00e9lix Fr\u00edas Le\u00f3n y Fernando F\u00e9lix Fr\u00edas Leiva, hijo y nieto de J. F\u00e9lix Fr\u00edas S\u00e1nchez, en honor a quien este espacio lleva su nombre.<\/p>\n<p>La voz de la ni\u00f1ez se hizo presente con el mensaje de Diana Ximena L\u00f3pez Torres, estudiante de la primaria &#8220;Juan N. \u00c1lvarez&#8221;, quien agradeci\u00f3 la remodelaci\u00f3n de la biblioteca y cit\u00f3 a Isaac Asimov al se\u00f1alar que &#8220;una biblioteca es una nave espacial que te llevar\u00e1 a los puntos m\u00e1s lejanos del universo, una m\u00e1quina del tiempo que te llevar\u00e1 al pasado y al futuro\u201d. Dese\u00f3 que este espacio se llene de lectura, de voces y de la voluntad de aprender y transformar el entorno. &#8220;Por el Cuernavaca que las y los ni\u00f1os merecemos\u201d, expres\u00f3.<\/p>\n<p>Como parte del evento, se realiz\u00f3 un festival comunitario en el que diversas dependencias municipales acercaron actividades educativas, recreativas y preventivas, entre ellas m\u00f3dulos sobre el uso responsable del agua, din\u00e1micas de prevenci\u00f3n, clases introductorias y espacios de convivencia que reunieron a familias enteras.<\/p>\n<p>Con estas acciones, el Gobierno Municipal reafirma su compromiso de ampliar las oportunidades de desarrollo intelectual y cultural en Cuernavaca, consolidando espacios p\u00fablicos renovados que fomentan el conocimiento, la inclusi\u00f3n y la convivencia comunitaria.<\/p>\n\n\t\t<style type=\"text\/css\">\n\t\t\t#gallery-1 {\n\t\t\t\tmargin: auto;\n\t\t\t}\n\t\t\t#gallery-1 .gallery-item {\n\t\t\t\tfloat: left;\n\t\t\t\tmargin-top: 10px;\n\t\t\t\ttext-align: center;\n\t\t\t\twidth: 33%;\n\t\t\t}\n\t\t\t#gallery-1 img {\n\t\t\t\tborder: 2px solid #cfcfcf;\n\t\t\t}\n\t\t\t#gallery-1 .gallery-caption {\n\t\t\t\tmargin-left: 0;\n\t\t\t}\n\t\t\t\/* see gallery_shortcode() in wp-includes\/media.php *\/\n\t\t<\/style>\n\t\t<div id='gallery-1' class='gallery galleryid-54845 gallery-columns-3 gallery-size-thumbnail'><dl class='gallery-item'>\n\t\t\t<dt class='gallery-icon landscape'>\n\t\t\t\t<a href='https:\/\/cuernavaca.gob.mx\/?attachment_id=54846'><img width=\"150\" height=\"150\" src=\"https:\/\/cuernavaca.gob.mx\/wp-content\/uploads\/2025\/12\/CUERNAVACA-IMPULSA-LA-CULTURA-CON-LA-RENOVACIO\u0301N-DE-LA-BIBLIOTECA-22J.-FE\u0301LIX-FRI\u0301AS-SA\u0301NCHEZ22-Y-EL-TORNEO-DE-AJEDREZ-22REINA-DE-ORO22-1-150x150.jpg\" class=\"attachment-thumbnail size-thumbnail\" alt=\"\" loading=\"lazy\" \/><\/a>\n\t\t\t<\/dt><\/dl><dl class='gallery-item'>\n\t\t\t<dt class='gallery-icon landscape'>\n\t\t\t\t<a href='https:\/\/cuernavaca.gob.mx\/?attachment_id=54847'><img width=\"150\" height=\"150\" src=\"https:\/\/cuernavaca.gob.mx\/wp-content\/uploads\/2025\/12\/CUERNAVACA-IMPULSA-LA-CULTURA-CON-LA-RENOVACIO\u0301N-DE-LA-BIBLIOTECA-22J.-FE\u0301LIX-FRI\u0301AS-SA\u0301NCHEZ22-Y-EL-TORNEO-DE-AJEDREZ-22REINA-DE-ORO22-2-150x150.jpg\" class=\"attachment-thumbnail size-thumbnail\" alt=\"\" loading=\"lazy\" \/><\/a>\n\t\t\t<\/dt><\/dl><dl class='gallery-item'>\n\t\t\t<dt class='gallery-icon landscape'>\n\t\t\t\t<a href='https:\/\/cuernavaca.gob.mx\/?attachment_id=54848'><img width=\"150\" height=\"150\" src=\"https:\/\/cuernavaca.gob.mx\/wp-content\/uploads\/2025\/12\/CUERNAVACA-IMPULSA-LA-CULTURA-CON-LA-RENOVACIO\u0301N-DE-LA-BIBLIOTECA-22J.-FE\u0301LIX-FRI\u0301AS-SA\u0301NCHEZ22-Y-EL-TORNEO-DE-AJEDREZ-22REINA-DE-ORO22-3-150x150.jpg\" class=\"attachment-thumbnail size-thumbnail\" alt=\"\" loading=\"lazy\" \/><\/a>\n\t\t\t<\/dt><\/dl><br style=\"clear: both\" \/><dl class='gallery-item'>\n\t\t\t<dt class='gallery-icon landscape'>\n\t\t\t\t<a href='https:\/\/cuernavaca.gob.mx\/?attachment_id=54849'><img width=\"150\" height=\"150\" src=\"https:\/\/cuernavaca.gob.mx\/wp-content\/uploads\/2025\/12\/CUERNAVACA-IMPULSA-LA-CULTURA-CON-LA-RENOVACIO\u0301N-DE-LA-BIBLIOTECA-22J.-FE\u0301LIX-FRI\u0301AS-SA\u0301NCHEZ22-Y-EL-TORNEO-DE-AJEDREZ-22REINA-DE-ORO22-4-150x150.jpg\" class=\"attachment-thumbnail size-thumbnail\" alt=\"\" loading=\"lazy\" \/><\/a>\n\t\t\t<\/dt><\/dl><dl class='gallery-item'>\n\t\t\t<dt class='gallery-icon landscape'>\n\t\t\t\t<a href='https:\/\/cuernavaca.gob.mx\/?attachment_id=54850'><img width=\"150\" height=\"150\" src=\"https:\/\/cuernavaca.gob.mx\/wp-content\/uploads\/2025\/12\/CUERNAVACA-IMPULSA-LA-CULTURA-CON-LA-RENOVACIO\u0301N-DE-LA-BIBLIOTECA-22J.-FE\u0301LIX-FRI\u0301AS-SA\u0301NCHEZ22-Y-EL-TORNEO-DE-AJEDREZ-22REINA-DE-ORO22-5-150x150.jpg\" class=\"attachment-thumbnail size-thumbnail\" alt=\"\" loading=\"lazy\" \/><\/a>\n\t\t\t<\/dt><\/dl><dl class='gallery-item'>\n\t\t\t<dt class='gallery-icon landscape'>\n\t\t\t\t<a href='https:\/\/cuernavaca.gob.mx\/?attachment_id=54851'><img width=\"150\" height=\"150\" src=\"https:\/\/cuernavaca.gob.mx\/wp-content\/uploads\/2025\/12\/CUERNAVACA-IMPULSA-LA-CULTURA-CON-LA-RENOVACIO\u0301N-DE-LA-BIBLIOTECA-22J.-FE\u0301LIX-FRI\u0301AS-SA\u0301NCHEZ22-Y-EL-TORNEO-DE-AJEDREZ-22REINA-DE-ORO22-6-150x150.jpg\" class=\"attachment-thumbnail size-thumbnail\" alt=\"\" loading=\"lazy\" \/><\/a>\n\t\t\t<\/dt><\/dl><br style=\"clear: both\" \/><dl class='gallery-item'>\n\t\t\t<dt class='gallery-icon landscape'>\n\t\t\t\t<a href='https:\/\/cuernavaca.gob.mx\/?attachment_id=54852'><img width=\"150\" height=\"150\" src=\"https:\/\/cuernavaca.gob.mx\/wp-content\/uploads\/2025\/12\/CUERNAVACA-IMPULSA-LA-CULTURA-CON-LA-RENOVACIO\u0301N-DE-LA-BIBLIOTECA-22J.-FE\u0301LIX-FRI\u0301AS-SA\u0301NCHEZ22-Y-EL-TORNEO-DE-AJEDREZ-22REINA-DE-ORO22-7-150x150.jpg\" class=\"attachment-thumbnail size-thumbnail\" alt=\"\" loading=\"lazy\" \/><\/a>\n\t\t\t<\/dt><\/dl><dl class='gallery-item'>\n\t\t\t<dt class='gallery-icon landscape'>\n\t\t\t\t<a href='https:\/\/cuernavaca.gob.mx\/?attachment_id=54853'><img width=\"150\" height=\"150\" src=\"https:\/\/cuernavaca.gob.mx\/wp-content\/uploads\/2025\/12\/CUERNAVACA-IMPULSA-LA-CULTURA-CON-LA-RENOVACIO\u0301N-DE-LA-BIBLIOTECA-22J.-FE\u0301LIX-FRI\u0301AS-SA\u0301NCHEZ22-Y-EL-TORNEO-DE-AJEDREZ-22REINA-DE-ORO22-8-150x150.jpg\" class=\"attachment-thumbnail size-thumbnail\" alt=\"\" loading=\"lazy\" \/><\/a>\n\t\t\t<\/dt><\/dl><dl class='gallery-item'>\n\t\t\t<dt class='gallery-icon landscape'>\n\t\t\t\t<a href='https:\/\/cuernavaca.gob.mx\/?attachment_id=54854'><img width=\"150\" height=\"150\" src=\"https:\/\/cuernavaca.gob.mx\/wp-content\/uploads\/2025\/12\/CUERNAVACA-IMPULSA-LA-CULTURA-CON-LA-RENOVACIO\u0301N-DE-LA-BIBLIOTECA-22J.-FE\u0301LIX-FRI\u0301AS-SA\u0301NCHEZ22-Y-EL-TORNEO-DE-AJEDREZ-22REINA-DE-ORO22-9-150x150.jpg\" class=\"attachment-thumbnail size-thumbnail\" alt=\"\" loading=\"lazy\" \/><\/a>\n\t\t\t<\/dt><\/dl><br style=\"clear: both\" \/><dl class='gallery-item'>\n\t\t\t<dt class='gallery-icon landscape'>\n\t\t\t\t<a href='https:\/\/cuernavaca.gob.mx\/?attachment_id=54855'><img width=\"150\" height=\"150\" src=\"https:\/\/cuernavaca.gob.mx\/wp-content\/uploads\/2025\/12\/CUERNAVACA-IMPULSA-LA-CULTURA-CON-LA-RENOVACIO\u0301N-DE-LA-BIBLIOTECA-22J.-FE\u0301LIX-FRI\u0301AS-SA\u0301NCHEZ22-Y-EL-TORNEO-DE-AJEDREZ-22REINA-DE-ORO22-10-150x150.jpg\" class=\"attachment-thumbnail size-thumbnail\" alt=\"\" loading=\"lazy\" \/><\/a>\n\t\t\t<\/dt><\/dl>\n\t\t\t<br style='clear: both' \/>\n\t\t<\/div>\n\n","protected":false},"excerpt":{"rendered":"<p>\u2022 El alcalde Jos\u00e9 Luis Uri\u00f3stegui encabez\u00f3 la puesta en marcha del renovado recinto, ahora equipado con nuevas \u00e1reas de lectura, tecnolog\u00eda y espacios comunitarios \u2022 A la par, inicio el Torneo de Ajedrez &#8220;Reina de Oro\u201d, una estrategia municipal para promover el pensamiento cr\u00edtico y el uso positivo de los espacios p\u00fablicos En una [&hellip;]<\/p>\n","protected":false},"author":1,"featured_media":54849,"comment_status":"closed","ping_status":"open","sticky":false,"template":"","format":"standard","meta":[],"categories":[2414],"tags":[3025,121,4312,4311,120,206,127],"aioseo_notices":[],"_links":{"self":[{"href":"https:\/\/cuernavaca.gob.mx\/index.php?rest_route=\/wp\/v2\/posts\/54845"}],"collection":[{"href":"https:\/\/cuernavaca.gob.mx\/index.php?rest_route=\/wp\/v2\/posts"}],"about":[{"href":"https:\/\/cuernavaca.gob.mx\/index.php?rest_route=\/wp\/v2\/types\/post"}],"author":[{"embeddable":true,"href":"https:\/\/cuernavaca.gob.mx\/index.php?rest_route=\/wp\/v2\/users\/1"}],"replies":[{"embeddable":true,"href":"https:\/\/cuernavaca.gob.mx\/index.php?rest_route=%2Fwp%2Fv2%2Fcomments&post=54845"}],"version-history":[{"count":1,"href":"https:\/\/cuernavaca.gob.mx\/index.php?rest_route=\/wp\/v2\/posts\/54845\/revisions"}],"predecessor-version":[{"id":54856,"href":"https:\/\/cuernavaca.gob.mx\/index.php?rest_route=\/wp\/v2\/posts\/54845\/revisions\/54856"}],"wp:featuredmedia":[{"embeddable":true,"href":"https:\/\/cuernavaca.gob.mx\/index.php?rest_route=\/wp\/v2\/media\/54849"}],"wp:attachment":[{"href":"https:\/\/cuernavaca.gob.mx\/index.php?rest_route=%2Fwp%2Fv2%2Fmedia&parent=54845"}],"wp:term":[{"taxonomy":"category","embeddable":true,"href":"https:\/\/cuernavaca.gob.mx\/index.php?rest_route=%2Fwp%2Fv2%2Fcategories&post=54845"},{"taxonomy":"post_tag","embeddable":true,"href":"https:\/\/cuernavaca.gob.mx\/index.php?rest_route=%2Fwp%2Fv2%2Ftags&post=54845"}],"curies":[{"name":"wp","href":"https:\/\/api.w.org\/{rel}","templated":true}]}}