{"id":54857,"date":"2025-12-05T07:35:36","date_gmt":"2025-12-05T13:35:36","guid":{"rendered":"https:\/\/cuernavaca.gob.mx\/?p=54857"},"modified":"2025-12-05T14:01:11","modified_gmt":"2025-12-05T20:01:11","slug":"b772-05-12-25-cuernavaca-avanza-con-obras-sin-precedente-para-mejorar-el-abasto-de-agua-en-la-administracion-de-jose-luis-uriostegui-salgado","status":"publish","type":"post","link":"https:\/\/cuernavaca.gob.mx\/?p=54857","title":{"rendered":"B772 05\/12\/25 CUERNAVACA AVANZA CON OBRAS SIN PRECEDENTE PARA MEJORAR EL ABASTO DE AGUA EN LA ADMINISTRACI\u00d3N DE JOS\u00c9 LUIS URI\u00d3STEGUI SALGADO"},"content":{"rendered":"<p><strong>* Con una inversi\u00f3n hist\u00f3rica de 220 millones de pesos y la construcci\u00f3n sin precedentes de cinco nuevos tanques elevados, el Ayuntamiento garantiza un abasto sostenible para m\u00e1s de 33 mil personas<\/strong><\/p>\n<p>Durante su primer a\u00f1o de gesti\u00f3n al frente del Ayuntamiento de Cuernavaca en este segundo periodo de gobierno, el alcalde Jos\u00e9 Luis Uri\u00f3stegui Salgado ha consolidado una pol\u00edtica p\u00fablica enfocada en garantizar el acceso equitativo y sostenible del agua potable, impulsando obras de gran impacto social y t\u00e9cnico bajo el Programa de Inversi\u00f3n H\u00eddrica 2025.<\/p>\n<p>Con una visi\u00f3n de largo plazo, la administraci\u00f3n municipal apost\u00f3 por obras que mejoran la eficiencia del suministro y modernizan la infraestructura hidr\u00e1ulica, destinando una inversi\u00f3n m\u00ednima de 220 millones de pesos en materia de agua, de los cuales 71 millones fueron aplicados directamente en este programa estrat\u00e9gico.<\/p>\n<p>A trav\u00e9s de la Secretar\u00eda de Desarrollo Urbano y Obras P\u00fablicas (SDUyOP) en coordinaci\u00f3n con el Sistema de Agua Potable y Alcantarillado de Cuernavaca (SAPAC), se desarrollaron acciones orientadas a optimizar la distribuci\u00f3n, rehabilitar redes y construir nueva infraestructura de almacenamiento, con recursos provenientes del Fondo de Recurso Fiscal 2025, Fondo de Aportaciones para la Infraestructura Social Municipal (FAISMUN), Fondo de Aportaciones Estatales para el Fomento Municipal (FAEFOM) y Obras de Equipamiento e Infraestructura en Municipios (OEIM).<\/p>\n<p>Entre las obras m\u00e1s destacadas se encuentra la construcci\u00f3n de cinco tanques elevados de agua potable en las colonias La Ocotera, Loma Linda, Lagunilla 2, Chipitl\u00e1n y Palmira, que representan una acci\u00f3n sin precedentes en la ciudad y que beneficiar\u00e1n en conjunto a m\u00e1s de 33 mil habitantes, con una inversi\u00f3n de m\u00e1s de 32 millones de pesos. Asimismo, se rehabilitaron tanques de almacenamiento en las colonias Las Granjas y Los Ramos, mejorando el abasto para m\u00e1s de 27 mil personas.<\/p>\n<p>De forma complementaria, se renovaron l\u00edneas de conducci\u00f3n y distribuci\u00f3n en colonias como Flores Mag\u00f3n, Del Empleado, Reforma, Rancho Tetela, Prados de Cuernavaca, Chulavista, Chamilpa, Lomas de Atzingo y Lomas de Ahuatl\u00e1n, adem\u00e1s de obras de drenaje pluvial y sanitario en zonas como Puerta del Sol, Lomas de Cort\u00e9s, Bondies, Delicias, Revoluci\u00f3n y Chapultepec, entre otras.<\/p>\n<p>Con el Programa de Inversi\u00f3n H\u00eddrica 2025, el gobierno encabezado por Jos\u00e9 Luis Uri\u00f3steguiSalgado reafirma su compromiso con el desarrollo sostenible y la mejora continua de los servicios p\u00fablicos, construyendo una Cuernavaca m\u00e1s fuerte, moderna y con visi\u00f3n de futuro. Cuatro a\u00f1os trabajando por la ciudad que merecemos.<\/p>\n\n\t\t<style type=\"text\/css\">\n\t\t\t#gallery-1 {\n\t\t\t\tmargin: auto;\n\t\t\t}\n\t\t\t#gallery-1 .gallery-item {\n\t\t\t\tfloat: left;\n\t\t\t\tmargin-top: 10px;\n\t\t\t\ttext-align: center;\n\t\t\t\twidth: 33%;\n\t\t\t}\n\t\t\t#gallery-1 img {\n\t\t\t\tborder: 2px solid #cfcfcf;\n\t\t\t}\n\t\t\t#gallery-1 .gallery-caption {\n\t\t\t\tmargin-left: 0;\n\t\t\t}\n\t\t\t\/* see gallery_shortcode() in wp-includes\/media.php *\/\n\t\t<\/style>\n\t\t<div id='gallery-1' class='gallery galleryid-54857 gallery-columns-3 gallery-size-thumbnail'><dl class='gallery-item'>\n\t\t\t<dt class='gallery-icon landscape'>\n\t\t\t\t<a href='https:\/\/cuernavaca.gob.mx\/?attachment_id=54858'><img width=\"150\" height=\"150\" src=\"https:\/\/cuernavaca.gob.mx\/wp-content\/uploads\/2025\/12\/CUERNAVACA-AVANZA-CON-OBRAS-SIN-PRECEDENTE-PARA-MEJORAR-EL-ABASTO-DE-AGUA-EN-LA-ADMINISTRACIO\u0301N-DE-JOSE\u0301-LUIS-URIO\u0301STEGUI-SALGADO-1-150x150.jpg\" class=\"attachment-thumbnail size-thumbnail\" alt=\"\" loading=\"lazy\" \/><\/a>\n\t\t\t<\/dt><\/dl><dl class='gallery-item'>\n\t\t\t<dt class='gallery-icon landscape'>\n\t\t\t\t<a href='https:\/\/cuernavaca.gob.mx\/?attachment_id=54859'><img width=\"150\" height=\"150\" src=\"https:\/\/cuernavaca.gob.mx\/wp-content\/uploads\/2025\/12\/CUERNAVACA-AVANZA-CON-OBRAS-SIN-PRECEDENTE-PARA-MEJORAR-EL-ABASTO-DE-AGUA-EN-LA-ADMINISTRACIO\u0301N-DE-JOSE\u0301-LUIS-URIO\u0301STEGUI-SALGADO-2-150x150.jpg\" class=\"attachment-thumbnail size-thumbnail\" alt=\"\" loading=\"lazy\" \/><\/a>\n\t\t\t<\/dt><\/dl><dl class='gallery-item'>\n\t\t\t<dt class='gallery-icon landscape'>\n\t\t\t\t<a href='https:\/\/cuernavaca.gob.mx\/?attachment_id=54860'><img width=\"150\" height=\"150\" src=\"https:\/\/cuernavaca.gob.mx\/wp-content\/uploads\/2025\/12\/CUERNAVACA-AVANZA-CON-OBRAS-SIN-PRECEDENTE-PARA-MEJORAR-EL-ABASTO-DE-AGUA-EN-LA-ADMINISTRACIO\u0301N-DE-JOSE\u0301-LUIS-URIO\u0301STEGUI-SALGADO-3-150x150.jpg\" class=\"attachment-thumbnail size-thumbnail\" alt=\"\" loading=\"lazy\" \/><\/a>\n\t\t\t<\/dt><\/dl><br style=\"clear: both\" \/><dl class='gallery-item'>\n\t\t\t<dt class='gallery-icon landscape'>\n\t\t\t\t<a href='https:\/\/cuernavaca.gob.mx\/?attachment_id=54861'><img width=\"150\" height=\"150\" src=\"https:\/\/cuernavaca.gob.mx\/wp-content\/uploads\/2025\/12\/CUERNAVACA-AVANZA-CON-OBRAS-SIN-PRECEDENTE-PARA-MEJORAR-EL-ABASTO-DE-AGUA-EN-LA-ADMINISTRACIO\u0301N-DE-JOSE\u0301-LUIS-URIO\u0301STEGUI-SALGADO-4-150x150.jpg\" class=\"attachment-thumbnail size-thumbnail\" alt=\"\" loading=\"lazy\" \/><\/a>\n\t\t\t<\/dt><\/dl><dl class='gallery-item'>\n\t\t\t<dt class='gallery-icon landscape'>\n\t\t\t\t<a href='https:\/\/cuernavaca.gob.mx\/?attachment_id=54862'><img width=\"150\" height=\"150\" src=\"https:\/\/cuernavaca.gob.mx\/wp-content\/uploads\/2025\/12\/CUERNAVACA-AVANZA-CON-OBRAS-SIN-PRECEDENTE-PARA-MEJORAR-EL-ABASTO-DE-AGUA-EN-LA-ADMINISTRACIO\u0301N-DE-JOSE\u0301-LUIS-URIO\u0301STEGUI-SALGADO-5-150x150.jpg\" class=\"attachment-thumbnail size-thumbnail\" alt=\"\" loading=\"lazy\" \/><\/a>\n\t\t\t<\/dt><\/dl><dl class='gallery-item'>\n\t\t\t<dt class='gallery-icon landscape'>\n\t\t\t\t<a href='https:\/\/cuernavaca.gob.mx\/?attachment_id=54863'><img width=\"150\" height=\"150\" src=\"https:\/\/cuernavaca.gob.mx\/wp-content\/uploads\/2025\/12\/CUERNAVACA-AVANZA-CON-OBRAS-SIN-PRECEDENTE-PARA-MEJORAR-EL-ABASTO-DE-AGUA-EN-LA-ADMINISTRACIO\u0301N-DE-JOSE\u0301-LUIS-URIO\u0301STEGUI-SALGADO-6-150x150.jpg\" class=\"attachment-thumbnail size-thumbnail\" alt=\"\" loading=\"lazy\" srcset=\"https:\/\/cuernavaca.gob.mx\/wp-content\/uploads\/2025\/12\/CUERNAVACA-AVANZA-CON-OBRAS-SIN-PRECEDENTE-PARA-MEJORAR-EL-ABASTO-DE-AGUA-EN-LA-ADMINISTRACIO\u0301N-DE-JOSE\u0301-LUIS-URIO\u0301STEGUI-SALGADO-6-150x150.jpg 150w, https:\/\/cuernavaca.gob.mx\/wp-content\/uploads\/2025\/12\/CUERNAVACA-AVANZA-CON-OBRAS-SIN-PRECEDENTE-PARA-MEJORAR-EL-ABASTO-DE-AGUA-EN-LA-ADMINISTRACIO\u0301N-DE-JOSE\u0301-LUIS-URIO\u0301STEGUI-SALGADO-6-300x300.jpg 300w, https:\/\/cuernavaca.gob.mx\/wp-content\/uploads\/2025\/12\/CUERNAVACA-AVANZA-CON-OBRAS-SIN-PRECEDENTE-PARA-MEJORAR-EL-ABASTO-DE-AGUA-EN-LA-ADMINISTRACIO\u0301N-DE-JOSE\u0301-LUIS-URIO\u0301STEGUI-SALGADO-6-1024x1024.jpg 1024w, https:\/\/cuernavaca.gob.mx\/wp-content\/uploads\/2025\/12\/CUERNAVACA-AVANZA-CON-OBRAS-SIN-PRECEDENTE-PARA-MEJORAR-EL-ABASTO-DE-AGUA-EN-LA-ADMINISTRACIO\u0301N-DE-JOSE\u0301-LUIS-URIO\u0301STEGUI-SALGADO-6-768x768.jpg 768w, https:\/\/cuernavaca.gob.mx\/wp-content\/uploads\/2025\/12\/CUERNAVACA-AVANZA-CON-OBRAS-SIN-PRECEDENTE-PARA-MEJORAR-EL-ABASTO-DE-AGUA-EN-LA-ADMINISTRACIO\u0301N-DE-JOSE\u0301-LUIS-URIO\u0301STEGUI-SALGADO-6-600x600.jpg 600w, https:\/\/cuernavaca.gob.mx\/wp-content\/uploads\/2025\/12\/CUERNAVACA-AVANZA-CON-OBRAS-SIN-PRECEDENTE-PARA-MEJORAR-EL-ABASTO-DE-AGUA-EN-LA-ADMINISTRACIO\u0301N-DE-JOSE\u0301-LUIS-URIO\u0301STEGUI-SALGADO-6-560x560.jpg 560w, https:\/\/cuernavaca.gob.mx\/wp-content\/uploads\/2025\/12\/CUERNAVACA-AVANZA-CON-OBRAS-SIN-PRECEDENTE-PARA-MEJORAR-EL-ABASTO-DE-AGUA-EN-LA-ADMINISTRACIO\u0301N-DE-JOSE\u0301-LUIS-URIO\u0301STEGUI-SALGADO-6.jpg 1280w\" sizes=\"(max-width: 150px) 100vw, 150px\" \/><\/a>\n\t\t\t<\/dt><\/dl><br style=\"clear: both\" \/><dl class='gallery-item'>\n\t\t\t<dt class='gallery-icon landscape'>\n\t\t\t\t<a href='https:\/\/cuernavaca.gob.mx\/?attachment_id=54864'><img width=\"150\" height=\"150\" src=\"https:\/\/cuernavaca.gob.mx\/wp-content\/uploads\/2025\/12\/CUERNAVACA-AVANZA-CON-OBRAS-SIN-PRECEDENTE-PARA-MEJORAR-EL-ABASTO-DE-AGUA-EN-LA-ADMINISTRACIO\u0301N-DE-JOSE\u0301-LUIS-URIO\u0301STEGUI-SALGADO-7-150x150.jpg\" class=\"attachment-thumbnail size-thumbnail\" alt=\"\" loading=\"lazy\" \/><\/a>\n\t\t\t<\/dt><\/dl>\n\t\t\t<br style='clear: both' \/>\n\t\t<\/div>\n\n","protected":false},"excerpt":{"rendered":"<p>* Con una inversi\u00f3n hist\u00f3rica de 220 millones de pesos y la construcci\u00f3n sin precedentes de cinco nuevos tanques elevados, el Ayuntamiento garantiza un abasto sostenible para m\u00e1s de 33 mil personas Durante su primer a\u00f1o de gesti\u00f3n al frente del Ayuntamiento de Cuernavaca en este segundo periodo de gobierno, el alcalde Jos\u00e9 Luis Uri\u00f3stegui [&hellip;]<\/p>\n","protected":false},"author":1,"featured_media":54860,"comment_status":"closed","ping_status":"open","sticky":false,"template":"","format":"standard","meta":[],"categories":[1],"tags":[615,916,120,2739,356,127,369],"aioseo_notices":[],"_links":{"self":[{"href":"https:\/\/cuernavaca.gob.mx\/index.php?rest_route=\/wp\/v2\/posts\/54857"}],"collection":[{"href":"https:\/\/cuernavaca.gob.mx\/index.php?rest_route=\/wp\/v2\/posts"}],"about":[{"href":"https:\/\/cuernavaca.gob.mx\/index.php?rest_route=\/wp\/v2\/types\/post"}],"author":[{"embeddable":true,"href":"https:\/\/cuernavaca.gob.mx\/index.php?rest_route=\/wp\/v2\/users\/1"}],"replies":[{"embeddable":true,"href":"https:\/\/cuernavaca.gob.mx\/index.php?rest_route=%2Fwp%2Fv2%2Fcomments&post=54857"}],"version-history":[{"count":1,"href":"https:\/\/cuernavaca.gob.mx\/index.php?rest_route=\/wp\/v2\/posts\/54857\/revisions"}],"predecessor-version":[{"id":54865,"href":"https:\/\/cuernavaca.gob.mx\/index.php?rest_route=\/wp\/v2\/posts\/54857\/revisions\/54865"}],"wp:featuredmedia":[{"embeddable":true,"href":"https:\/\/cuernavaca.gob.mx\/index.php?rest_route=\/wp\/v2\/media\/54860"}],"wp:attachment":[{"href":"https:\/\/cuernavaca.gob.mx\/index.php?rest_route=%2Fwp%2Fv2%2Fmedia&parent=54857"}],"wp:term":[{"taxonomy":"category","embeddable":true,"href":"https:\/\/cuernavaca.gob.mx\/index.php?rest_route=%2Fwp%2Fv2%2Fcategories&post=54857"},{"taxonomy":"post_tag","embeddable":true,"href":"https:\/\/cuernavaca.gob.mx\/index.php?rest_route=%2Fwp%2Fv2%2Ftags&post=54857"}],"curies":[{"name":"wp","href":"https:\/\/api.w.org\/{rel}","templated":true}]}}