{"id":54866,"date":"2025-12-05T10:00:38","date_gmt":"2025-12-05T16:00:38","guid":{"rendered":"https:\/\/cuernavaca.gob.mx\/?p=54866"},"modified":"2025-12-05T14:28:52","modified_gmt":"2025-12-05T20:28:52","slug":"b773-05-12-25-cuernavaca-fortalece-la-seguridad-y-la-capacitacion-tecnologica-con-pilotos-de-drones-certificados","status":"publish","type":"post","link":"https:\/\/cuernavaca.gob.mx\/?p=54866","title":{"rendered":"B773 05\/12\/25 CUERNAVACA FORTALECE LA SEGURIDAD Y LA CAPACITACI\u00d3N TECNOL\u00d3GICA CON PILOTOS DE DRONES CERTIFICADOS"},"content":{"rendered":"<p><strong>\u2022 El presidente municipal, Jos\u00e9 Luis Uri\u00f3stegui Salgado, entreg\u00f3 certificados y licencias a elementos de SEPRAC que refrendaron su acreditaci\u00f3n como pilotos de drones por la AFAC<\/strong><\/p>\n<p><strong>\u2022 Las y los polic\u00edas capacitaron a j\u00f3venes y p\u00fablico en general sobre el manejo de esta tecnolog\u00eda de vanguardia, incluso para temas de prevenci\u00f3n y seguridad<\/strong><\/p>\n<p>Como parte del fortalecimiento tecnol\u00f3gico y operativo de la seguridad en Cuernavaca, el presidente municipal Jos\u00e9 Luis Uri\u00f3stegui Salgado encabez\u00f3 este jueves la entrega de certificados y licencias a elementos de la Secretar\u00eda de Protecci\u00f3n y Auxilio Ciudadano (SEPRAC), quienes refrendaron su acreditaci\u00f3n como pilotos de drones otorgada por la Agencia Federal de Aviaci\u00f3n Civil (AFAC), perteneciente a la Secretar\u00eda de Infraestructura, Comunicaciones y Transportes (SICT) de M\u00e9xico. Esta certificaci\u00f3n respalda su labor en tareas de inteligencia policial, prevenci\u00f3n, investigaci\u00f3n y persecuci\u00f3n de delitos.<\/p>\n<p>La entrega se realiz\u00f3 durante el curso \u201cManejo de Drones: Aprende a volar con nosotros\u201d, impulsado por el Instituto de la Juventud y la SEPRAC, donde j\u00f3venes de secundaria, preparatoria y p\u00fablico en general tuvieron contacto directo con estas tecnolog\u00edas, aprendiendo de manera guiada sobre su operaci\u00f3n segura y las responsabilidades que su uso conlleva. Adem\u00e1s, se les mostr\u00f3 c\u00f3mo estas herramientas pueden representar nuevas oportunidades profesionales.<\/p>\n<p>El alcalde, acompa\u00f1ado del director del Instituto de la Juventud, Arturo S\u00e1nchez Mart\u00ednez, expres\u00f3 su satisfacci\u00f3n por la alta participaci\u00f3n en este ejercicio formativo, se\u00f1alando que la tecnolog\u00eda debe estar disponible para todas las personas, siempre acompa\u00f1ada de un uso responsable. Subray\u00f3 que el acceso a estas herramientas permite generar oportunidades laborales y avanzar hacia mejores condiciones de bienestar para las familias.<\/p>\n<p>Tambi\u00e9n reconoci\u00f3 el compromiso de las y los pilotos certificados de SEPRAC, quienes, tras al menos tres a\u00f1os utilizando estos equipos, han tenido que cumplir con procesos de actualizaci\u00f3n, certificaci\u00f3n, cursos y ex\u00e1menes para refrendar sus licencias en el manejo de drones, los cuales se han convertido en instrumentos clave para la prevenci\u00f3n y seguridad en la capital morelense.<\/p>\n<p>Con estas acciones, el Ayuntamiento de Cuernavaca reafirma su compromiso con el desarrollo tecnol\u00f3gico, la capacitaci\u00f3n continua de sus cuerpos de seguridad y la apertura de espacios formativos para la juventud y poblaci\u00f3n en general, fortaleciendo as\u00ed una estrategia integral que impulsa la prevenci\u00f3n, la profesionalizaci\u00f3n y la construcci\u00f3n de una ciudad m\u00e1s segura y preparada para los retos actuales.<\/p>\n\n\t\t<style type=\"text\/css\">\n\t\t\t#gallery-1 {\n\t\t\t\tmargin: auto;\n\t\t\t}\n\t\t\t#gallery-1 .gallery-item {\n\t\t\t\tfloat: left;\n\t\t\t\tmargin-top: 10px;\n\t\t\t\ttext-align: center;\n\t\t\t\twidth: 33%;\n\t\t\t}\n\t\t\t#gallery-1 img {\n\t\t\t\tborder: 2px solid #cfcfcf;\n\t\t\t}\n\t\t\t#gallery-1 .gallery-caption {\n\t\t\t\tmargin-left: 0;\n\t\t\t}\n\t\t\t\/* see gallery_shortcode() in wp-includes\/media.php *\/\n\t\t<\/style>\n\t\t<div id='gallery-1' class='gallery galleryid-54866 gallery-columns-3 gallery-size-thumbnail'><dl class='gallery-item'>\n\t\t\t<dt class='gallery-icon landscape'>\n\t\t\t\t<a href='https:\/\/cuernavaca.gob.mx\/?attachment_id=54867'><img width=\"150\" height=\"150\" src=\"https:\/\/cuernavaca.gob.mx\/wp-content\/uploads\/2025\/12\/CUERNAVACA-FORTALECE-LA-SEGURIDAD-Y-LA-CAPACITACIO\u0301N-TECNOLO\u0301GICA-CON-PILOTOS-DE-DRONES-CERTIFICADOS-1-150x150.jpg\" class=\"attachment-thumbnail size-thumbnail\" alt=\"\" loading=\"lazy\" \/><\/a>\n\t\t\t<\/dt><\/dl><dl class='gallery-item'>\n\t\t\t<dt class='gallery-icon landscape'>\n\t\t\t\t<a href='https:\/\/cuernavaca.gob.mx\/?attachment_id=54868'><img width=\"150\" height=\"150\" src=\"https:\/\/cuernavaca.gob.mx\/wp-content\/uploads\/2025\/12\/CUERNAVACA-FORTALECE-LA-SEGURIDAD-Y-LA-CAPACITACIO\u0301N-TECNOLO\u0301GICA-CON-PILOTOS-DE-DRONES-CERTIFICADOS-2-150x150.jpg\" class=\"attachment-thumbnail size-thumbnail\" alt=\"\" loading=\"lazy\" \/><\/a>\n\t\t\t<\/dt><\/dl><dl class='gallery-item'>\n\t\t\t<dt class='gallery-icon landscape'>\n\t\t\t\t<a href='https:\/\/cuernavaca.gob.mx\/?attachment_id=54869'><img width=\"150\" height=\"150\" src=\"https:\/\/cuernavaca.gob.mx\/wp-content\/uploads\/2025\/12\/CUERNAVACA-FORTALECE-LA-SEGURIDAD-Y-LA-CAPACITACIO\u0301N-TECNOLO\u0301GICA-CON-PILOTOS-DE-DRONES-CERTIFICADOS-3-150x150.jpg\" class=\"attachment-thumbnail size-thumbnail\" alt=\"\" loading=\"lazy\" \/><\/a>\n\t\t\t<\/dt><\/dl><br style=\"clear: both\" \/><dl class='gallery-item'>\n\t\t\t<dt class='gallery-icon landscape'>\n\t\t\t\t<a href='https:\/\/cuernavaca.gob.mx\/?attachment_id=54870'><img width=\"150\" height=\"150\" src=\"https:\/\/cuernavaca.gob.mx\/wp-content\/uploads\/2025\/12\/CUERNAVACA-FORTALECE-LA-SEGURIDAD-Y-LA-CAPACITACIO\u0301N-TECNOLO\u0301GICA-CON-PILOTOS-DE-DRONES-CERTIFICADOS-4-150x150.jpg\" class=\"attachment-thumbnail size-thumbnail\" alt=\"\" loading=\"lazy\" \/><\/a>\n\t\t\t<\/dt><\/dl><dl class='gallery-item'>\n\t\t\t<dt class='gallery-icon landscape'>\n\t\t\t\t<a href='https:\/\/cuernavaca.gob.mx\/?attachment_id=54871'><img width=\"150\" height=\"150\" src=\"https:\/\/cuernavaca.gob.mx\/wp-content\/uploads\/2025\/12\/CUERNAVACA-FORTALECE-LA-SEGURIDAD-Y-LA-CAPACITACIO\u0301N-TECNOLO\u0301GICA-CON-PILOTOS-DE-DRONES-CERTIFICADOS-5-150x150.jpg\" class=\"attachment-thumbnail size-thumbnail\" alt=\"\" loading=\"lazy\" \/><\/a>\n\t\t\t<\/dt><\/dl><dl class='gallery-item'>\n\t\t\t<dt class='gallery-icon landscape'>\n\t\t\t\t<a href='https:\/\/cuernavaca.gob.mx\/?attachment_id=54872'><img width=\"150\" height=\"150\" src=\"https:\/\/cuernavaca.gob.mx\/wp-content\/uploads\/2025\/12\/CUERNAVACA-FORTALECE-LA-SEGURIDAD-Y-LA-CAPACITACIO\u0301N-TECNOLO\u0301GICA-CON-PILOTOS-DE-DRONES-CERTIFICADOS-6-150x150.jpg\" class=\"attachment-thumbnail size-thumbnail\" alt=\"\" loading=\"lazy\" \/><\/a>\n\t\t\t<\/dt><\/dl><br style=\"clear: both\" \/><dl class='gallery-item'>\n\t\t\t<dt class='gallery-icon landscape'>\n\t\t\t\t<a href='https:\/\/cuernavaca.gob.mx\/?attachment_id=54873'><img width=\"150\" height=\"150\" src=\"https:\/\/cuernavaca.gob.mx\/wp-content\/uploads\/2025\/12\/CUERNAVACA-FORTALECE-LA-SEGURIDAD-Y-LA-CAPACITACIO\u0301N-TECNOLO\u0301GICA-CON-PILOTOS-DE-DRONES-CERTIFICADOS-7-150x150.jpg\" class=\"attachment-thumbnail size-thumbnail\" alt=\"\" loading=\"lazy\" \/><\/a>\n\t\t\t<\/dt><\/dl>\n\t\t\t<br style='clear: both' \/>\n\t\t<\/div>\n\n","protected":false},"excerpt":{"rendered":"<p>\u2022 El presidente municipal, Jos\u00e9 Luis Uri\u00f3stegui Salgado, entreg\u00f3 certificados y licencias a elementos de SEPRAC que refrendaron su acreditaci\u00f3n como pilotos de drones por la AFAC \u2022 Las y los polic\u00edas capacitaron a j\u00f3venes y p\u00fablico en general sobre el manejo de esta tecnolog\u00eda de vanguardia, incluso para temas de prevenci\u00f3n y seguridad Como [&hellip;]<\/p>\n","protected":false},"author":1,"featured_media":54870,"comment_status":"closed","ping_status":"open","sticky":false,"template":"","format":"standard","meta":[],"categories":[1],"tags":[121,1743,120,4313,127,414,125],"aioseo_notices":[],"_links":{"self":[{"href":"https:\/\/cuernavaca.gob.mx\/index.php?rest_route=\/wp\/v2\/posts\/54866"}],"collection":[{"href":"https:\/\/cuernavaca.gob.mx\/index.php?rest_route=\/wp\/v2\/posts"}],"about":[{"href":"https:\/\/cuernavaca.gob.mx\/index.php?rest_route=\/wp\/v2\/types\/post"}],"author":[{"embeddable":true,"href":"https:\/\/cuernavaca.gob.mx\/index.php?rest_route=\/wp\/v2\/users\/1"}],"replies":[{"embeddable":true,"href":"https:\/\/cuernavaca.gob.mx\/index.php?rest_route=%2Fwp%2Fv2%2Fcomments&post=54866"}],"version-history":[{"count":1,"href":"https:\/\/cuernavaca.gob.mx\/index.php?rest_route=\/wp\/v2\/posts\/54866\/revisions"}],"predecessor-version":[{"id":54874,"href":"https:\/\/cuernavaca.gob.mx\/index.php?rest_route=\/wp\/v2\/posts\/54866\/revisions\/54874"}],"wp:featuredmedia":[{"embeddable":true,"href":"https:\/\/cuernavaca.gob.mx\/index.php?rest_route=\/wp\/v2\/media\/54870"}],"wp:attachment":[{"href":"https:\/\/cuernavaca.gob.mx\/index.php?rest_route=%2Fwp%2Fv2%2Fmedia&parent=54866"}],"wp:term":[{"taxonomy":"category","embeddable":true,"href":"https:\/\/cuernavaca.gob.mx\/index.php?rest_route=%2Fwp%2Fv2%2Fcategories&post=54866"},{"taxonomy":"post_tag","embeddable":true,"href":"https:\/\/cuernavaca.gob.mx\/index.php?rest_route=%2Fwp%2Fv2%2Ftags&post=54866"}],"curies":[{"name":"wp","href":"https:\/\/api.w.org\/{rel}","templated":true}]}}