{"id":54939,"date":"2025-12-07T11:00:25","date_gmt":"2025-12-07T17:00:25","guid":{"rendered":"https:\/\/cuernavaca.gob.mx\/?p=54939"},"modified":"2025-12-07T13:24:53","modified_gmt":"2025-12-07T19:24:53","slug":"b780-07-12-25-dif-cuernavaca-fortalece-acciones-integrales-para-el-bienestar-de-las-familias-y-grupos-vulnerables-durante-el-primer-ano-de-la-segunda-gestion-de-jose-luis-uriostegui","status":"publish","type":"post","link":"https:\/\/cuernavaca.gob.mx\/?p=54939","title":{"rendered":"B780 07\/12\/25 DIF CUERNAVACA FORTALECE ACCIONES INTEGRALES PARA EL BIENESTAR DE LAS FAMILIAS Y GRUPOS VULNERABLES DURANTE EL PRIMER A\u00d1O DE LA SEGUNDA GESTI\u00d3N DE JOS\u00c9 LUIS URI\u00d3STEGUI"},"content":{"rendered":"<p><strong>* Gracias al trabajo coordinado, se fortalecieron la inclusi\u00f3n, la movilidad y el bienestar de las familias en situaci\u00f3n de vulnerabilidad en todo el municipio<\/strong><\/p>\n<p>Durante su primer a\u00f1o al frente del DIF Cuernavaca en este segundo periodo de gobierno, la presidenta Luz Mar\u00eda Zagal Guzm\u00e1n, junto con su esposo, el alcalde Jos\u00e9 Luis Uri\u00f3stegui Salgado, han consolidado una estrategia integral de atenci\u00f3n social que permiti\u00f3 otorgar m\u00e1s de 26 mil servicios m\u00e9dicos, asistenciales y comunitarios. Gracias a este trabajo coordinado, se fortalecieron la inclusi\u00f3n, la movilidad y el bienestar de las familias en situaci\u00f3n de vulnerabilidad en todo el municipio.<\/p>\n<p>Como parte del compromiso con la inclusi\u00f3n y la movilidad, se entregaron 426 aparatos auditivos a ni\u00f1as, ni\u00f1os, adolescentes y adultos, as\u00ed como 334 ayudas funcionales y t\u00e9cnicas, entre ellas sillas de ruedas, andaderas, bastones, muletas, lentes graduados y apoyos de gratuidad, dirigidos a personas con discapacidad y poblaci\u00f3n en condici\u00f3n vulnerable.<\/p>\n<p>A trav\u00e9s del modelo itinerante de Jornadas de Salud, y con el apoyo de tres Unidades M\u00e9dicas M\u00f3viles rehabilitadas con una inversi\u00f3n de 680 mil pesos, se brindaron m\u00e1s de 17 mil servicios m\u00e9dicos y asistenciales, que incluyeron consulta general, atenci\u00f3n odontol\u00f3gica, asesor\u00eda nutricional, canalizaci\u00f3n psicol\u00f3gica y vacunaci\u00f3n, incluyendo la antirr\u00e1bica para mascotas.<\/p>\n<p>Con el programa &#8220;Cuernavaca en tu Colonia\u201d, se realizaron tres jornadas en distintas colonias, acercando servicios m\u00e9dicos, de rehabilitaci\u00f3n, Registro Civil, atenci\u00f3n veterinaria, descuentos en agua potable, retiro de desechos y orientaci\u00f3n social. En su primer a\u00f1o se otorgaron m\u00e1s de mil 200 servicios a familias de Patios de la Estaci\u00f3n, Flores Mag\u00f3n y pr\u00f3ximamente Universo.<\/p>\n<p>Se llev\u00f3 a cabo con \u00e9xito la segunda edici\u00f3n de la subasta &#8220;Uniendo Corazones\u201d, con la participaci\u00f3n de artistas locales, nacionales e internacionales. La prestigiada Casa Morton Subastas condujo la puja de 186 obras intervenidas, logrando una recaudaci\u00f3n superior a un mill\u00f3n de pesos, destinados a la adquisici\u00f3n de aparatos auditivos, sillas de ruedas, bastones, andaderas y lentes graduados.<\/p>\n<p>La UBR otorg\u00f3 siete mil 513 servicios a personas con discapacidad temporal o permanente, mediante terapias especializadas, consultas de rehabilitaci\u00f3n, terapia de lenguaje e hidroterapia. En coordinaci\u00f3n con el Instituto del Deporte, tambi\u00e9n se impartieron clases de aquazumba para promover el bienestar f\u00edsico y emocional.<\/p>\n<p>A trav\u00e9s de la Procuradur\u00eda Municipal de Protecci\u00f3n se brindaron 785 servicios legales y de acompa\u00f1amiento, adem\u00e1s de 748 acciones de mediaci\u00f3n, cultura de paz y justicia restaurativa. Asimismo, se impartieron cinco mil 420 servicios socioeducativos mediante talleres y capacitaciones dirigidos a ni\u00f1as, ni\u00f1os, adolescentes, madres, padres y docentes.<\/p>\n<p>Con el prop\u00f3sito de fomentar la participaci\u00f3n ciudadana temprana, se realiz\u00f3 el primer Cabildo Infantil 2025, donde ni\u00f1as, ni\u00f1os y adolescentes presentaron propuestas sobre valores, entornos seguros e inclusi\u00f3n, incluyendo intervenciones en lenguas ind\u00edgenas.<\/p>\n<p>Se implement\u00f3 una herramienta tecnol\u00f3gica orientada a la protecci\u00f3n de personas adultas mayores con enfermedades seniles o en situaci\u00f3n de desorientaci\u00f3n, mediante pulseras con c\u00f3digos QR vinculadas a una plataforma desarrollada localmente. El sistema integra registros hist\u00f3ricos, perfiles personalizados y una estructura escalable.<\/p>\n<p>El DIF Cuernavaca celebr\u00f3 a las madres cuernavacenses con una clase magistral de zumba en la ciclopista Juan Pablo II, reuniendo a m\u00e1s de 300 asistentes, quienes adem\u00e1s participaron en la rifa de cinco motonetas el\u00e9ctricas.<\/p>\n<p>Este a\u00f1o, el DIF Cuernavaca y el Ayuntamiento reafirmaron su compromiso con una atenci\u00f3n humana, eficiente y transparente. Cada programa, jornada y servicio realizado refleja una pol\u00edtica p\u00fablica cercana a la ciudadan\u00eda, orientada a fortalecer el tejido social y a mejorar las condiciones de vida de quienes m\u00e1s lo necesitan. Cuatro a\u00f1os trabajando por la ciudad que merecemos.<\/p>\n\n\t\t<style type=\"text\/css\">\n\t\t\t#gallery-1 {\n\t\t\t\tmargin: auto;\n\t\t\t}\n\t\t\t#gallery-1 .gallery-item {\n\t\t\t\tfloat: left;\n\t\t\t\tmargin-top: 10px;\n\t\t\t\ttext-align: center;\n\t\t\t\twidth: 33%;\n\t\t\t}\n\t\t\t#gallery-1 img {\n\t\t\t\tborder: 2px solid #cfcfcf;\n\t\t\t}\n\t\t\t#gallery-1 .gallery-caption {\n\t\t\t\tmargin-left: 0;\n\t\t\t}\n\t\t\t\/* see gallery_shortcode() in wp-includes\/media.php *\/\n\t\t<\/style>\n\t\t<div id='gallery-1' class='gallery galleryid-54939 gallery-columns-3 gallery-size-thumbnail'><dl class='gallery-item'>\n\t\t\t<dt class='gallery-icon landscape'>\n\t\t\t\t<a href='https:\/\/cuernavaca.gob.mx\/?attachment_id=54940'><img width=\"150\" height=\"150\" src=\"https:\/\/cuernavaca.gob.mx\/wp-content\/uploads\/2025\/12\/DIF-CUERNAVACA-FORTALECE-ACCIONES-INTEGRALES-PARA-EL-BIENESTAR-DE-LAS-FAMILIAS-Y-GRUPOS-VULNERABLES-DURANTE-EL-PRIMER-AN\u0303O-DE-LA-SEGUNDA-GESTIO\u0301N-DE-JOSE\u0301-LUIS-URIO\u0301STEGUI-150x150.jpg\" class=\"attachment-thumbnail size-thumbnail\" alt=\"\" loading=\"lazy\" srcset=\"https:\/\/cuernavaca.gob.mx\/wp-content\/uploads\/2025\/12\/DIF-CUERNAVACA-FORTALECE-ACCIONES-INTEGRALES-PARA-EL-BIENESTAR-DE-LAS-FAMILIAS-Y-GRUPOS-VULNERABLES-DURANTE-EL-PRIMER-AN\u0303O-DE-LA-SEGUNDA-GESTIO\u0301N-DE-JOSE\u0301-LUIS-URIO\u0301STEGUI-150x150.jpg 150w, https:\/\/cuernavaca.gob.mx\/wp-content\/uploads\/2025\/12\/DIF-CUERNAVACA-FORTALECE-ACCIONES-INTEGRALES-PARA-EL-BIENESTAR-DE-LAS-FAMILIAS-Y-GRUPOS-VULNERABLES-DURANTE-EL-PRIMER-AN\u0303O-DE-LA-SEGUNDA-GESTIO\u0301N-DE-JOSE\u0301-LUIS-URIO\u0301STEGUI-300x300.jpg 300w, https:\/\/cuernavaca.gob.mx\/wp-content\/uploads\/2025\/12\/DIF-CUERNAVACA-FORTALECE-ACCIONES-INTEGRALES-PARA-EL-BIENESTAR-DE-LAS-FAMILIAS-Y-GRUPOS-VULNERABLES-DURANTE-EL-PRIMER-AN\u0303O-DE-LA-SEGUNDA-GESTIO\u0301N-DE-JOSE\u0301-LUIS-URIO\u0301STEGUI-1024x1024.jpg 1024w, https:\/\/cuernavaca.gob.mx\/wp-content\/uploads\/2025\/12\/DIF-CUERNAVACA-FORTALECE-ACCIONES-INTEGRALES-PARA-EL-BIENESTAR-DE-LAS-FAMILIAS-Y-GRUPOS-VULNERABLES-DURANTE-EL-PRIMER-AN\u0303O-DE-LA-SEGUNDA-GESTIO\u0301N-DE-JOSE\u0301-LUIS-URIO\u0301STEGUI-768x768.jpg 768w, https:\/\/cuernavaca.gob.mx\/wp-content\/uploads\/2025\/12\/DIF-CUERNAVACA-FORTALECE-ACCIONES-INTEGRALES-PARA-EL-BIENESTAR-DE-LAS-FAMILIAS-Y-GRUPOS-VULNERABLES-DURANTE-EL-PRIMER-AN\u0303O-DE-LA-SEGUNDA-GESTIO\u0301N-DE-JOSE\u0301-LUIS-URIO\u0301STEGUI-600x600.jpg 600w, https:\/\/cuernavaca.gob.mx\/wp-content\/uploads\/2025\/12\/DIF-CUERNAVACA-FORTALECE-ACCIONES-INTEGRALES-PARA-EL-BIENESTAR-DE-LAS-FAMILIAS-Y-GRUPOS-VULNERABLES-DURANTE-EL-PRIMER-AN\u0303O-DE-LA-SEGUNDA-GESTIO\u0301N-DE-JOSE\u0301-LUIS-URIO\u0301STEGUI-560x560.jpg 560w, https:\/\/cuernavaca.gob.mx\/wp-content\/uploads\/2025\/12\/DIF-CUERNAVACA-FORTALECE-ACCIONES-INTEGRALES-PARA-EL-BIENESTAR-DE-LAS-FAMILIAS-Y-GRUPOS-VULNERABLES-DURANTE-EL-PRIMER-AN\u0303O-DE-LA-SEGUNDA-GESTIO\u0301N-DE-JOSE\u0301-LUIS-URIO\u0301STEGUI.jpg 1280w\" sizes=\"(max-width: 150px) 100vw, 150px\" \/><\/a>\n\t\t\t<\/dt><\/dl><dl class='gallery-item'>\n\t\t\t<dt class='gallery-icon landscape'>\n\t\t\t\t<a href='https:\/\/cuernavaca.gob.mx\/?attachment_id=54941'><img width=\"150\" height=\"150\" src=\"https:\/\/cuernavaca.gob.mx\/wp-content\/uploads\/2025\/12\/DIF-CUERNAVACA-FORTALECE-ACCIONES-INTEGRALES-PARA-EL-BIENESTAR-DE-LAS-FAMILIAS-Y-GRUPOS-VULNERABLES-DURANTE-EL-PRIMER-AN\u0303O-DE-LA-SEGUNDA-GESTIO\u0301N-DE-JOSE\u0301-LUIS-URIO\u0301STEGUI-2-150x150.jpg\" class=\"attachment-thumbnail size-thumbnail\" alt=\"\" loading=\"lazy\" srcset=\"https:\/\/cuernavaca.gob.mx\/wp-content\/uploads\/2025\/12\/DIF-CUERNAVACA-FORTALECE-ACCIONES-INTEGRALES-PARA-EL-BIENESTAR-DE-LAS-FAMILIAS-Y-GRUPOS-VULNERABLES-DURANTE-EL-PRIMER-AN\u0303O-DE-LA-SEGUNDA-GESTIO\u0301N-DE-JOSE\u0301-LUIS-URIO\u0301STEGUI-2-150x150.jpg 150w, https:\/\/cuernavaca.gob.mx\/wp-content\/uploads\/2025\/12\/DIF-CUERNAVACA-FORTALECE-ACCIONES-INTEGRALES-PARA-EL-BIENESTAR-DE-LAS-FAMILIAS-Y-GRUPOS-VULNERABLES-DURANTE-EL-PRIMER-AN\u0303O-DE-LA-SEGUNDA-GESTIO\u0301N-DE-JOSE\u0301-LUIS-URIO\u0301STEGUI-2-300x300.jpg 300w, https:\/\/cuernavaca.gob.mx\/wp-content\/uploads\/2025\/12\/DIF-CUERNAVACA-FORTALECE-ACCIONES-INTEGRALES-PARA-EL-BIENESTAR-DE-LAS-FAMILIAS-Y-GRUPOS-VULNERABLES-DURANTE-EL-PRIMER-AN\u0303O-DE-LA-SEGUNDA-GESTIO\u0301N-DE-JOSE\u0301-LUIS-URIO\u0301STEGUI-2-1024x1024.jpg 1024w, https:\/\/cuernavaca.gob.mx\/wp-content\/uploads\/2025\/12\/DIF-CUERNAVACA-FORTALECE-ACCIONES-INTEGRALES-PARA-EL-BIENESTAR-DE-LAS-FAMILIAS-Y-GRUPOS-VULNERABLES-DURANTE-EL-PRIMER-AN\u0303O-DE-LA-SEGUNDA-GESTIO\u0301N-DE-JOSE\u0301-LUIS-URIO\u0301STEGUI-2-768x768.jpg 768w, https:\/\/cuernavaca.gob.mx\/wp-content\/uploads\/2025\/12\/DIF-CUERNAVACA-FORTALECE-ACCIONES-INTEGRALES-PARA-EL-BIENESTAR-DE-LAS-FAMILIAS-Y-GRUPOS-VULNERABLES-DURANTE-EL-PRIMER-AN\u0303O-DE-LA-SEGUNDA-GESTIO\u0301N-DE-JOSE\u0301-LUIS-URIO\u0301STEGUI-2-600x600.jpg 600w, https:\/\/cuernavaca.gob.mx\/wp-content\/uploads\/2025\/12\/DIF-CUERNAVACA-FORTALECE-ACCIONES-INTEGRALES-PARA-EL-BIENESTAR-DE-LAS-FAMILIAS-Y-GRUPOS-VULNERABLES-DURANTE-EL-PRIMER-AN\u0303O-DE-LA-SEGUNDA-GESTIO\u0301N-DE-JOSE\u0301-LUIS-URIO\u0301STEGUI-2-560x560.jpg 560w, https:\/\/cuernavaca.gob.mx\/wp-content\/uploads\/2025\/12\/DIF-CUERNAVACA-FORTALECE-ACCIONES-INTEGRALES-PARA-EL-BIENESTAR-DE-LAS-FAMILIAS-Y-GRUPOS-VULNERABLES-DURANTE-EL-PRIMER-AN\u0303O-DE-LA-SEGUNDA-GESTIO\u0301N-DE-JOSE\u0301-LUIS-URIO\u0301STEGUI-2.jpg 1280w\" sizes=\"(max-width: 150px) 100vw, 150px\" \/><\/a>\n\t\t\t<\/dt><\/dl><dl class='gallery-item'>\n\t\t\t<dt class='gallery-icon landscape'>\n\t\t\t\t<a href='https:\/\/cuernavaca.gob.mx\/?attachment_id=54942'><img width=\"150\" height=\"150\" src=\"https:\/\/cuernavaca.gob.mx\/wp-content\/uploads\/2025\/12\/DIF-CUERNAVACA-FORTALECE-ACCIONES-INTEGRALES-PARA-EL-BIENESTAR-DE-LAS-FAMILIAS-Y-GRUPOS-VULNERABLES-DURANTE-EL-PRIMER-AN\u0303O-DE-LA-SEGUNDA-GESTIO\u0301N-DE-JOSE\u0301-LUIS-URIO\u0301STEGUI-3-150x150.jpg\" class=\"attachment-thumbnail size-thumbnail\" alt=\"\" loading=\"lazy\" srcset=\"https:\/\/cuernavaca.gob.mx\/wp-content\/uploads\/2025\/12\/DIF-CUERNAVACA-FORTALECE-ACCIONES-INTEGRALES-PARA-EL-BIENESTAR-DE-LAS-FAMILIAS-Y-GRUPOS-VULNERABLES-DURANTE-EL-PRIMER-AN\u0303O-DE-LA-SEGUNDA-GESTIO\u0301N-DE-JOSE\u0301-LUIS-URIO\u0301STEGUI-3-150x150.jpg 150w, https:\/\/cuernavaca.gob.mx\/wp-content\/uploads\/2025\/12\/DIF-CUERNAVACA-FORTALECE-ACCIONES-INTEGRALES-PARA-EL-BIENESTAR-DE-LAS-FAMILIAS-Y-GRUPOS-VULNERABLES-DURANTE-EL-PRIMER-AN\u0303O-DE-LA-SEGUNDA-GESTIO\u0301N-DE-JOSE\u0301-LUIS-URIO\u0301STEGUI-3-300x300.jpg 300w, https:\/\/cuernavaca.gob.mx\/wp-content\/uploads\/2025\/12\/DIF-CUERNAVACA-FORTALECE-ACCIONES-INTEGRALES-PARA-EL-BIENESTAR-DE-LAS-FAMILIAS-Y-GRUPOS-VULNERABLES-DURANTE-EL-PRIMER-AN\u0303O-DE-LA-SEGUNDA-GESTIO\u0301N-DE-JOSE\u0301-LUIS-URIO\u0301STEGUI-3-1024x1024.jpg 1024w, https:\/\/cuernavaca.gob.mx\/wp-content\/uploads\/2025\/12\/DIF-CUERNAVACA-FORTALECE-ACCIONES-INTEGRALES-PARA-EL-BIENESTAR-DE-LAS-FAMILIAS-Y-GRUPOS-VULNERABLES-DURANTE-EL-PRIMER-AN\u0303O-DE-LA-SEGUNDA-GESTIO\u0301N-DE-JOSE\u0301-LUIS-URIO\u0301STEGUI-3-768x768.jpg 768w, https:\/\/cuernavaca.gob.mx\/wp-content\/uploads\/2025\/12\/DIF-CUERNAVACA-FORTALECE-ACCIONES-INTEGRALES-PARA-EL-BIENESTAR-DE-LAS-FAMILIAS-Y-GRUPOS-VULNERABLES-DURANTE-EL-PRIMER-AN\u0303O-DE-LA-SEGUNDA-GESTIO\u0301N-DE-JOSE\u0301-LUIS-URIO\u0301STEGUI-3-600x600.jpg 600w, https:\/\/cuernavaca.gob.mx\/wp-content\/uploads\/2025\/12\/DIF-CUERNAVACA-FORTALECE-ACCIONES-INTEGRALES-PARA-EL-BIENESTAR-DE-LAS-FAMILIAS-Y-GRUPOS-VULNERABLES-DURANTE-EL-PRIMER-AN\u0303O-DE-LA-SEGUNDA-GESTIO\u0301N-DE-JOSE\u0301-LUIS-URIO\u0301STEGUI-3-560x560.jpg 560w, https:\/\/cuernavaca.gob.mx\/wp-content\/uploads\/2025\/12\/DIF-CUERNAVACA-FORTALECE-ACCIONES-INTEGRALES-PARA-EL-BIENESTAR-DE-LAS-FAMILIAS-Y-GRUPOS-VULNERABLES-DURANTE-EL-PRIMER-AN\u0303O-DE-LA-SEGUNDA-GESTIO\u0301N-DE-JOSE\u0301-LUIS-URIO\u0301STEGUI-3.jpg 1280w\" sizes=\"(max-width: 150px) 100vw, 150px\" \/><\/a>\n\t\t\t<\/dt><\/dl><br style=\"clear: both\" \/><dl class='gallery-item'>\n\t\t\t<dt class='gallery-icon landscape'>\n\t\t\t\t<a href='https:\/\/cuernavaca.gob.mx\/?attachment_id=54943'><img width=\"150\" height=\"150\" src=\"https:\/\/cuernavaca.gob.mx\/wp-content\/uploads\/2025\/12\/DIF-CUERNAVACA-FORTALECE-ACCIONES-INTEGRALES-PARA-EL-BIENESTAR-DE-LAS-FAMILIAS-Y-GRUPOS-VULNERABLES-DURANTE-EL-PRIMER-AN\u0303O-DE-LA-SEGUNDA-GESTIO\u0301N-DE-JOSE\u0301-LUIS-URIO\u0301STEGUI-4-150x150.jpg\" class=\"attachment-thumbnail size-thumbnail\" alt=\"\" loading=\"lazy\" srcset=\"https:\/\/cuernavaca.gob.mx\/wp-content\/uploads\/2025\/12\/DIF-CUERNAVACA-FORTALECE-ACCIONES-INTEGRALES-PARA-EL-BIENESTAR-DE-LAS-FAMILIAS-Y-GRUPOS-VULNERABLES-DURANTE-EL-PRIMER-AN\u0303O-DE-LA-SEGUNDA-GESTIO\u0301N-DE-JOSE\u0301-LUIS-URIO\u0301STEGUI-4-150x150.jpg 150w, https:\/\/cuernavaca.gob.mx\/wp-content\/uploads\/2025\/12\/DIF-CUERNAVACA-FORTALECE-ACCIONES-INTEGRALES-PARA-EL-BIENESTAR-DE-LAS-FAMILIAS-Y-GRUPOS-VULNERABLES-DURANTE-EL-PRIMER-AN\u0303O-DE-LA-SEGUNDA-GESTIO\u0301N-DE-JOSE\u0301-LUIS-URIO\u0301STEGUI-4-300x300.jpg 300w, https:\/\/cuernavaca.gob.mx\/wp-content\/uploads\/2025\/12\/DIF-CUERNAVACA-FORTALECE-ACCIONES-INTEGRALES-PARA-EL-BIENESTAR-DE-LAS-FAMILIAS-Y-GRUPOS-VULNERABLES-DURANTE-EL-PRIMER-AN\u0303O-DE-LA-SEGUNDA-GESTIO\u0301N-DE-JOSE\u0301-LUIS-URIO\u0301STEGUI-4-1024x1024.jpg 1024w, https:\/\/cuernavaca.gob.mx\/wp-content\/uploads\/2025\/12\/DIF-CUERNAVACA-FORTALECE-ACCIONES-INTEGRALES-PARA-EL-BIENESTAR-DE-LAS-FAMILIAS-Y-GRUPOS-VULNERABLES-DURANTE-EL-PRIMER-AN\u0303O-DE-LA-SEGUNDA-GESTIO\u0301N-DE-JOSE\u0301-LUIS-URIO\u0301STEGUI-4-768x768.jpg 768w, https:\/\/cuernavaca.gob.mx\/wp-content\/uploads\/2025\/12\/DIF-CUERNAVACA-FORTALECE-ACCIONES-INTEGRALES-PARA-EL-BIENESTAR-DE-LAS-FAMILIAS-Y-GRUPOS-VULNERABLES-DURANTE-EL-PRIMER-AN\u0303O-DE-LA-SEGUNDA-GESTIO\u0301N-DE-JOSE\u0301-LUIS-URIO\u0301STEGUI-4-600x600.jpg 600w, https:\/\/cuernavaca.gob.mx\/wp-content\/uploads\/2025\/12\/DIF-CUERNAVACA-FORTALECE-ACCIONES-INTEGRALES-PARA-EL-BIENESTAR-DE-LAS-FAMILIAS-Y-GRUPOS-VULNERABLES-DURANTE-EL-PRIMER-AN\u0303O-DE-LA-SEGUNDA-GESTIO\u0301N-DE-JOSE\u0301-LUIS-URIO\u0301STEGUI-4-560x560.jpg 560w, https:\/\/cuernavaca.gob.mx\/wp-content\/uploads\/2025\/12\/DIF-CUERNAVACA-FORTALECE-ACCIONES-INTEGRALES-PARA-EL-BIENESTAR-DE-LAS-FAMILIAS-Y-GRUPOS-VULNERABLES-DURANTE-EL-PRIMER-AN\u0303O-DE-LA-SEGUNDA-GESTIO\u0301N-DE-JOSE\u0301-LUIS-URIO\u0301STEGUI-4.jpg 1280w\" sizes=\"(max-width: 150px) 100vw, 150px\" \/><\/a>\n\t\t\t<\/dt><\/dl>\n\t\t\t<br style='clear: both' \/>\n\t\t<\/div>\n\n","protected":false},"excerpt":{"rendered":"<p>* Gracias al trabajo coordinado, se fortalecieron la inclusi\u00f3n, la movilidad y el bienestar de las familias en situaci\u00f3n de vulnerabilidad en todo el municipio Durante su primer a\u00f1o al frente del DIF Cuernavaca en este segundo periodo de gobierno, la presidenta Luz Mar\u00eda Zagal Guzm\u00e1n, junto con su esposo, el alcalde Jos\u00e9 Luis Uri\u00f3stegui [&hellip;]<\/p>\n","protected":false},"author":1,"featured_media":54943,"comment_status":"closed","ping_status":"open","sticky":false,"template":"","format":"standard","meta":[],"categories":[1],"tags":[121,339,1739,4318,120,206,127,369],"aioseo_notices":[],"_links":{"self":[{"href":"https:\/\/cuernavaca.gob.mx\/index.php?rest_route=\/wp\/v2\/posts\/54939"}],"collection":[{"href":"https:\/\/cuernavaca.gob.mx\/index.php?rest_route=\/wp\/v2\/posts"}],"about":[{"href":"https:\/\/cuernavaca.gob.mx\/index.php?rest_route=\/wp\/v2\/types\/post"}],"author":[{"embeddable":true,"href":"https:\/\/cuernavaca.gob.mx\/index.php?rest_route=\/wp\/v2\/users\/1"}],"replies":[{"embeddable":true,"href":"https:\/\/cuernavaca.gob.mx\/index.php?rest_route=%2Fwp%2Fv2%2Fcomments&post=54939"}],"version-history":[{"count":1,"href":"https:\/\/cuernavaca.gob.mx\/index.php?rest_route=\/wp\/v2\/posts\/54939\/revisions"}],"predecessor-version":[{"id":54944,"href":"https:\/\/cuernavaca.gob.mx\/index.php?rest_route=\/wp\/v2\/posts\/54939\/revisions\/54944"}],"wp:featuredmedia":[{"embeddable":true,"href":"https:\/\/cuernavaca.gob.mx\/index.php?rest_route=\/wp\/v2\/media\/54943"}],"wp:attachment":[{"href":"https:\/\/cuernavaca.gob.mx\/index.php?rest_route=%2Fwp%2Fv2%2Fmedia&parent=54939"}],"wp:term":[{"taxonomy":"category","embeddable":true,"href":"https:\/\/cuernavaca.gob.mx\/index.php?rest_route=%2Fwp%2Fv2%2Fcategories&post=54939"},{"taxonomy":"post_tag","embeddable":true,"href":"https:\/\/cuernavaca.gob.mx\/index.php?rest_route=%2Fwp%2Fv2%2Ftags&post=54939"}],"curies":[{"name":"wp","href":"https:\/\/api.w.org\/{rel}","templated":true}]}}