{"id":54950,"date":"2025-12-08T08:00:21","date_gmt":"2025-12-08T14:00:21","guid":{"rendered":"https:\/\/cuernavaca.gob.mx\/?p=54950"},"modified":"2025-12-08T10:40:58","modified_gmt":"2025-12-08T16:40:58","slug":"b781-08-12-25-cuernavaca-implusa-la-economia-y-el-campo-local-con-inversiones-historicas-en-el-sector-agropecuario-bajo-la-gestion-de-jose-luis-uriostegui-salgado","status":"publish","type":"post","link":"https:\/\/cuernavaca.gob.mx\/?p=54950","title":{"rendered":"B781 08\/12\/25 CUERNAVACA IMPLUSA LA ECONOM\u00cdA Y EL CAMPO LOCAL CON INVERSIONES HIST\u00d3RICAS EN EL SECTOR AGROPECUARIO BAJO LA GESTI\u00d3N DE JOS\u00c9 LUIS URI\u00d3STEGUI SALGADO"},"content":{"rendered":"<p><strong>* Gracias a la disciplina financiera del municipio y al apoyo del Congreso Local, se incrementaron los recursos del FAEFOM de 6.5 a 24 millones de pesos, beneficiando al sector con implementos agr\u00edcolas<\/strong><\/p>\n<p>Durante su primer a\u00f1o de gesti\u00f3n al frente del Ayuntamiento de Cuernavaca en este segundo periodo de gobierno, el alcalde Jos\u00e9 Luis Uri\u00f3stegui Salgado ha impulsado acciones estrat\u00e9gicas para el desarrollo econ\u00f3mico del municipio, con el objetivo de fortalecer la econom\u00eda local y generar empleo en la regi\u00f3n.<\/p>\n<p>En este marco, el fortalecimiento de las capacidades de las y los productores ha sido una prioridad que, a trav\u00e9s de la Secretar\u00eda de Desarrollo Econ\u00f3mico y Turismo, se ha impulsado mediante diversas iniciativas, entre ellas el compromiso con el almacenamiento de aguas pluviales en huertas de aguacate y parcelas de ma\u00edz, reflejado en la entrega de 40 mil 168 metros cuadrados de geomembrana de 1 mm de espesor, as\u00ed como maquinaria, equipo y materiales de soldadura b\u00e1sica para el recubrimiento de 44 ollas de captaci\u00f3n de agua.<\/p>\n<p>Estas acciones han beneficiado a productores del ejido de Santa Mar\u00eda Ahuacatl\u00e1n y Buenavista del Monte, con una inversi\u00f3n total de tres millones ochocientos diecis\u00e9is mil pesos, reforzando la productividad agr\u00edcola local y contribuyendo al desarrollo econ\u00f3mico sostenible del municipio.<\/p>\n<p>Esta iniciativa representa un hecho hist\u00f3rico, ya que desde hace 15 a\u00f1os no se entregaban este tipo de apoyos. En este periodo de gesti\u00f3n, mil 402 productores de diversas ramas productivas, entre ellas, Ap\u00edcola, Fung\u00edcola, Nopal Verdura y Hortalizas, Ganader\u00eda, Ornamentales y Pan Artesanal recibieron apoyos directos para fortalecer su producci\u00f3n.<\/p>\n<p>Cabe destacar que, para el sector productivo de Aguacate, se entregaron dos mil 243 bultos de fertilizante de 50 kilos cada uno, de alta calidad, con una inversi\u00f3n de dos millones 579 mil 450 pesos con recursos provenientes del Fondo de Aportaciones Estatales para el Fortalecimiento de los Municipios (FAEFOM) 2025, que, durante este a\u00f1o con el respaldado del Poder Legislativo, se realiz\u00f3 una inversi\u00f3n hist\u00f3rica.<\/p>\n<p>Asimismo, se invirtieron tres millones 898 mil 125 pesos en la entrega de fertilizante para granos b\u00e1sicos, contribuyendo a reducir costos y fortalecer cultivos prioritarios, beneficiando a 375 productores de los ejidos Santa Mar\u00eda Ahuacatitl\u00e1n, Buenavista del Monte y San Antonio, de igual manera, se incrementaron los recursos destinados al campo de 6.5 millones a m\u00e1s de 24 millones de pesos, lo que permiti\u00f3 otorgar mejores beneficios al sector, incluyendo implementos agr\u00edcolas.<\/p>\n<p>La sanidad e inocuidad alimentaria, es importante para el municipio, por lo que implemento programas y campa\u00f1as claves para proteger la salud de los consumidores y mejorar la calidad de los productos agr\u00edcolas, por medio de la vigilancia epidemiol\u00f3gica, se vigilaron plagas en la localidad de Buenavista del Monte, con especial atenci\u00f3n en cultivos de aguacate.<\/p>\n<p>Tambi\u00e9n, se trabaj\u00f3 en el fortalecimiento de campa\u00f1as zoosanitarias, con la realizaci\u00f3n de mil pruebas al sector pecuario, con ello, se mantiene un control y erradicaci\u00f3n de enfermedades como la tuberculosis bovina y brucelosis, por un monto de 100 mil pesos.<\/p>\n<p>Para el sector ornamental, despu\u00e9s de a\u00f1os de espera, gracias al aumento del presupuesto del FAEFOM, la administraci\u00f3n municipal, entreg\u00f3 pl\u00e1sticos para invernadero, macetas, motobombas, fertilizante para 432 productores.<\/p>\n<p>A trav\u00e9s de estas acciones, se reafirma el compromiso con el desarrollo sostenible del campo de Cuernavaca, reflejando la dedicaci\u00f3n y el esfuerzo continuo para mejorar las condiciones de las y los productores, y asegurando que el sector siga siendo un pilar fundamental para la econom\u00eda y la seguridad alimentaria de las familias. Cuatro a\u00f1os trabajando por la ciudad que merecemos.<\/p>\n\n\t\t<style type=\"text\/css\">\n\t\t\t#gallery-1 {\n\t\t\t\tmargin: auto;\n\t\t\t}\n\t\t\t#gallery-1 .gallery-item {\n\t\t\t\tfloat: left;\n\t\t\t\tmargin-top: 10px;\n\t\t\t\ttext-align: center;\n\t\t\t\twidth: 33%;\n\t\t\t}\n\t\t\t#gallery-1 img {\n\t\t\t\tborder: 2px solid #cfcfcf;\n\t\t\t}\n\t\t\t#gallery-1 .gallery-caption {\n\t\t\t\tmargin-left: 0;\n\t\t\t}\n\t\t\t\/* see gallery_shortcode() in wp-includes\/media.php *\/\n\t\t<\/style>\n\t\t<div id='gallery-1' class='gallery galleryid-54950 gallery-columns-3 gallery-size-thumbnail'><dl class='gallery-item'>\n\t\t\t<dt class='gallery-icon landscape'>\n\t\t\t\t<a href='https:\/\/cuernavaca.gob.mx\/?attachment_id=54951'><img width=\"150\" height=\"150\" src=\"https:\/\/cuernavaca.gob.mx\/wp-content\/uploads\/2025\/12\/CUERNAVACA-IMPLUSA-LA-ECONOMI\u0301A-Y-EL-CAMPO-LOCAL-CON-INVERSIONES-HISTO\u0301RICAS-EN-EL-SECTOR-AGROPECUARIO-BAJO-LA-GESTIO\u0301N-DE-JOSE\u0301-LUIS-URIO\u0301STEGUI-SALGADO-1-150x150.jpg\" class=\"attachment-thumbnail size-thumbnail\" alt=\"\" loading=\"lazy\" srcset=\"https:\/\/cuernavaca.gob.mx\/wp-content\/uploads\/2025\/12\/CUERNAVACA-IMPLUSA-LA-ECONOMI\u0301A-Y-EL-CAMPO-LOCAL-CON-INVERSIONES-HISTO\u0301RICAS-EN-EL-SECTOR-AGROPECUARIO-BAJO-LA-GESTIO\u0301N-DE-JOSE\u0301-LUIS-URIO\u0301STEGUI-SALGADO-1-150x150.jpg 150w, https:\/\/cuernavaca.gob.mx\/wp-content\/uploads\/2025\/12\/CUERNAVACA-IMPLUSA-LA-ECONOMI\u0301A-Y-EL-CAMPO-LOCAL-CON-INVERSIONES-HISTO\u0301RICAS-EN-EL-SECTOR-AGROPECUARIO-BAJO-LA-GESTIO\u0301N-DE-JOSE\u0301-LUIS-URIO\u0301STEGUI-SALGADO-1-300x300.jpg 300w, https:\/\/cuernavaca.gob.mx\/wp-content\/uploads\/2025\/12\/CUERNAVACA-IMPLUSA-LA-ECONOMI\u0301A-Y-EL-CAMPO-LOCAL-CON-INVERSIONES-HISTO\u0301RICAS-EN-EL-SECTOR-AGROPECUARIO-BAJO-LA-GESTIO\u0301N-DE-JOSE\u0301-LUIS-URIO\u0301STEGUI-SALGADO-1-1024x1024.jpg 1024w, https:\/\/cuernavaca.gob.mx\/wp-content\/uploads\/2025\/12\/CUERNAVACA-IMPLUSA-LA-ECONOMI\u0301A-Y-EL-CAMPO-LOCAL-CON-INVERSIONES-HISTO\u0301RICAS-EN-EL-SECTOR-AGROPECUARIO-BAJO-LA-GESTIO\u0301N-DE-JOSE\u0301-LUIS-URIO\u0301STEGUI-SALGADO-1-768x768.jpg 768w, https:\/\/cuernavaca.gob.mx\/wp-content\/uploads\/2025\/12\/CUERNAVACA-IMPLUSA-LA-ECONOMI\u0301A-Y-EL-CAMPO-LOCAL-CON-INVERSIONES-HISTO\u0301RICAS-EN-EL-SECTOR-AGROPECUARIO-BAJO-LA-GESTIO\u0301N-DE-JOSE\u0301-LUIS-URIO\u0301STEGUI-SALGADO-1-600x600.jpg 600w, https:\/\/cuernavaca.gob.mx\/wp-content\/uploads\/2025\/12\/CUERNAVACA-IMPLUSA-LA-ECONOMI\u0301A-Y-EL-CAMPO-LOCAL-CON-INVERSIONES-HISTO\u0301RICAS-EN-EL-SECTOR-AGROPECUARIO-BAJO-LA-GESTIO\u0301N-DE-JOSE\u0301-LUIS-URIO\u0301STEGUI-SALGADO-1-560x560.jpg 560w, https:\/\/cuernavaca.gob.mx\/wp-content\/uploads\/2025\/12\/CUERNAVACA-IMPLUSA-LA-ECONOMI\u0301A-Y-EL-CAMPO-LOCAL-CON-INVERSIONES-HISTO\u0301RICAS-EN-EL-SECTOR-AGROPECUARIO-BAJO-LA-GESTIO\u0301N-DE-JOSE\u0301-LUIS-URIO\u0301STEGUI-SALGADO-1.jpg 1280w\" sizes=\"(max-width: 150px) 100vw, 150px\" \/><\/a>\n\t\t\t<\/dt><\/dl><dl class='gallery-item'>\n\t\t\t<dt class='gallery-icon landscape'>\n\t\t\t\t<a href='https:\/\/cuernavaca.gob.mx\/?attachment_id=54952'><img width=\"150\" height=\"150\" src=\"https:\/\/cuernavaca.gob.mx\/wp-content\/uploads\/2025\/12\/CUERNAVACA-IMPLUSA-LA-ECONOMI\u0301A-Y-EL-CAMPO-LOCAL-CON-INVERSIONES-HISTO\u0301RICAS-EN-EL-SECTOR-AGROPECUARIO-BAJO-LA-GESTIO\u0301N-DE-JOSE\u0301-LUIS-URIO\u0301STEGUI-SALGADO-2-150x150.jpg\" class=\"attachment-thumbnail size-thumbnail\" alt=\"\" loading=\"lazy\" srcset=\"https:\/\/cuernavaca.gob.mx\/wp-content\/uploads\/2025\/12\/CUERNAVACA-IMPLUSA-LA-ECONOMI\u0301A-Y-EL-CAMPO-LOCAL-CON-INVERSIONES-HISTO\u0301RICAS-EN-EL-SECTOR-AGROPECUARIO-BAJO-LA-GESTIO\u0301N-DE-JOSE\u0301-LUIS-URIO\u0301STEGUI-SALGADO-2-150x150.jpg 150w, https:\/\/cuernavaca.gob.mx\/wp-content\/uploads\/2025\/12\/CUERNAVACA-IMPLUSA-LA-ECONOMI\u0301A-Y-EL-CAMPO-LOCAL-CON-INVERSIONES-HISTO\u0301RICAS-EN-EL-SECTOR-AGROPECUARIO-BAJO-LA-GESTIO\u0301N-DE-JOSE\u0301-LUIS-URIO\u0301STEGUI-SALGADO-2-300x300.jpg 300w, https:\/\/cuernavaca.gob.mx\/wp-content\/uploads\/2025\/12\/CUERNAVACA-IMPLUSA-LA-ECONOMI\u0301A-Y-EL-CAMPO-LOCAL-CON-INVERSIONES-HISTO\u0301RICAS-EN-EL-SECTOR-AGROPECUARIO-BAJO-LA-GESTIO\u0301N-DE-JOSE\u0301-LUIS-URIO\u0301STEGUI-SALGADO-2-1024x1024.jpg 1024w, https:\/\/cuernavaca.gob.mx\/wp-content\/uploads\/2025\/12\/CUERNAVACA-IMPLUSA-LA-ECONOMI\u0301A-Y-EL-CAMPO-LOCAL-CON-INVERSIONES-HISTO\u0301RICAS-EN-EL-SECTOR-AGROPECUARIO-BAJO-LA-GESTIO\u0301N-DE-JOSE\u0301-LUIS-URIO\u0301STEGUI-SALGADO-2-768x768.jpg 768w, https:\/\/cuernavaca.gob.mx\/wp-content\/uploads\/2025\/12\/CUERNAVACA-IMPLUSA-LA-ECONOMI\u0301A-Y-EL-CAMPO-LOCAL-CON-INVERSIONES-HISTO\u0301RICAS-EN-EL-SECTOR-AGROPECUARIO-BAJO-LA-GESTIO\u0301N-DE-JOSE\u0301-LUIS-URIO\u0301STEGUI-SALGADO-2-600x600.jpg 600w, https:\/\/cuernavaca.gob.mx\/wp-content\/uploads\/2025\/12\/CUERNAVACA-IMPLUSA-LA-ECONOMI\u0301A-Y-EL-CAMPO-LOCAL-CON-INVERSIONES-HISTO\u0301RICAS-EN-EL-SECTOR-AGROPECUARIO-BAJO-LA-GESTIO\u0301N-DE-JOSE\u0301-LUIS-URIO\u0301STEGUI-SALGADO-2-560x560.jpg 560w, https:\/\/cuernavaca.gob.mx\/wp-content\/uploads\/2025\/12\/CUERNAVACA-IMPLUSA-LA-ECONOMI\u0301A-Y-EL-CAMPO-LOCAL-CON-INVERSIONES-HISTO\u0301RICAS-EN-EL-SECTOR-AGROPECUARIO-BAJO-LA-GESTIO\u0301N-DE-JOSE\u0301-LUIS-URIO\u0301STEGUI-SALGADO-2.jpg 1280w\" sizes=\"(max-width: 150px) 100vw, 150px\" \/><\/a>\n\t\t\t<\/dt><\/dl><dl class='gallery-item'>\n\t\t\t<dt class='gallery-icon portrait'>\n\t\t\t\t<a href='https:\/\/cuernavaca.gob.mx\/?attachment_id=54953'><img width=\"150\" height=\"150\" src=\"https:\/\/cuernavaca.gob.mx\/wp-content\/uploads\/2025\/12\/CUERNAVACA-IMPLUSA-LA-ECONOMI\u0301A-Y-EL-CAMPO-LOCAL-CON-INVERSIONES-HISTO\u0301RICAS-EN-EL-SECTOR-AGROPECUARIO-BAJO-LA-GESTIO\u0301N-DE-JOSE\u0301-LUIS-URIO\u0301STEGUI-SALGADO-3-150x150.jpg\" class=\"attachment-thumbnail size-thumbnail\" alt=\"\" loading=\"lazy\" \/><\/a>\n\t\t\t<\/dt><\/dl><br style=\"clear: both\" \/>\n\t\t<\/div>\n\n","protected":false},"excerpt":{"rendered":"<p>* Gracias a la disciplina financiera del municipio y al apoyo del Congreso Local, se incrementaron los recursos del FAEFOM de 6.5 a 24 millones de pesos, beneficiando al sector con implementos agr\u00edcolas Durante su primer a\u00f1o de gesti\u00f3n al frente del Ayuntamiento de Cuernavaca en este segundo periodo de gobierno, el alcalde Jos\u00e9 Luis [&hellip;]<\/p>\n","protected":false},"author":1,"featured_media":54951,"comment_status":"closed","ping_status":"open","sticky":false,"template":"","format":"standard","meta":[],"categories":[2294],"tags":[1384,121,4300,375,2127,120,206,127],"aioseo_notices":[],"_links":{"self":[{"href":"https:\/\/cuernavaca.gob.mx\/index.php?rest_route=\/wp\/v2\/posts\/54950"}],"collection":[{"href":"https:\/\/cuernavaca.gob.mx\/index.php?rest_route=\/wp\/v2\/posts"}],"about":[{"href":"https:\/\/cuernavaca.gob.mx\/index.php?rest_route=\/wp\/v2\/types\/post"}],"author":[{"embeddable":true,"href":"https:\/\/cuernavaca.gob.mx\/index.php?rest_route=\/wp\/v2\/users\/1"}],"replies":[{"embeddable":true,"href":"https:\/\/cuernavaca.gob.mx\/index.php?rest_route=%2Fwp%2Fv2%2Fcomments&post=54950"}],"version-history":[{"count":1,"href":"https:\/\/cuernavaca.gob.mx\/index.php?rest_route=\/wp\/v2\/posts\/54950\/revisions"}],"predecessor-version":[{"id":54954,"href":"https:\/\/cuernavaca.gob.mx\/index.php?rest_route=\/wp\/v2\/posts\/54950\/revisions\/54954"}],"wp:featuredmedia":[{"embeddable":true,"href":"https:\/\/cuernavaca.gob.mx\/index.php?rest_route=\/wp\/v2\/media\/54951"}],"wp:attachment":[{"href":"https:\/\/cuernavaca.gob.mx\/index.php?rest_route=%2Fwp%2Fv2%2Fmedia&parent=54950"}],"wp:term":[{"taxonomy":"category","embeddable":true,"href":"https:\/\/cuernavaca.gob.mx\/index.php?rest_route=%2Fwp%2Fv2%2Fcategories&post=54950"},{"taxonomy":"post_tag","embeddable":true,"href":"https:\/\/cuernavaca.gob.mx\/index.php?rest_route=%2Fwp%2Fv2%2Ftags&post=54950"}],"curies":[{"name":"wp","href":"https:\/\/api.w.org\/{rel}","templated":true}]}}