{"id":54959,"date":"2025-12-08T11:35:59","date_gmt":"2025-12-08T17:35:59","guid":{"rendered":"https:\/\/cuernavaca.gob.mx\/?p=54959"},"modified":"2025-12-08T15:38:37","modified_gmt":"2025-12-08T21:38:37","slug":"b782-08-12-25-cuernavaca-consolida-acciones-para-fortalecer-la-voz-de-la-ninez-y-adolescencia-desde-el-sipinna","status":"publish","type":"post","link":"https:\/\/cuernavaca.gob.mx\/?p=54959","title":{"rendered":"B782 08\/12\/25 CUERNAVACA CONSOLIDA ACCIONES PARA FORTALECER LA VOZ DE LA NI\u00d1EZ Y ADOLESCENCIA DESDE EL SIPINNA"},"content":{"rendered":"<p><strong>\u2022 En este 2025, el alcalde Jos\u00e9 Luis Uri\u00f3stegui ha fortalecido la voz de la ni\u00f1ez y la adolescencia; ahora, con la instalaci\u00f3n de 60 buzones en escuelas primarias, se ampl\u00eda este compromiso de escucha directa de sus necesidades y propuestas<\/strong><\/p>\n<p>El Ayuntamiento de Cuernavaca, a trav\u00e9s del Sistema Municipal de Protecci\u00f3n Integral de Ni\u00f1as, Ni\u00f1os y Adolescentes (SIPINNA), encabezado por el alcalde Jos\u00e9 Luis Uri\u00f3stegui Salgado, pondr\u00e1 en marcha el programa sin precedentes &#8220;Buzones de Diagn\u00f3stico&#8221; en las escuelas primarias del municipio. Esta estrategia tiene como objetivo promover una cultura de paz, facilitando la escucha directa de las necesidades, sugerencias, propuestas y quejas de las infancias y adolescencias, adem\u00e1s de involucrarlas activamente en los procesos de toma de decisiones p\u00fablicas.<\/p>\n<p>Durante la sesi\u00f3n ordinaria de SIPINNA, las y los regidores que integran el sistema realizaron la entrega de los &#8220;Buzones de Diagn\u00f3stico&#8221;. La titular del SIPINNA municipal, Claudia Popoca Gonz\u00e1lez, detall\u00f3 que el objetivo principal de esta iniciativa es utilizar la informaci\u00f3n recabada para dise\u00f1ar programas espec\u00edficos que mejoren la calidad de vida de ni\u00f1as y ni\u00f1os en sus distintos entornos. Este proyecto surge a partir de una propuesta realizada por las propias ni\u00f1as y ni\u00f1os miembros del sistema municipal, quienes solicitaron un canal confidencial y accesible para expresar sus inquietudes y problem\u00e1ticas cotidianas.<\/p>\n<p>En total fueron recibidos 60 buzones que permitir\u00e1n que ni\u00f1as, ni\u00f1os y adolescentes compartan lo que viven d\u00eda con d\u00eda e informen sobre posibles vulneraciones a sus derechos, ya sea en la escuela o en su hogar. La meta es instalarlos, en una primera etapa, en escuelas primarias p\u00fablicas y privadas de Cuernavaca, con el fin de obtener un diagn\u00f3stico real sobre la situaci\u00f3n de la ni\u00f1ez y adolescencia, detectar riesgos y construir soluciones de manera conjunta. La revisi\u00f3n de estos buzones se realizar\u00e1 trimestralmente.<\/p>\n<p>Erika Sarita Guadalupe Y\u00e1\u00f1ez Flores, representante de las y los adolescentes en el \u00f3rgano colegiado, as\u00ed como promotora de la iniciativa, expres\u00f3 su satisfacci\u00f3n por la aprobaci\u00f3n de los buzones, los cuales permitir\u00e1n que, por fin ni\u00f1as, ni\u00f1os y adolescentes sean escuchados plenamente y puedan expresar con total confianza sus opiniones, ideas o molestias para mejorar su vida diaria.<\/p>\n<p>En su intervenci\u00f3n, el alcalde Jos\u00e9 Luis Uri\u00f3stegui Salgado se\u00f1al\u00f3 que, si bien el SIPINNA articula \u00e1reas municipales que trabajan en beneficio de la ni\u00f1ez y en la prevenci\u00f3n de la violencia de g\u00e9nero, es fundamental que la formaci\u00f3n de valores inicie en casa, ya que la autoridad y las escuelas no pueden sustituir el papel de las familias.<\/p>\n<p>Afirm\u00f3 que los buzones ser\u00e1n una herramienta valiosa para conocer qu\u00e9 est\u00e1 fallando y fortalecer acciones de convivencia, impulsando una transformaci\u00f3n social desde las familias, recordando que eventos p\u00fablicos como la Feria de la Primavera y el Festival Cultural de Verano, han permitido interactuar directamente con los adultos para incidir tambi\u00e9n en su comportamiento y fortalecer su papel como figuras de autoridad moral.<\/p>\n<p>Uri\u00f3stegui Salgado reiter\u00f3 que, sin el acompa\u00f1amiento de los adultos en casa y la pr\u00e1ctica cotidiana de valores y principios, cualquier esfuerzo institucional ser\u00e1 insuficiente. Por ello, llam\u00f3 a fortalecer las escuelas para padres y pidi\u00f3 a la Secretar\u00eda de Educaci\u00f3n estatal incluir al Ayuntamiento en estas pol\u00edticas p\u00fablicas que promueven la paz, no solo con mensajes, sino con acciones que se vivan y se compartan.<\/p>\n<p>A la reuni\u00f3n asistieron la regidora Elia Ort\u00edz Garc\u00eda y el regidor Gabriel Rivas R\u00edos, integrantes del gabinete municipal; la magistrada Adriana Pineda Fern\u00e1ndez, presidenta del Tribunal Unitario de Justicia Penal para Adolescentes (TUJPA); Mar\u00eda Eugenia Boy\u00e1s Ramos, titular del SIPINNA Morelos; Jos\u00e9 Antonio Sandoval, presidente del Consejo Directivo de la Fundaci\u00f3n Don Bosco, as\u00ed como la representaci\u00f3n de la Secretar\u00eda de Educaci\u00f3n estatal.<\/p>\n<p>Con estas acciones, el Ayuntamiento de Cuernavaca reafirma su compromiso de construir entornos seguros, participativos y respetuosos para la ni\u00f1ez y adolescencia, impulsando herramientas que permitan escucharlos, atender sus necesidades y fortalecer, desde la comunidad escolar y familiar, una cultura de paz en el municipio.<\/p>\n\n\t\t<style type=\"text\/css\">\n\t\t\t#gallery-1 {\n\t\t\t\tmargin: auto;\n\t\t\t}\n\t\t\t#gallery-1 .gallery-item {\n\t\t\t\tfloat: left;\n\t\t\t\tmargin-top: 10px;\n\t\t\t\ttext-align: center;\n\t\t\t\twidth: 33%;\n\t\t\t}\n\t\t\t#gallery-1 img {\n\t\t\t\tborder: 2px solid #cfcfcf;\n\t\t\t}\n\t\t\t#gallery-1 .gallery-caption {\n\t\t\t\tmargin-left: 0;\n\t\t\t}\n\t\t\t\/* see gallery_shortcode() in wp-includes\/media.php *\/\n\t\t<\/style>\n\t\t<div id='gallery-1' class='gallery galleryid-54959 gallery-columns-3 gallery-size-thumbnail'><dl class='gallery-item'>\n\t\t\t<dt class='gallery-icon landscape'>\n\t\t\t\t<a href='https:\/\/cuernavaca.gob.mx\/?attachment_id=54965'><img width=\"150\" height=\"150\" src=\"https:\/\/cuernavaca.gob.mx\/wp-content\/uploads\/2025\/12\/CUERNAVACA-CONSOLIDA-ACCIONES-PARA-FORTALECER-LA-VOZ-DE-LA-NIN\u0303EZ-Y-ADOLESCENCIA-DESDE-EL-SIPINNA-6-150x150.jpg\" class=\"attachment-thumbnail size-thumbnail\" alt=\"\" loading=\"lazy\" \/><\/a>\n\t\t\t<\/dt><\/dl><dl class='gallery-item'>\n\t\t\t<dt class='gallery-icon landscape'>\n\t\t\t\t<a href='https:\/\/cuernavaca.gob.mx\/?attachment_id=54966'><img width=\"150\" height=\"150\" src=\"https:\/\/cuernavaca.gob.mx\/wp-content\/uploads\/2025\/12\/CUERNAVACA-CONSOLIDA-ACCIONES-PARA-FORTALECER-LA-VOZ-DE-LA-NIN\u0303EZ-Y-ADOLESCENCIA-DESDE-EL-SIPINNA-7-150x150.jpg\" class=\"attachment-thumbnail size-thumbnail\" alt=\"\" loading=\"lazy\" \/><\/a>\n\t\t\t<\/dt><\/dl><dl class='gallery-item'>\n\t\t\t<dt class='gallery-icon landscape'>\n\t\t\t\t<a href='https:\/\/cuernavaca.gob.mx\/?attachment_id=54960'><img width=\"150\" height=\"150\" src=\"https:\/\/cuernavaca.gob.mx\/wp-content\/uploads\/2025\/12\/CUERNAVACA-CONSOLIDA-ACCIONES-PARA-FORTALECER-LA-VOZ-DE-LA-NIN\u0303EZ-Y-ADOLESCENCIA-DESDE-EL-SIPINNA--150x150.jpg\" class=\"attachment-thumbnail size-thumbnail\" alt=\"\" loading=\"lazy\" \/><\/a>\n\t\t\t<\/dt><\/dl><br style=\"clear: both\" \/><dl class='gallery-item'>\n\t\t\t<dt class='gallery-icon landscape'>\n\t\t\t\t<a href='https:\/\/cuernavaca.gob.mx\/?attachment_id=54962'><img width=\"150\" height=\"150\" src=\"https:\/\/cuernavaca.gob.mx\/wp-content\/uploads\/2025\/12\/CUERNAVACA-CONSOLIDA-ACCIONES-PARA-FORTALECER-LA-VOZ-DE-LA-NIN\u0303EZ-Y-ADOLESCENCIA-DESDE-EL-SIPINNA-2-150x150.jpg\" class=\"attachment-thumbnail size-thumbnail\" alt=\"\" loading=\"lazy\" \/><\/a>\n\t\t\t<\/dt><\/dl><dl class='gallery-item'>\n\t\t\t<dt class='gallery-icon landscape'>\n\t\t\t\t<a href='https:\/\/cuernavaca.gob.mx\/?attachment_id=54964'><img width=\"150\" height=\"150\" src=\"https:\/\/cuernavaca.gob.mx\/wp-content\/uploads\/2025\/12\/CUERNAVACA-CONSOLIDA-ACCIONES-PARA-FORTALECER-LA-VOZ-DE-LA-NIN\u0303EZ-Y-ADOLESCENCIA-DESDE-EL-SIPINNA-5-150x150.jpg\" class=\"attachment-thumbnail size-thumbnail\" alt=\"\" loading=\"lazy\" \/><\/a>\n\t\t\t<\/dt><\/dl><dl class='gallery-item'>\n\t\t\t<dt class='gallery-icon landscape'>\n\t\t\t\t<a href='https:\/\/cuernavaca.gob.mx\/?attachment_id=54961'><img width=\"150\" height=\"150\" src=\"https:\/\/cuernavaca.gob.mx\/wp-content\/uploads\/2025\/12\/CUERNAVACA-CONSOLIDA-ACCIONES-PARA-FORTALECER-LA-VOZ-DE-LA-NIN\u0303EZ-Y-ADOLESCENCIA-DESDE-EL-SIPINNA-1-150x150.jpg\" class=\"attachment-thumbnail size-thumbnail\" alt=\"\" loading=\"lazy\" \/><\/a>\n\t\t\t<\/dt><\/dl><br style=\"clear: both\" \/><dl class='gallery-item'>\n\t\t\t<dt class='gallery-icon landscape'>\n\t\t\t\t<a href='https:\/\/cuernavaca.gob.mx\/?attachment_id=54963'><img width=\"150\" height=\"150\" src=\"https:\/\/cuernavaca.gob.mx\/wp-content\/uploads\/2025\/12\/CUERNAVACA-CONSOLIDA-ACCIONES-PARA-FORTALECER-LA-VOZ-DE-LA-NIN\u0303EZ-Y-ADOLESCENCIA-DESDE-EL-SIPINNA-4-150x150.jpg\" class=\"attachment-thumbnail size-thumbnail\" alt=\"\" loading=\"lazy\" \/><\/a>\n\t\t\t<\/dt><\/dl>\n\t\t\t<br style='clear: both' \/>\n\t\t<\/div>\n\n","protected":false},"excerpt":{"rendered":"<p>\u2022 En este 2025, el alcalde Jos\u00e9 Luis Uri\u00f3stegui ha fortalecido la voz de la ni\u00f1ez y la adolescencia; ahora, con la instalaci\u00f3n de 60 buzones en escuelas primarias, se ampl\u00eda este compromiso de escucha directa de sus necesidades y propuestas El Ayuntamiento de Cuernavaca, a trav\u00e9s del Sistema Municipal de Protecci\u00f3n Integral de Ni\u00f1as, [&hellip;]<\/p>\n","protected":false},"author":1,"featured_media":54965,"comment_status":"closed","ping_status":"open","sticky":false,"template":"","format":"standard","meta":[],"categories":[20],"tags":[381,3154,3034,121,120,379,380,4319],"aioseo_notices":[],"_links":{"self":[{"href":"https:\/\/cuernavaca.gob.mx\/index.php?rest_route=\/wp\/v2\/posts\/54959"}],"collection":[{"href":"https:\/\/cuernavaca.gob.mx\/index.php?rest_route=\/wp\/v2\/posts"}],"about":[{"href":"https:\/\/cuernavaca.gob.mx\/index.php?rest_route=\/wp\/v2\/types\/post"}],"author":[{"embeddable":true,"href":"https:\/\/cuernavaca.gob.mx\/index.php?rest_route=\/wp\/v2\/users\/1"}],"replies":[{"embeddable":true,"href":"https:\/\/cuernavaca.gob.mx\/index.php?rest_route=%2Fwp%2Fv2%2Fcomments&post=54959"}],"version-history":[{"count":1,"href":"https:\/\/cuernavaca.gob.mx\/index.php?rest_route=\/wp\/v2\/posts\/54959\/revisions"}],"predecessor-version":[{"id":54967,"href":"https:\/\/cuernavaca.gob.mx\/index.php?rest_route=\/wp\/v2\/posts\/54959\/revisions\/54967"}],"wp:featuredmedia":[{"embeddable":true,"href":"https:\/\/cuernavaca.gob.mx\/index.php?rest_route=\/wp\/v2\/media\/54965"}],"wp:attachment":[{"href":"https:\/\/cuernavaca.gob.mx\/index.php?rest_route=%2Fwp%2Fv2%2Fmedia&parent=54959"}],"wp:term":[{"taxonomy":"category","embeddable":true,"href":"https:\/\/cuernavaca.gob.mx\/index.php?rest_route=%2Fwp%2Fv2%2Fcategories&post=54959"},{"taxonomy":"post_tag","embeddable":true,"href":"https:\/\/cuernavaca.gob.mx\/index.php?rest_route=%2Fwp%2Fv2%2Ftags&post=54959"}],"curies":[{"name":"wp","href":"https:\/\/api.w.org\/{rel}","templated":true}]}}