{"id":54968,"date":"2025-12-08T12:05:07","date_gmt":"2025-12-08T18:05:07","guid":{"rendered":"https:\/\/cuernavaca.gob.mx\/?p=54968"},"modified":"2025-12-08T21:27:26","modified_gmt":"2025-12-09T03:27:26","slug":"b783-08-12-25-cuernavaca-entrega-200-flores-de-nochebuena-a-cambio-de-pet-en-jornada-ambiental","status":"publish","type":"post","link":"https:\/\/cuernavaca.gob.mx\/?p=54968","title":{"rendered":"B783 08\/12\/25 CUERNAVACA ENTREGA 300 FLORES DE NOCHEBUENA A CAMBIO DE PET EN JORNADA AMBIENTAL"},"content":{"rendered":"<p><strong>\u2022 La Fiscal\u00eda Ambiental destac\u00f3 que estas iniciativas buscan reducir residuos, promover su separaci\u00f3n y fortalecer el v\u00ednculo entre gobierno y comunidad<\/strong><\/p>\n<p>En el marco del D\u00eda Nacional de la Nochebuena, el Ayuntamiento de Cuernavaca encabezado por el alcalde Jos\u00e9 Luis Uri\u00f3stegui Salgado, a trav\u00e9s de la Fiscal\u00eda Ambiental, llev\u00f3 a cabo una jornada de canje de residuos pl\u00e1sticos por flores de nochebuena, con el prop\u00f3sito de fomentar la conciencia ambiental entre la ciudadan\u00eda.<\/p>\n<p>Durante la actividad, las y los asistentes pudieron intercambiar 10 botellas de PET por una flor de Nochebuena, logrando una participaci\u00f3n constante a lo largo de la jornada. En total, fueron entregadas 300 plantas, mismas que fueron donadas por los Ing. Joel Uri\u00f3stegui e Ing. Miriam Andrade, quienes se sumaron al esfuerzo municipal para promover pr\u00e1cticas responsables de consumo y reciclaje.<\/p>\n<p>La Fiscal\u00eda Ambiental destac\u00f3 que este tipo de iniciativas buscan reducir la generaci\u00f3n de residuos, impulsar su adecuada separaci\u00f3n y demostrar que los materiales reciclables pueden tener una segunda vida \u00fatil, al mismo tiempo que se fortalece el v\u00ednculo entre gobierno y comunidad.<\/p>\n<p>Este intercambio simb\u00f3lico tambi\u00e9n contribuy\u00f3 a impulsar la tradici\u00f3n navide\u00f1a, acercando a las familias de Cuernavaca una planta emblem\u00e1tica de la temporada, mientras se refuerza la importancia de la participaci\u00f3n ciudadana en el cuidado del entorno.<\/p>\n<p>Las autoridades municipales informaron que continuar\u00e1n impulsando acciones que combinen el cuidado ambiental, la educaci\u00f3n ciudadana y la revalorizaci\u00f3n de los espacios verdes en la capital morelense.<\/p>\n\n\t\t<style type=\"text\/css\">\n\t\t\t#gallery-1 {\n\t\t\t\tmargin: auto;\n\t\t\t}\n\t\t\t#gallery-1 .gallery-item {\n\t\t\t\tfloat: left;\n\t\t\t\tmargin-top: 10px;\n\t\t\t\ttext-align: center;\n\t\t\t\twidth: 33%;\n\t\t\t}\n\t\t\t#gallery-1 img {\n\t\t\t\tborder: 2px solid #cfcfcf;\n\t\t\t}\n\t\t\t#gallery-1 .gallery-caption {\n\t\t\t\tmargin-left: 0;\n\t\t\t}\n\t\t\t\/* see gallery_shortcode() in wp-includes\/media.php *\/\n\t\t<\/style>\n\t\t<div id='gallery-1' class='gallery galleryid-54968 gallery-columns-3 gallery-size-thumbnail'><dl class='gallery-item'>\n\t\t\t<dt class='gallery-icon landscape'>\n\t\t\t\t<a href='https:\/\/cuernavaca.gob.mx\/?attachment_id=54969'><img width=\"150\" height=\"150\" src=\"https:\/\/cuernavaca.gob.mx\/wp-content\/uploads\/2025\/12\/CUERNAVACA-ENTREGA-200-FLORES-DE-NOCHEBUENA-A-CAMBIO-DE-PET-EN-JORNADA-AMBIENTAL--150x150.jpg\" class=\"attachment-thumbnail size-thumbnail\" alt=\"\" loading=\"lazy\" \/><\/a>\n\t\t\t<\/dt><\/dl><dl class='gallery-item'>\n\t\t\t<dt class='gallery-icon landscape'>\n\t\t\t\t<a href='https:\/\/cuernavaca.gob.mx\/?attachment_id=54970'><img width=\"150\" height=\"150\" src=\"https:\/\/cuernavaca.gob.mx\/wp-content\/uploads\/2025\/12\/CUERNAVACA-ENTREGA-200-FLORES-DE-NOCHEBUENA-A-CAMBIO-DE-PET-EN-JORNADA-AMBIENTAL-1-150x150.jpg\" class=\"attachment-thumbnail size-thumbnail\" alt=\"\" loading=\"lazy\" \/><\/a>\n\t\t\t<\/dt><\/dl><dl class='gallery-item'>\n\t\t\t<dt class='gallery-icon landscape'>\n\t\t\t\t<a href='https:\/\/cuernavaca.gob.mx\/?attachment_id=54971'><img width=\"150\" height=\"150\" src=\"https:\/\/cuernavaca.gob.mx\/wp-content\/uploads\/2025\/12\/CUERNAVACA-ENTREGA-200-FLORES-DE-NOCHEBUENA-A-CAMBIO-DE-PET-EN-JORNADA-AMBIENTAL-2-150x150.jpg\" class=\"attachment-thumbnail size-thumbnail\" alt=\"\" loading=\"lazy\" \/><\/a>\n\t\t\t<\/dt><\/dl><br style=\"clear: both\" \/><dl class='gallery-item'>\n\t\t\t<dt class='gallery-icon landscape'>\n\t\t\t\t<a href='https:\/\/cuernavaca.gob.mx\/?attachment_id=54972'><img width=\"150\" height=\"150\" src=\"https:\/\/cuernavaca.gob.mx\/wp-content\/uploads\/2025\/12\/CUERNAVACA-ENTREGA-200-FLORES-DE-NOCHEBUENA-A-CAMBIO-DE-PET-EN-JORNADA-AMBIENTAL-3-150x150.jpg\" class=\"attachment-thumbnail size-thumbnail\" alt=\"\" loading=\"lazy\" \/><\/a>\n\t\t\t<\/dt><\/dl><dl class='gallery-item'>\n\t\t\t<dt class='gallery-icon landscape'>\n\t\t\t\t<a href='https:\/\/cuernavaca.gob.mx\/?attachment_id=54973'><img width=\"150\" height=\"150\" src=\"https:\/\/cuernavaca.gob.mx\/wp-content\/uploads\/2025\/12\/CUERNAVACA-ENTREGA-200-FLORES-DE-NOCHEBUENA-A-CAMBIO-DE-PET-EN-JORNADA-AMBIENTAL-4-150x150.jpg\" class=\"attachment-thumbnail size-thumbnail\" alt=\"\" loading=\"lazy\" \/><\/a>\n\t\t\t<\/dt><\/dl><dl class='gallery-item'>\n\t\t\t<dt class='gallery-icon landscape'>\n\t\t\t\t<a href='https:\/\/cuernavaca.gob.mx\/?attachment_id=54974'><img width=\"150\" height=\"150\" src=\"https:\/\/cuernavaca.gob.mx\/wp-content\/uploads\/2025\/12\/CUERNAVACA-ENTREGA-200-FLORES-DE-NOCHEBUENA-A-CAMBIO-DE-PET-EN-JORNADA-AMBIENTAL-5-150x150.jpg\" class=\"attachment-thumbnail size-thumbnail\" alt=\"\" loading=\"lazy\" \/><\/a>\n\t\t\t<\/dt><\/dl><br style=\"clear: both\" \/>\n\t\t<\/div>\n\n<p>&nbsp;<\/p>\n","protected":false},"excerpt":{"rendered":"<p>\u2022 La Fiscal\u00eda Ambiental destac\u00f3 que estas iniciativas buscan reducir residuos, promover su separaci\u00f3n y fortalecer el v\u00ednculo entre gobierno y comunidad En el marco del D\u00eda Nacional de la Nochebuena, el Ayuntamiento de Cuernavaca encabezado por el alcalde Jos\u00e9 Luis Uri\u00f3stegui Salgado, a trav\u00e9s de la Fiscal\u00eda Ambiental, llev\u00f3 a cabo una jornada de [&hellip;]<\/p>\n","protected":false},"author":1,"featured_media":54969,"comment_status":"closed","ping_status":"open","sticky":false,"template":"","format":"standard","meta":[],"categories":[1],"tags":[121,652,120,4320,2674],"aioseo_notices":[],"_links":{"self":[{"href":"https:\/\/cuernavaca.gob.mx\/index.php?rest_route=\/wp\/v2\/posts\/54968"}],"collection":[{"href":"https:\/\/cuernavaca.gob.mx\/index.php?rest_route=\/wp\/v2\/posts"}],"about":[{"href":"https:\/\/cuernavaca.gob.mx\/index.php?rest_route=\/wp\/v2\/types\/post"}],"author":[{"embeddable":true,"href":"https:\/\/cuernavaca.gob.mx\/index.php?rest_route=\/wp\/v2\/users\/1"}],"replies":[{"embeddable":true,"href":"https:\/\/cuernavaca.gob.mx\/index.php?rest_route=%2Fwp%2Fv2%2Fcomments&post=54968"}],"version-history":[{"count":2,"href":"https:\/\/cuernavaca.gob.mx\/index.php?rest_route=\/wp\/v2\/posts\/54968\/revisions"}],"predecessor-version":[{"id":54985,"href":"https:\/\/cuernavaca.gob.mx\/index.php?rest_route=\/wp\/v2\/posts\/54968\/revisions\/54985"}],"wp:featuredmedia":[{"embeddable":true,"href":"https:\/\/cuernavaca.gob.mx\/index.php?rest_route=\/wp\/v2\/media\/54969"}],"wp:attachment":[{"href":"https:\/\/cuernavaca.gob.mx\/index.php?rest_route=%2Fwp%2Fv2%2Fmedia&parent=54968"}],"wp:term":[{"taxonomy":"category","embeddable":true,"href":"https:\/\/cuernavaca.gob.mx\/index.php?rest_route=%2Fwp%2Fv2%2Fcategories&post=54968"},{"taxonomy":"post_tag","embeddable":true,"href":"https:\/\/cuernavaca.gob.mx\/index.php?rest_route=%2Fwp%2Fv2%2Ftags&post=54968"}],"curies":[{"name":"wp","href":"https:\/\/api.w.org\/{rel}","templated":true}]}}