{"id":54976,"date":"2025-12-08T14:15:21","date_gmt":"2025-12-08T20:15:21","guid":{"rendered":"https:\/\/cuernavaca.gob.mx\/?p=54976"},"modified":"2025-12-08T15:55:58","modified_gmt":"2025-12-08T21:55:58","slug":"b784-08-12-25-refuerza-ayuntamiento-de-cuernavaca-condiciones-laborales-de-personal-operativo-con-entrega-de-uniformes","status":"publish","type":"post","link":"https:\/\/cuernavaca.gob.mx\/?p=54976","title":{"rendered":"B784 08\/12\/25 REFUERZA AYUNTAMIENTO DE CUERNAVACA CONDICIONES LABORALES DE PERSONAL OPERATIVO CON ENTREGA DE UNIFORMES"},"content":{"rendered":"<p><strong>\u2022 Jos\u00e9 Luis Uri\u00f3stegui reconoci\u00f3 el esfuerzo diario del personal de Servicios Auxiliares, cuyo trabajo es esencial para el funcionamiento del municipio<\/strong><\/p>\n<p><strong>\u2022 El alcalde resalt\u00f3 que los uniformes deben entregarse durante todo el a\u00f1o, ya que el personal requiere insumos adecuados para desempe\u00f1ar sus tareas con seguridad, dignidad y representatividad<\/strong><\/p>\n<p>Con el prop\u00f3sito de seguir fortaleciendo las condiciones laborales del personal operativo y reafirmar el compromiso institucional con quienes sostienen el funcionamiento diario del Ayuntamiento, el presidente municipal de Cuernavaca, Jos\u00e9 Luis Uri\u00f3stegui Salgado, entreg\u00f3 este lunes m\u00e1s de 40 uniformes a trabajadoras y trabajadores adscritos a la Direcci\u00f3n de Servicios Auxiliares.<\/p>\n<p>Durante el acto realizado en la explanada de la sede Papagayo, el alcalde reconoci\u00f3 el esfuerzo que el personal realiza diariamente, subrayando que su labor es esencial para mantener en \u00f3ptimas condiciones las instalaciones municipales. Destac\u00f3 adem\u00e1s que su participaci\u00f3n es fundamental para garantizar que los eventos en los que el Ayuntamiento tiene presencia se desarrollen adecuadamente y permitan una atenci\u00f3n cercana a la poblaci\u00f3n, ya que &#8220;a trav\u00e9s de lo que hacen, el municipio funciona\u201d.<\/p>\n<p>Uri\u00f3stegui Salgado record\u00f3 que esta entrega forma parte de los compromisos establecidos en las condiciones generales del convenio laboral, enfatizando que los uniformes deben otorgarse sin importar la \u00e9poca del a\u00f1o, pues el personal necesita contar con los insumos adecuados para realizar sus tareas con seguridad, dignidad y representatividad.<\/p>\n<p>La secretaria de Administraci\u00f3n, Rosa Icela G\u00f3mez D\u00edaz, puntualiz\u00f3 que con esta dotaci\u00f3n se beneficia tanto a personal administrativo como de las \u00e1reas de Log\u00edstica y de Mantenimiento y Limpieza de Inmuebles, quienes desempe\u00f1an funciones esenciales para mantener en \u00f3ptimas condiciones los espacios institucionales.<\/p>\n<p>En el acto simb\u00f3lico tambi\u00e9n particip\u00f3 el secretario de Desarrollo Urbano y Obras P\u00fablicas, Demetrio Chavira De la Torre.<\/p>\n<p>Estas acciones se suman a la estrategia municipal implementada desde la primera administraci\u00f3n de Jos\u00e9 Luis Uri\u00f3stegui Salgado para dignificar al personal operativo, mejorar la imagen institucional y fortalecer la calidad del servicio p\u00fablico.<\/p>\n\n\t\t<style type=\"text\/css\">\n\t\t\t#gallery-1 {\n\t\t\t\tmargin: auto;\n\t\t\t}\n\t\t\t#gallery-1 .gallery-item {\n\t\t\t\tfloat: left;\n\t\t\t\tmargin-top: 10px;\n\t\t\t\ttext-align: center;\n\t\t\t\twidth: 33%;\n\t\t\t}\n\t\t\t#gallery-1 img {\n\t\t\t\tborder: 2px solid #cfcfcf;\n\t\t\t}\n\t\t\t#gallery-1 .gallery-caption {\n\t\t\t\tmargin-left: 0;\n\t\t\t}\n\t\t\t\/* see gallery_shortcode() in wp-includes\/media.php *\/\n\t\t<\/style>\n\t\t<div id='gallery-1' class='gallery galleryid-54976 gallery-columns-3 gallery-size-thumbnail'><dl class='gallery-item'>\n\t\t\t<dt class='gallery-icon landscape'>\n\t\t\t\t<a href='https:\/\/cuernavaca.gob.mx\/?attachment_id=54977'><img width=\"150\" height=\"150\" src=\"https:\/\/cuernavaca.gob.mx\/wp-content\/uploads\/2025\/12\/REFUERZA-AYUNTAMIENTO-DE-CUERNAVACA-CONDICIONES-LABORALES-DE-PERSONAL-OPERATIVO-CON-ENTREGA-DE-UNIFORMES-1-150x150.jpg\" class=\"attachment-thumbnail size-thumbnail\" alt=\"\" loading=\"lazy\" \/><\/a>\n\t\t\t<\/dt><\/dl><dl class='gallery-item'>\n\t\t\t<dt class='gallery-icon landscape'>\n\t\t\t\t<a href='https:\/\/cuernavaca.gob.mx\/?attachment_id=54978'><img width=\"150\" height=\"150\" src=\"https:\/\/cuernavaca.gob.mx\/wp-content\/uploads\/2025\/12\/REFUERZA-AYUNTAMIENTO-DE-CUERNAVACA-CONDICIONES-LABORALES-DE-PERSONAL-OPERATIVO-CON-ENTREGA-DE-UNIFORMES-2-150x150.jpg\" class=\"attachment-thumbnail size-thumbnail\" alt=\"\" loading=\"lazy\" \/><\/a>\n\t\t\t<\/dt><\/dl><dl class='gallery-item'>\n\t\t\t<dt class='gallery-icon landscape'>\n\t\t\t\t<a href='https:\/\/cuernavaca.gob.mx\/?attachment_id=54979'><img width=\"150\" height=\"150\" src=\"https:\/\/cuernavaca.gob.mx\/wp-content\/uploads\/2025\/12\/REFUERZA-AYUNTAMIENTO-DE-CUERNAVACA-CONDICIONES-LABORALES-DE-PERSONAL-OPERATIVO-CON-ENTREGA-DE-UNIFORMES-4-150x150.jpg\" class=\"attachment-thumbnail size-thumbnail\" alt=\"\" loading=\"lazy\" \/><\/a>\n\t\t\t<\/dt><\/dl><br style=\"clear: both\" \/><dl class='gallery-item'>\n\t\t\t<dt class='gallery-icon landscape'>\n\t\t\t\t<a href='https:\/\/cuernavaca.gob.mx\/?attachment_id=54980'><img width=\"150\" height=\"150\" src=\"https:\/\/cuernavaca.gob.mx\/wp-content\/uploads\/2025\/12\/REFUERZA-AYUNTAMIENTO-DE-CUERNAVACA-CONDICIONES-LABORALES-DE-PERSONAL-OPERATIVO-CON-ENTREGA-DE-UNIFORMES-5-150x150.jpg\" class=\"attachment-thumbnail size-thumbnail\" alt=\"\" loading=\"lazy\" \/><\/a>\n\t\t\t<\/dt><\/dl><dl class='gallery-item'>\n\t\t\t<dt class='gallery-icon landscape'>\n\t\t\t\t<a href='https:\/\/cuernavaca.gob.mx\/?attachment_id=54981'><img width=\"150\" height=\"150\" src=\"https:\/\/cuernavaca.gob.mx\/wp-content\/uploads\/2025\/12\/REFUERZA-AYUNTAMIENTO-DE-CUERNAVACA-CONDICIONES-LABORALES-DE-PERSONAL-OPERATIVO-CON-ENTREGA-DE-UNIFORMES-6-150x150.jpg\" class=\"attachment-thumbnail size-thumbnail\" alt=\"\" loading=\"lazy\" \/><\/a>\n\t\t\t<\/dt><\/dl><dl class='gallery-item'>\n\t\t\t<dt class='gallery-icon landscape'>\n\t\t\t\t<a href='https:\/\/cuernavaca.gob.mx\/?attachment_id=54982'><img width=\"150\" height=\"150\" src=\"https:\/\/cuernavaca.gob.mx\/wp-content\/uploads\/2025\/12\/REFUERZA-AYUNTAMIENTO-DE-CUERNAVACA-CONDICIONES-LABORALES-DE-PERSONAL-OPERATIVO-CON-ENTREGA-DE-UNIFORMES-7-150x150.jpg\" class=\"attachment-thumbnail size-thumbnail\" alt=\"\" loading=\"lazy\" \/><\/a>\n\t\t\t<\/dt><\/dl><br style=\"clear: both\" \/><dl class='gallery-item'>\n\t\t\t<dt class='gallery-icon landscape'>\n\t\t\t\t<a href='https:\/\/cuernavaca.gob.mx\/?attachment_id=54983'><img width=\"150\" height=\"150\" src=\"https:\/\/cuernavaca.gob.mx\/wp-content\/uploads\/2025\/12\/REFUERZA-AYUNTAMIENTO-DE-CUERNAVACA-CONDICIONES-LABORALES-DE-PERSONAL-OPERATIVO-CON-ENTREGA-DE-UNIFORMES-8-150x150.jpg\" class=\"attachment-thumbnail size-thumbnail\" alt=\"\" loading=\"lazy\" \/><\/a>\n\t\t\t<\/dt><\/dl>\n\t\t\t<br style='clear: both' \/>\n\t\t<\/div>\n\n","protected":false},"excerpt":{"rendered":"<p>\u2022 Jos\u00e9 Luis Uri\u00f3stegui reconoci\u00f3 el esfuerzo diario del personal de Servicios Auxiliares, cuyo trabajo es esencial para el funcionamiento del municipio \u2022 El alcalde resalt\u00f3 que los uniformes deben entregarse durante todo el a\u00f1o, ya que el personal requiere insumos adecuados para desempe\u00f1ar sus tareas con seguridad, dignidad y representatividad Con el prop\u00f3sito de [&hellip;]<\/p>\n","protected":false},"author":1,"featured_media":54982,"comment_status":"closed","ping_status":"open","sticky":false,"template":"","format":"standard","meta":[],"categories":[1],"tags":[121,120,372,1899],"aioseo_notices":[],"_links":{"self":[{"href":"https:\/\/cuernavaca.gob.mx\/index.php?rest_route=\/wp\/v2\/posts\/54976"}],"collection":[{"href":"https:\/\/cuernavaca.gob.mx\/index.php?rest_route=\/wp\/v2\/posts"}],"about":[{"href":"https:\/\/cuernavaca.gob.mx\/index.php?rest_route=\/wp\/v2\/types\/post"}],"author":[{"embeddable":true,"href":"https:\/\/cuernavaca.gob.mx\/index.php?rest_route=\/wp\/v2\/users\/1"}],"replies":[{"embeddable":true,"href":"https:\/\/cuernavaca.gob.mx\/index.php?rest_route=%2Fwp%2Fv2%2Fcomments&post=54976"}],"version-history":[{"count":1,"href":"https:\/\/cuernavaca.gob.mx\/index.php?rest_route=\/wp\/v2\/posts\/54976\/revisions"}],"predecessor-version":[{"id":54984,"href":"https:\/\/cuernavaca.gob.mx\/index.php?rest_route=\/wp\/v2\/posts\/54976\/revisions\/54984"}],"wp:featuredmedia":[{"embeddable":true,"href":"https:\/\/cuernavaca.gob.mx\/index.php?rest_route=\/wp\/v2\/media\/54982"}],"wp:attachment":[{"href":"https:\/\/cuernavaca.gob.mx\/index.php?rest_route=%2Fwp%2Fv2%2Fmedia&parent=54976"}],"wp:term":[{"taxonomy":"category","embeddable":true,"href":"https:\/\/cuernavaca.gob.mx\/index.php?rest_route=%2Fwp%2Fv2%2Fcategories&post=54976"},{"taxonomy":"post_tag","embeddable":true,"href":"https:\/\/cuernavaca.gob.mx\/index.php?rest_route=%2Fwp%2Fv2%2Ftags&post=54976"}],"curies":[{"name":"wp","href":"https:\/\/api.w.org\/{rel}","templated":true}]}}