{"id":54986,"date":"2025-12-09T11:44:55","date_gmt":"2025-12-09T17:44:55","guid":{"rendered":"https:\/\/cuernavaca.gob.mx\/?p=54986"},"modified":"2025-12-09T11:44:55","modified_gmt":"2025-12-09T17:44:55","slug":"b785-9-12-2025-cuernavaca-avanza-con-finanzas-solidas-y-responsabilidad-en-el-manejo-de-adeudos-historicos-en-la-administracion-del-alcalde-jose-luis-uriostegui-salgado","status":"publish","type":"post","link":"https:\/\/cuernavaca.gob.mx\/?p=54986","title":{"rendered":"B785 9\/12\/2025 CUERNAVACA AVANZA CON FINANZAS S\u00d3LIDAS Y RESPONSABILIDAD EN EL MANEJO DE ADEUDOS HIST\u00d3RICOS EN LA ADMINISTRACI\u00d3N DEL ALCALDE JOS\u00c9 LUIS URI\u00d3STEGUI SALGADO"},"content":{"rendered":"<p>* La gesti\u00f3n financiera del Ayuntamiento ha permitido saldar adeudos hist\u00f3ricos, eliminar la deuda bancaria, responder a obligaciones fiscales y judiciales y, al mismo tiempo, invertir m\u00e1s de 200 millones en infraestructura<\/p>\n<p>Durante el primer a\u00f1o de gesti\u00f3n del alcalde Jos\u00e9 Luis Uri\u00f3stegui Salgado en este segundo periodo de gobierno, Cuernavaca se ha consolidado como un referente estatal en el manejo responsable de las finanzas p\u00fablicas, manteniendo una calificaci\u00f3n financiera estable, mayor liquidez y la capacidad de continuar liquidando adeudos hist\u00f3ricos sin afectar la obra p\u00fablica ni la atenci\u00f3n a la ciudadan\u00eda. El Ayuntamiento confirma as\u00ed que las obligaciones heredadas no representan un freno para seguir construyendo la ciudad que merecemos.<\/p>\n<p>Cuando Jos\u00e9 Luis Uri\u00f3stegui Salgado asumi\u00f3 su primera administraci\u00f3n el 01 de enero de 2022, recibi\u00f3 una deuda de mil 046 millones de pesos. Para su tercer informe de gobierno en 2024, report\u00f3 una reducci\u00f3n significativa, dejando la deuda en 224 millones de pesos. Al inicio de esta segunda gesti\u00f3n se notificaron nuevas sentencias relacionadas con cr\u00e9ditos que deb\u00edan pagarse este a\u00f1o y que no estaban registrados en la contabilidad municipal; sin embargo, gracias al buen manejo financiero, el municipio ha podido hacer frente a estas obligaciones.<\/p>\n<p>Entre los adeudos identificados se encuentra el pago a una empresa que realiz\u00f3 obras de pavimentaci\u00f3n durante la administraci\u00f3n 2016\u2013 2018, las cuales hab\u00edan sido presentadas como donaci\u00f3n, pero al final fueron contratadas y no liquidadas oportunamente. Asimismo, se atiende un cr\u00e9dito fiscal de mayor dimensi\u00f3n ante el Servicio de Administraci\u00f3n Tributaria (SAT), actualmente en proceso de pago y liquidaci\u00f3n.<\/p>\n<p>El Ayuntamiento, a trav\u00e9s de la Tesorer\u00eda Municipal, ha asumido estos compromisos con responsabilidad, evitando pr\u00e1cticas de administraciones anteriores que pospon\u00edan los pagos y generaban incrementos considerables en la deuda. En 2024, la primera administraci\u00f3n de Uri\u00f3stegui Salgado liquid\u00f3 el total de la deuda bancaria, pagando m\u00e1s de 222 millones de pesos, lo que representa un hecho hist\u00f3rico al dejar a Cuernavaca sin deuda bancaria. Adem\u00e1s, se han cubierto aproximadamente 360 millones de pesos correspondientes a adeudos ante el SAT heredados, as\u00ed como laudos y sentencias, incluyendo 321 millones de pesos tan solo en este a\u00f1o. A pesar de estos compromisos, la ciudad mantuvo su ritmo de desarrollo con m\u00e1s de 200 millones de pesos invertidos en infraestructura.<\/p>\n<p>En el presupuesto 2025 el Ayuntamiento redujo la partida destinada a Adeudos de Ejercicios Fiscales Anteriores (ADEFAS), permitiendo redistribuir los recursos hacia inversi\u00f3n p\u00fablica y servicios municipales. Reducir y abatir la deuda ha generado margen para fortalecer programas y proyectos que benefician directamente a la poblaci\u00f3n.<\/p>\n<p>Con estabilidad financiera, inversi\u00f3n constante y una visi\u00f3n de desarrollo sostenido, el Gobierno Municipal proyecta un futuro de mayor crecimiento y bienestar para todas y todos. Seguimos avanzando con firmeza hacia una ciudad m\u00e1s pr\u00f3spera, segura y equitativa. Cuatro a\u00f1os trabajando por la ciudad que merecemos.<\/p>\n<p>&nbsp;<\/p>\n\n\t\t<style type=\"text\/css\">\n\t\t\t#gallery-1 {\n\t\t\t\tmargin: auto;\n\t\t\t}\n\t\t\t#gallery-1 .gallery-item {\n\t\t\t\tfloat: left;\n\t\t\t\tmargin-top: 10px;\n\t\t\t\ttext-align: center;\n\t\t\t\twidth: 33%;\n\t\t\t}\n\t\t\t#gallery-1 img {\n\t\t\t\tborder: 2px solid #cfcfcf;\n\t\t\t}\n\t\t\t#gallery-1 .gallery-caption {\n\t\t\t\tmargin-left: 0;\n\t\t\t}\n\t\t\t\/* see gallery_shortcode() in wp-includes\/media.php *\/\n\t\t<\/style>\n\t\t<div id='gallery-1' class='gallery galleryid-54986 gallery-columns-3 gallery-size-thumbnail'><dl class='gallery-item'>\n\t\t\t<dt class='gallery-icon landscape'>\n\t\t\t\t<a href='https:\/\/cuernavaca.gob.mx\/?attachment_id=54987'><img width=\"150\" height=\"150\" src=\"https:\/\/cuernavaca.gob.mx\/wp-content\/uploads\/2025\/12\/IMG-20251209-WA0102-150x150.jpg\" class=\"attachment-thumbnail size-thumbnail\" alt=\"\" loading=\"lazy\" srcset=\"https:\/\/cuernavaca.gob.mx\/wp-content\/uploads\/2025\/12\/IMG-20251209-WA0102-150x150.jpg 150w, https:\/\/cuernavaca.gob.mx\/wp-content\/uploads\/2025\/12\/IMG-20251209-WA0102-300x300.jpg 300w, https:\/\/cuernavaca.gob.mx\/wp-content\/uploads\/2025\/12\/IMG-20251209-WA0102-1024x1024.jpg 1024w, https:\/\/cuernavaca.gob.mx\/wp-content\/uploads\/2025\/12\/IMG-20251209-WA0102-768x768.jpg 768w, https:\/\/cuernavaca.gob.mx\/wp-content\/uploads\/2025\/12\/IMG-20251209-WA0102-600x600.jpg 600w, https:\/\/cuernavaca.gob.mx\/wp-content\/uploads\/2025\/12\/IMG-20251209-WA0102-560x560.jpg 560w, https:\/\/cuernavaca.gob.mx\/wp-content\/uploads\/2025\/12\/IMG-20251209-WA0102.jpg 1280w\" sizes=\"(max-width: 150px) 100vw, 150px\" \/><\/a>\n\t\t\t<\/dt><\/dl><dl class='gallery-item'>\n\t\t\t<dt class='gallery-icon landscape'>\n\t\t\t\t<a href='https:\/\/cuernavaca.gob.mx\/?attachment_id=54988'><img width=\"150\" height=\"150\" src=\"https:\/\/cuernavaca.gob.mx\/wp-content\/uploads\/2025\/12\/IMG-20251209-WA0101-150x150.jpg\" class=\"attachment-thumbnail size-thumbnail\" alt=\"\" loading=\"lazy\" srcset=\"https:\/\/cuernavaca.gob.mx\/wp-content\/uploads\/2025\/12\/IMG-20251209-WA0101-150x150.jpg 150w, https:\/\/cuernavaca.gob.mx\/wp-content\/uploads\/2025\/12\/IMG-20251209-WA0101-300x300.jpg 300w, https:\/\/cuernavaca.gob.mx\/wp-content\/uploads\/2025\/12\/IMG-20251209-WA0101-1024x1024.jpg 1024w, https:\/\/cuernavaca.gob.mx\/wp-content\/uploads\/2025\/12\/IMG-20251209-WA0101-768x768.jpg 768w, https:\/\/cuernavaca.gob.mx\/wp-content\/uploads\/2025\/12\/IMG-20251209-WA0101-600x600.jpg 600w, https:\/\/cuernavaca.gob.mx\/wp-content\/uploads\/2025\/12\/IMG-20251209-WA0101-560x560.jpg 560w, https:\/\/cuernavaca.gob.mx\/wp-content\/uploads\/2025\/12\/IMG-20251209-WA0101.jpg 1280w\" sizes=\"(max-width: 150px) 100vw, 150px\" \/><\/a>\n\t\t\t<\/dt><\/dl><dl class='gallery-item'>\n\t\t\t<dt class='gallery-icon landscape'>\n\t\t\t\t<a href='https:\/\/cuernavaca.gob.mx\/?attachment_id=54989'><img width=\"150\" height=\"150\" src=\"https:\/\/cuernavaca.gob.mx\/wp-content\/uploads\/2025\/12\/IMG-20251209-WA0100-150x150.jpg\" class=\"attachment-thumbnail size-thumbnail\" alt=\"\" loading=\"lazy\" srcset=\"https:\/\/cuernavaca.gob.mx\/wp-content\/uploads\/2025\/12\/IMG-20251209-WA0100-150x150.jpg 150w, https:\/\/cuernavaca.gob.mx\/wp-content\/uploads\/2025\/12\/IMG-20251209-WA0100-300x300.jpg 300w, https:\/\/cuernavaca.gob.mx\/wp-content\/uploads\/2025\/12\/IMG-20251209-WA0100-1024x1024.jpg 1024w, https:\/\/cuernavaca.gob.mx\/wp-content\/uploads\/2025\/12\/IMG-20251209-WA0100-768x768.jpg 768w, https:\/\/cuernavaca.gob.mx\/wp-content\/uploads\/2025\/12\/IMG-20251209-WA0100-600x600.jpg 600w, https:\/\/cuernavaca.gob.mx\/wp-content\/uploads\/2025\/12\/IMG-20251209-WA0100-560x560.jpg 560w, https:\/\/cuernavaca.gob.mx\/wp-content\/uploads\/2025\/12\/IMG-20251209-WA0100.jpg 1280w\" sizes=\"(max-width: 150px) 100vw, 150px\" \/><\/a>\n\t\t\t<\/dt><\/dl><br style=\"clear: both\" \/><dl class='gallery-item'>\n\t\t\t<dt class='gallery-icon landscape'>\n\t\t\t\t<a href='https:\/\/cuernavaca.gob.mx\/?attachment_id=54990'><img width=\"150\" height=\"150\" src=\"https:\/\/cuernavaca.gob.mx\/wp-content\/uploads\/2025\/12\/IMG-20251209-WA0099-150x150.jpg\" class=\"attachment-thumbnail size-thumbnail\" alt=\"\" loading=\"lazy\" srcset=\"https:\/\/cuernavaca.gob.mx\/wp-content\/uploads\/2025\/12\/IMG-20251209-WA0099-150x150.jpg 150w, https:\/\/cuernavaca.gob.mx\/wp-content\/uploads\/2025\/12\/IMG-20251209-WA0099-300x300.jpg 300w, https:\/\/cuernavaca.gob.mx\/wp-content\/uploads\/2025\/12\/IMG-20251209-WA0099-1024x1024.jpg 1024w, https:\/\/cuernavaca.gob.mx\/wp-content\/uploads\/2025\/12\/IMG-20251209-WA0099-768x768.jpg 768w, https:\/\/cuernavaca.gob.mx\/wp-content\/uploads\/2025\/12\/IMG-20251209-WA0099-600x600.jpg 600w, https:\/\/cuernavaca.gob.mx\/wp-content\/uploads\/2025\/12\/IMG-20251209-WA0099-560x560.jpg 560w, https:\/\/cuernavaca.gob.mx\/wp-content\/uploads\/2025\/12\/IMG-20251209-WA0099.jpg 1280w\" sizes=\"(max-width: 150px) 100vw, 150px\" \/><\/a>\n\t\t\t<\/dt><\/dl>\n\t\t\t<br style='clear: both' \/>\n\t\t<\/div>\n\n","protected":false},"excerpt":{"rendered":"<p>* La gesti\u00f3n financiera del Ayuntamiento ha permitido saldar adeudos hist\u00f3ricos, eliminar la deuda bancaria, responder a obligaciones fiscales y judiciales y, al mismo tiempo, invertir m\u00e1s de 200 millones en infraestructura Durante el primer a\u00f1o de gesti\u00f3n del alcalde Jos\u00e9 Luis Uri\u00f3stegui Salgado en este segundo periodo de gobierno, Cuernavaca se ha consolidado como [&hellip;]<\/p>\n","protected":false},"author":1,"featured_media":54990,"comment_status":"closed","ping_status":"open","sticky":false,"template":"","format":"standard","meta":[],"categories":[2294],"tags":[],"aioseo_notices":[],"_links":{"self":[{"href":"https:\/\/cuernavaca.gob.mx\/index.php?rest_route=\/wp\/v2\/posts\/54986"}],"collection":[{"href":"https:\/\/cuernavaca.gob.mx\/index.php?rest_route=\/wp\/v2\/posts"}],"about":[{"href":"https:\/\/cuernavaca.gob.mx\/index.php?rest_route=\/wp\/v2\/types\/post"}],"author":[{"embeddable":true,"href":"https:\/\/cuernavaca.gob.mx\/index.php?rest_route=\/wp\/v2\/users\/1"}],"replies":[{"embeddable":true,"href":"https:\/\/cuernavaca.gob.mx\/index.php?rest_route=%2Fwp%2Fv2%2Fcomments&post=54986"}],"version-history":[{"count":1,"href":"https:\/\/cuernavaca.gob.mx\/index.php?rest_route=\/wp\/v2\/posts\/54986\/revisions"}],"predecessor-version":[{"id":54991,"href":"https:\/\/cuernavaca.gob.mx\/index.php?rest_route=\/wp\/v2\/posts\/54986\/revisions\/54991"}],"wp:featuredmedia":[{"embeddable":true,"href":"https:\/\/cuernavaca.gob.mx\/index.php?rest_route=\/wp\/v2\/media\/54990"}],"wp:attachment":[{"href":"https:\/\/cuernavaca.gob.mx\/index.php?rest_route=%2Fwp%2Fv2%2Fmedia&parent=54986"}],"wp:term":[{"taxonomy":"category","embeddable":true,"href":"https:\/\/cuernavaca.gob.mx\/index.php?rest_route=%2Fwp%2Fv2%2Fcategories&post=54986"},{"taxonomy":"post_tag","embeddable":true,"href":"https:\/\/cuernavaca.gob.mx\/index.php?rest_route=%2Fwp%2Fv2%2Ftags&post=54986"}],"curies":[{"name":"wp","href":"https:\/\/api.w.org\/{rel}","templated":true}]}}