{"id":54992,"date":"2025-12-09T11:49:10","date_gmt":"2025-12-09T17:49:10","guid":{"rendered":"https:\/\/cuernavaca.gob.mx\/?p=54992"},"modified":"2025-12-09T11:49:10","modified_gmt":"2025-12-09T17:49:10","slug":"b786-9-12-2025-evaluar-beneficios-reales-a-mujeres-en-seguridad-y-servicios-pide-el-alcalde-a-su-gabinete","status":"publish","type":"post","link":"https:\/\/cuernavaca.gob.mx\/?p=54992","title":{"rendered":"B786 9\/12\/2025 EVALUAR BENEFICIOS REALES A MUJERES, EN SEGURIDAD Y SERVICIOS, PIDE EL ALCALDE A SU GABINETE"},"content":{"rendered":"<p>\u2022 El Presidente Municipal Jos\u00e9 Uri\u00f3stegui Salgado encabez\u00f3 la tercera sesi\u00f3n del PASEMUN y pidi\u00f3 consolidar beneficios reales a las mujeres de Cuernavaca<\/p>\n<p>\u2022 Lorena Elizabeth Castillo, Secretar\u00eda T\u00e9cnica de la Comisi\u00f3n pidi\u00f3 a integrantes de la Comisi\u00f3n incrementar colaboraci\u00f3n con el IMC<\/p>\n<p>\u201cLas mujeres de Cuernavaca exigen sentirse seguras, que puedan caminar libremente por las calles, sin ser violentadas psicol\u00f3gica, f\u00edsica o emocionalmente y, para ello se requiere ir m\u00e1s all\u00e1 del cumplir con indicadores, eso es protocolo; necesitamos saber c\u00f3mo nuestros esfuerzos inciden realmente en erradicar la violencia contra las mujeres.\u201d<\/p>\n<p>As\u00ed lo indic\u00f3 el Presidente Municipal, Jos\u00e9 Luis Uri\u00f3stegui Salgado, al concluir la tercera y \u00faltima Sesi\u00f3n Ordinaria 2025 del Comit\u00e9 Municipal para Prevenir, Atender, Sancionar y Erradicar la Violencia contra las Mujeres (PASEMUN), en la que advirti\u00f3 a funcionarios y funcionarios de su gabinete: \u201cNo participen en estas sesiones del PASEMUN como si vinieran a rendir examen; todas y todos cumplen algunas metas. S\u00e9 que unas y otros cumplen algunas metas, pero afuera de las oficinas que ocupamos la realidad es distinta;\u201d por lo que reconoci\u00f3 fallas y carencias en servicios p\u00fablicos que afectan a la poblaci\u00f3n en general y, espec\u00edficamente, a las mujeres.<\/p>\n<p>Por su parte, Lorena Elizabeth Castillo, secretar\u00eda t\u00e9cnica del PASEMUN y directora del Instituto de la Mujer de Cuernavaca (IMC), reconoci\u00f3 el trabajo de cada titular y equipos de trabajo de las distintas \u00e1reas de la administraci\u00f3n municipal en la consolidaci\u00f3n de los objetivos de atenci\u00f3n y prevenci\u00f3n de la violencia contra mujeres.<\/p>\n<p>Por lo que admiti\u00f3 que, con el fortalecimiento de estos esfuerzos en la erradicaci\u00f3n de la violencia, esta eliminaci\u00f3n se lograr\u00e1 en un futuro; ante lo cual resalt\u00f3 la importancia de incrementar la colaboraci\u00f3n entre las \u00e1reas de la administraci\u00f3n municipal con el IMC.<\/p>\n<p>Algunos indicadores espec\u00edficos del IMC y las distintas \u00e1reas incluyen: marchas, exploratorias, registros en el Banco Estatal de Datos e Informaci\u00f3n sobre Casos de Violencia contra las Mujeres (BANESVIM), talleres de prevenci\u00f3n de violencia en el noviazgo, capacitaciones en perspectiva de g\u00e9nero a funcionarias y funcionarios, ciudadanos y alumnos de educaci\u00f3n b\u00e1sica informados, espacios p\u00fablicos, proporcionados a mujeres, entre otros.<\/p>\n<p>Como tambi\u00e9n el resto de las siete dependencias entregaron los resultados de sus respectivos indicadores, como alumbrado p\u00fablico, campa\u00f1as de cero tolerancia a la violencia, sobre la Alerta de Violencia de G\u00e9nero (AVG), sobre conciencia social, polic\u00edas capacitados en perspectiva de g\u00e9nero, entre otros indicadores.<\/p>\n<p>Adem\u00e1s de los ya mencionados participaron en la tercera sesi\u00f3n del PASEMUN: Elia Ortiz Garc\u00eda, regidora y presidenta de la Comisi\u00f3n de Igualdad y Equidad de G\u00e9nero; Erika Lastra, regidora de Innovaci\u00f3n y los titulares de las secretar\u00edas de Desarrollo Humano y Participaci\u00f3n Social, Sandra Adelina Pinz\u00f3n; Protecci\u00f3n y Auxilio Ciudadano, Guillermo Garc\u00eda; Secretariado Ejecutivo del Consejo Municipal, Christian Carmona; Desarrollo Sustentable y Servicios P\u00fablicos, Guillermo L\u00f3pez, y Desarrollo Urbano y Obras P\u00fablicas, Demetrio Chavira.<\/p>\n<p>Asimismo, estuvieron la contralora municipal, Tania Berenice Ulloa; la secretaria de Administraci\u00f3n, Rosa Isela G\u00f3mez; la directora del Sistema DIF Cuernavaca, Mirna Mireya Delgado Romero; el director general de Comunicaci\u00f3n Social, Jorge Jim\u00e9nez Ocampo; as\u00ed como los representantes de la Regidur\u00eda de Bienestar Social, la Secretar\u00eda de Turismo y el SAPAC.<\/p>\n<p>&nbsp;<\/p>\n\n\t\t<style type=\"text\/css\">\n\t\t\t#gallery-1 {\n\t\t\t\tmargin: auto;\n\t\t\t}\n\t\t\t#gallery-1 .gallery-item {\n\t\t\t\tfloat: left;\n\t\t\t\tmargin-top: 10px;\n\t\t\t\ttext-align: center;\n\t\t\t\twidth: 33%;\n\t\t\t}\n\t\t\t#gallery-1 img {\n\t\t\t\tborder: 2px solid #cfcfcf;\n\t\t\t}\n\t\t\t#gallery-1 .gallery-caption {\n\t\t\t\tmargin-left: 0;\n\t\t\t}\n\t\t\t\/* see gallery_shortcode() in wp-includes\/media.php *\/\n\t\t<\/style>\n\t\t<div id='gallery-1' class='gallery galleryid-54992 gallery-columns-3 gallery-size-thumbnail'><dl class='gallery-item'>\n\t\t\t<dt class='gallery-icon landscape'>\n\t\t\t\t<a href='https:\/\/cuernavaca.gob.mx\/?attachment_id=54993'><img width=\"150\" height=\"150\" src=\"https:\/\/cuernavaca.gob.mx\/wp-content\/uploads\/2025\/12\/IMG-20251209-WA0108-150x150.jpg\" class=\"attachment-thumbnail size-thumbnail\" alt=\"\" loading=\"lazy\" \/><\/a>\n\t\t\t<\/dt><\/dl><dl class='gallery-item'>\n\t\t\t<dt class='gallery-icon landscape'>\n\t\t\t\t<a href='https:\/\/cuernavaca.gob.mx\/?attachment_id=54994'><img width=\"150\" height=\"150\" src=\"https:\/\/cuernavaca.gob.mx\/wp-content\/uploads\/2025\/12\/IMG-20251209-WA0107-150x150.jpg\" class=\"attachment-thumbnail size-thumbnail\" alt=\"\" loading=\"lazy\" \/><\/a>\n\t\t\t<\/dt><\/dl><dl class='gallery-item'>\n\t\t\t<dt class='gallery-icon landscape'>\n\t\t\t\t<a href='https:\/\/cuernavaca.gob.mx\/?attachment_id=54995'><img width=\"150\" height=\"150\" src=\"https:\/\/cuernavaca.gob.mx\/wp-content\/uploads\/2025\/12\/IMG-20251209-WA0106-150x150.jpg\" class=\"attachment-thumbnail size-thumbnail\" alt=\"\" loading=\"lazy\" \/><\/a>\n\t\t\t<\/dt><\/dl><br style=\"clear: both\" \/><dl class='gallery-item'>\n\t\t\t<dt class='gallery-icon landscape'>\n\t\t\t\t<a href='https:\/\/cuernavaca.gob.mx\/?attachment_id=54996'><img width=\"150\" height=\"150\" src=\"https:\/\/cuernavaca.gob.mx\/wp-content\/uploads\/2025\/12\/IMG-20251209-WA0105-150x150.jpg\" class=\"attachment-thumbnail size-thumbnail\" alt=\"\" loading=\"lazy\" \/><\/a>\n\t\t\t<\/dt><\/dl><dl class='gallery-item'>\n\t\t\t<dt class='gallery-icon landscape'>\n\t\t\t\t<a href='https:\/\/cuernavaca.gob.mx\/?attachment_id=54997'><img width=\"150\" height=\"150\" src=\"https:\/\/cuernavaca.gob.mx\/wp-content\/uploads\/2025\/12\/IMG-20251209-WA0104-150x150.jpg\" class=\"attachment-thumbnail size-thumbnail\" alt=\"\" loading=\"lazy\" \/><\/a>\n\t\t\t<\/dt><\/dl><dl class='gallery-item'>\n\t\t\t<dt class='gallery-icon landscape'>\n\t\t\t\t<a href='https:\/\/cuernavaca.gob.mx\/?attachment_id=54998'><img width=\"150\" height=\"150\" src=\"https:\/\/cuernavaca.gob.mx\/wp-content\/uploads\/2025\/12\/IMG-20251209-WA0103-150x150.jpg\" class=\"attachment-thumbnail size-thumbnail\" alt=\"\" loading=\"lazy\" \/><\/a>\n\t\t\t<\/dt><\/dl><br style=\"clear: both\" \/>\n\t\t<\/div>\n\n","protected":false},"excerpt":{"rendered":"<p>\u2022 El Presidente Municipal Jos\u00e9 Uri\u00f3stegui Salgado encabez\u00f3 la tercera sesi\u00f3n del PASEMUN y pidi\u00f3 consolidar beneficios reales a las mujeres de Cuernavaca \u2022 Lorena Elizabeth Castillo, Secretar\u00eda T\u00e9cnica de la Comisi\u00f3n pidi\u00f3 a integrantes de la Comisi\u00f3n incrementar colaboraci\u00f3n con el IMC \u201cLas mujeres de Cuernavaca exigen sentirse seguras, que puedan caminar libremente por [&hellip;]<\/p>\n","protected":false},"author":1,"featured_media":54997,"comment_status":"closed","ping_status":"open","sticky":false,"template":"","format":"standard","meta":[],"categories":[280],"tags":[],"aioseo_notices":[],"_links":{"self":[{"href":"https:\/\/cuernavaca.gob.mx\/index.php?rest_route=\/wp\/v2\/posts\/54992"}],"collection":[{"href":"https:\/\/cuernavaca.gob.mx\/index.php?rest_route=\/wp\/v2\/posts"}],"about":[{"href":"https:\/\/cuernavaca.gob.mx\/index.php?rest_route=\/wp\/v2\/types\/post"}],"author":[{"embeddable":true,"href":"https:\/\/cuernavaca.gob.mx\/index.php?rest_route=\/wp\/v2\/users\/1"}],"replies":[{"embeddable":true,"href":"https:\/\/cuernavaca.gob.mx\/index.php?rest_route=%2Fwp%2Fv2%2Fcomments&post=54992"}],"version-history":[{"count":1,"href":"https:\/\/cuernavaca.gob.mx\/index.php?rest_route=\/wp\/v2\/posts\/54992\/revisions"}],"predecessor-version":[{"id":54999,"href":"https:\/\/cuernavaca.gob.mx\/index.php?rest_route=\/wp\/v2\/posts\/54992\/revisions\/54999"}],"wp:featuredmedia":[{"embeddable":true,"href":"https:\/\/cuernavaca.gob.mx\/index.php?rest_route=\/wp\/v2\/media\/54997"}],"wp:attachment":[{"href":"https:\/\/cuernavaca.gob.mx\/index.php?rest_route=%2Fwp%2Fv2%2Fmedia&parent=54992"}],"wp:term":[{"taxonomy":"category","embeddable":true,"href":"https:\/\/cuernavaca.gob.mx\/index.php?rest_route=%2Fwp%2Fv2%2Fcategories&post=54992"},{"taxonomy":"post_tag","embeddable":true,"href":"https:\/\/cuernavaca.gob.mx\/index.php?rest_route=%2Fwp%2Fv2%2Ftags&post=54992"}],"curies":[{"name":"wp","href":"https:\/\/api.w.org\/{rel}","templated":true}]}}