{"id":55001,"date":"2025-12-09T12:05:48","date_gmt":"2025-12-09T18:05:48","guid":{"rendered":"https:\/\/cuernavaca.gob.mx\/?p=55001"},"modified":"2025-12-09T12:05:48","modified_gmt":"2025-12-09T18:05:48","slug":"f130-9-12-2025-jose-luis-uriostegui-impulsa-el-desarrollo-economico-del-sector-automotriz-en-cuernavaca","status":"publish","type":"post","link":"https:\/\/cuernavaca.gob.mx\/?p=55001","title":{"rendered":"F130 9\/12\/2025 JOS\u00c9 LUIS URIOSTEGUI IMPULSA EL DESARROLLO ECON\u00d3MICO DEL SECTOR AUTOMOTRIZ EN CUERNAVACA"},"content":{"rendered":"<p>El presidente municipal de Cuernavaca, Jos\u00e9 Luis Uri\u00f3stegui Salgado, reiter\u00f3 el compromiso de su administraci\u00f3n con el sector automotriz, al reconocer p\u00fablicamente la confianza y la labor de la Asociaci\u00f3n Mexicana de Distribuidores de Automotores (AMDA), cuya participaci\u00f3n ha sido clave para impulsar el desarrollo econ\u00f3mico tanto del estado como de la capital morelense.<\/p>\n<p>&nbsp;<\/p>\n<p>En el marco de su evento de fin de a\u00f1o, el alcalde agradeci\u00f3 la invitaci\u00f3n de Bernardo Mario Ramos Madrid, presidente de AMDA Morelos, y de Susana Cort\u00e9s Nieto, directora de AMDA Morelos, as\u00ed como la confianza que ha tenido el sector para instalarse en Cuernavaca, donde actualmente operan 30 agencias de veh\u00edculos nuevos. Subray\u00f3 que este crecimiento no ha sido sencillo, por lo cual desde la administraci\u00f3n municipal se ha procurado generar una sinergia para agilizar tr\u00e1mites, facilitar la llegada de inversi\u00f3n y brindar espacios adecuados para que la ciudadan\u00eda conozca los servicios que ofrecen.<\/p>\n<p>&nbsp;<\/p>\n<p style=\"text-align: left;\">Uri\u00f3stegui Salgado enfatiz\u00f3 que la colaboraci\u00f3n constante con AMDA fortalece la actividad econ\u00f3mica local, pues el sector automotriz representa un motor relevante de empleo, inversi\u00f3n y competitividad. Refrend\u00f3 que su gobierno mantendr\u00e1 las puertas abiertas para seguir consolidando este rubro como uno de los pilares del desarrollo econ\u00f3mico de Cuernavaca.<\/p>\n\n\t\t<style type=\"text\/css\">\n\t\t\t#gallery-1 {\n\t\t\t\tmargin: auto;\n\t\t\t}\n\t\t\t#gallery-1 .gallery-item {\n\t\t\t\tfloat: left;\n\t\t\t\tmargin-top: 10px;\n\t\t\t\ttext-align: center;\n\t\t\t\twidth: 33%;\n\t\t\t}\n\t\t\t#gallery-1 img {\n\t\t\t\tborder: 2px solid #cfcfcf;\n\t\t\t}\n\t\t\t#gallery-1 .gallery-caption {\n\t\t\t\tmargin-left: 0;\n\t\t\t}\n\t\t\t\/* see gallery_shortcode() in wp-includes\/media.php *\/\n\t\t<\/style>\n\t\t<div id='gallery-1' class='gallery galleryid-55001 gallery-columns-3 gallery-size-thumbnail'><dl class='gallery-item'>\n\t\t\t<dt class='gallery-icon landscape'>\n\t\t\t\t<a href='https:\/\/cuernavaca.gob.mx\/?attachment_id=55002'><img width=\"150\" height=\"150\" src=\"https:\/\/cuernavaca.gob.mx\/wp-content\/uploads\/2025\/12\/IMG-20251209-WA0112-150x150.jpg\" class=\"attachment-thumbnail size-thumbnail\" alt=\"\" loading=\"lazy\" \/><\/a>\n\t\t\t<\/dt><\/dl><dl class='gallery-item'>\n\t\t\t<dt class='gallery-icon landscape'>\n\t\t\t\t<a href='https:\/\/cuernavaca.gob.mx\/?attachment_id=55003'><img width=\"150\" height=\"150\" src=\"https:\/\/cuernavaca.gob.mx\/wp-content\/uploads\/2025\/12\/IMG-20251209-WA0111-150x150.jpg\" class=\"attachment-thumbnail size-thumbnail\" alt=\"\" loading=\"lazy\" \/><\/a>\n\t\t\t<\/dt><\/dl><dl class='gallery-item'>\n\t\t\t<dt class='gallery-icon landscape'>\n\t\t\t\t<a href='https:\/\/cuernavaca.gob.mx\/?attachment_id=55004'><img width=\"150\" height=\"150\" src=\"https:\/\/cuernavaca.gob.mx\/wp-content\/uploads\/2025\/12\/IMG-20251209-WA0110-150x150.jpg\" class=\"attachment-thumbnail size-thumbnail\" alt=\"\" loading=\"lazy\" \/><\/a>\n\t\t\t<\/dt><\/dl><br style=\"clear: both\" \/><dl class='gallery-item'>\n\t\t\t<dt class='gallery-icon landscape'>\n\t\t\t\t<a href='https:\/\/cuernavaca.gob.mx\/?attachment_id=55005'><img width=\"150\" height=\"150\" src=\"https:\/\/cuernavaca.gob.mx\/wp-content\/uploads\/2025\/12\/IMG-20251209-WA0109-150x150.jpg\" class=\"attachment-thumbnail size-thumbnail\" alt=\"\" loading=\"lazy\" \/><\/a>\n\t\t\t<\/dt><\/dl>\n\t\t\t<br style='clear: both' \/>\n\t\t<\/div>\n\n","protected":false},"excerpt":{"rendered":"<p>El presidente municipal de Cuernavaca, Jos\u00e9 Luis Uri\u00f3stegui Salgado, reiter\u00f3 el compromiso de su administraci\u00f3n con el sector automotriz, al reconocer p\u00fablicamente la confianza y la labor de la Asociaci\u00f3n Mexicana de Distribuidores de Automotores (AMDA), cuya participaci\u00f3n ha sido clave para impulsar el desarrollo econ\u00f3mico tanto del estado como de la capital morelense. &nbsp; [&hellip;]<\/p>\n","protected":false},"author":1,"featured_media":55005,"comment_status":"closed","ping_status":"open","sticky":false,"template":"","format":"standard","meta":[],"categories":[2294],"tags":[],"aioseo_notices":[],"_links":{"self":[{"href":"https:\/\/cuernavaca.gob.mx\/index.php?rest_route=\/wp\/v2\/posts\/55001"}],"collection":[{"href":"https:\/\/cuernavaca.gob.mx\/index.php?rest_route=\/wp\/v2\/posts"}],"about":[{"href":"https:\/\/cuernavaca.gob.mx\/index.php?rest_route=\/wp\/v2\/types\/post"}],"author":[{"embeddable":true,"href":"https:\/\/cuernavaca.gob.mx\/index.php?rest_route=\/wp\/v2\/users\/1"}],"replies":[{"embeddable":true,"href":"https:\/\/cuernavaca.gob.mx\/index.php?rest_route=%2Fwp%2Fv2%2Fcomments&post=55001"}],"version-history":[{"count":1,"href":"https:\/\/cuernavaca.gob.mx\/index.php?rest_route=\/wp\/v2\/posts\/55001\/revisions"}],"predecessor-version":[{"id":55006,"href":"https:\/\/cuernavaca.gob.mx\/index.php?rest_route=\/wp\/v2\/posts\/55001\/revisions\/55006"}],"wp:featuredmedia":[{"embeddable":true,"href":"https:\/\/cuernavaca.gob.mx\/index.php?rest_route=\/wp\/v2\/media\/55005"}],"wp:attachment":[{"href":"https:\/\/cuernavaca.gob.mx\/index.php?rest_route=%2Fwp%2Fv2%2Fmedia&parent=55001"}],"wp:term":[{"taxonomy":"category","embeddable":true,"href":"https:\/\/cuernavaca.gob.mx\/index.php?rest_route=%2Fwp%2Fv2%2Fcategories&post=55001"},{"taxonomy":"post_tag","embeddable":true,"href":"https:\/\/cuernavaca.gob.mx\/index.php?rest_route=%2Fwp%2Fv2%2Ftags&post=55001"}],"curies":[{"name":"wp","href":"https:\/\/api.w.org\/{rel}","templated":true}]}}