{"id":55009,"date":"2025-12-09T15:20:37","date_gmt":"2025-12-09T21:20:37","guid":{"rendered":"https:\/\/cuernavaca.gob.mx\/?p=55009"},"modified":"2025-12-09T15:20:37","modified_gmt":"2025-12-09T21:20:37","slug":"b787-9-12-2025-jose-luis-uriostegui-impulsa-la-seguridad-ciudadana-con-nuevos-elementos-policiacos-para-cuernavaca","status":"publish","type":"post","link":"https:\/\/cuernavaca.gob.mx\/?p=55009","title":{"rendered":"B787 9\/12\/2025 JOS\u00c9 LUIS URI\u00d3STEGUI IMPULSA LA SEGURIDAD CIUDADANA CON NUEVOS ELEMENTOS POLIC\u00cdACOS PARA CUERNAVACA"},"content":{"rendered":"<p>\u2022 El alcalde particip\u00f3 en la ceremonia de graduaci\u00f3n de la segunda generaci\u00f3n del programa de Polic\u00eda de Proximidad, donde egresaron 120 nuevos elementos, de los cuales 56 se incorporar\u00e1n a los municipios<\/p>\n<p>\u2022 Subray\u00f3 la importancia de estas incorporaciones para mejorar la seguridad, la prevenci\u00f3n del delito y la proximidad con la ciudadan\u00eda<\/p>\n<p>El alcalde de Cuernavaca, Jos\u00e9 Luis Uri\u00f3stegui Salgado, particip\u00f3 este martes en la ceremonia de egreso de la segunda generaci\u00f3n del programa de Polic\u00eda de Proximidad y del personal en activo 2025, realizada en la Academia Estatal de Estudios Superiores en Seguridad P\u00fablica. Durante su intervenci\u00f3n, el presidente municipal afirm\u00f3 que estas incorporaciones son clave para reforzar la seguridad y el bienestar de la ciudadan\u00eda, al tiempo que permiten resarcir el d\u00e9ficit hist\u00f3rico de elementos policiales en el estado y la ciudad.<\/p>\n<p>Acompa\u00f1ado de la gobernadora Margarita Gonz\u00e1lez Saravia, quien encabez\u00f3 la ceremonia, Uri\u00f3stegui Salgado subray\u00f3 la relevancia de este evento, segunda ocasi\u00f3n en el a\u00f1o que se grad\u00faan nuevos elementos, demostrando el compromiso constante de los gobiernos municipal y estatal con la seguridad de la poblaci\u00f3n.<\/p>\n<p>En total, se graduaron 120 elementos, conformados por 65 hombres y 55 mujeres, de los cuales 64 pertenecen al estado y 56 a los municipios, sum\u00e1ndose a los 110 elementos graduados en agosto pasado. Adem\u00e1s, 85 elementos en activo realizaron un curso de actualizaci\u00f3n de seis meses, mejorando sus capacidades para atender de manera m\u00e1s eficiente a la ciudadan\u00eda.<\/p>\n<p>El evento cont\u00f3 con la presencia de integrantes del gabinete estatal, de la Guardia Nacional, de la SEDENA y de la Fiscal\u00eda General del Estado, as\u00ed como de la alcaldesa de Puente de Ixtla Claudia Mazari Torres y el alcalde de Xochitepec, Roberto Flores Z\u00fa\u00f1iga destacando la coordinaci\u00f3n interinstitucional para garantizar un sistema de seguridad m\u00e1s eficiente y cercano a la poblaci\u00f3n.<\/p>\n<p>Con esta ceremonia, el Ayuntamiento de Cuernavaca liderado por Jos\u00e9 Luis Uri\u00f3stegui Salgado reafirma su compromiso institucional con la seguridad, impulsando cuerpos policiales capacitados, comprometidos y cercanos a la ciudadan\u00eda, en beneficio de un Cuernavaca m\u00e1s seguro y protegido.<\/p>\n<p>&nbsp;<\/p>\n\n\t\t<style type=\"text\/css\">\n\t\t\t#gallery-1 {\n\t\t\t\tmargin: auto;\n\t\t\t}\n\t\t\t#gallery-1 .gallery-item {\n\t\t\t\tfloat: left;\n\t\t\t\tmargin-top: 10px;\n\t\t\t\ttext-align: center;\n\t\t\t\twidth: 33%;\n\t\t\t}\n\t\t\t#gallery-1 img {\n\t\t\t\tborder: 2px solid #cfcfcf;\n\t\t\t}\n\t\t\t#gallery-1 .gallery-caption {\n\t\t\t\tmargin-left: 0;\n\t\t\t}\n\t\t\t\/* see gallery_shortcode() in wp-includes\/media.php *\/\n\t\t<\/style>\n\t\t<div id='gallery-1' class='gallery galleryid-55009 gallery-columns-3 gallery-size-medium'><dl class='gallery-item'>\n\t\t\t<dt class='gallery-icon landscape'>\n\t\t\t\t<a href='https:\/\/cuernavaca.gob.mx\/?attachment_id=55010'><img width=\"300\" height=\"188\" src=\"https:\/\/cuernavaca.gob.mx\/wp-content\/uploads\/2025\/12\/Morelos-invierte-mas-de-147-mdp-para-modernizar-rutas-de-evacuacion-del-Popocatepetl-300x188.jpg\" class=\"attachment-medium size-medium\" alt=\"\" loading=\"lazy\" srcset=\"https:\/\/cuernavaca.gob.mx\/wp-content\/uploads\/2025\/12\/Morelos-invierte-mas-de-147-mdp-para-modernizar-rutas-de-evacuacion-del-Popocatepetl-300x188.jpg 300w, https:\/\/cuernavaca.gob.mx\/wp-content\/uploads\/2025\/12\/Morelos-invierte-mas-de-147-mdp-para-modernizar-rutas-de-evacuacion-del-Popocatepetl-600x375.jpg 600w, https:\/\/cuernavaca.gob.mx\/wp-content\/uploads\/2025\/12\/Morelos-invierte-mas-de-147-mdp-para-modernizar-rutas-de-evacuacion-del-Popocatepetl-560x350.jpg 560w, https:\/\/cuernavaca.gob.mx\/wp-content\/uploads\/2025\/12\/Morelos-invierte-mas-de-147-mdp-para-modernizar-rutas-de-evacuacion-del-Popocatepetl.jpg 632w\" sizes=\"(max-width: 300px) 100vw, 300px\" \/><\/a>\n\t\t\t<\/dt><\/dl><dl class='gallery-item'>\n\t\t\t<dt class='gallery-icon landscape'>\n\t\t\t\t<a href='https:\/\/cuernavaca.gob.mx\/?attachment_id=55011'><img width=\"300\" height=\"200\" src=\"https:\/\/cuernavaca.gob.mx\/wp-content\/uploads\/2025\/12\/WhatsApp-Image-2025-12-09-at-3.16.21-PM-1-300x200.jpeg\" class=\"attachment-medium size-medium\" alt=\"\" loading=\"lazy\" srcset=\"https:\/\/cuernavaca.gob.mx\/wp-content\/uploads\/2025\/12\/WhatsApp-Image-2025-12-09-at-3.16.21-PM-1-300x200.jpeg 300w, https:\/\/cuernavaca.gob.mx\/wp-content\/uploads\/2025\/12\/WhatsApp-Image-2025-12-09-at-3.16.21-PM-1-1024x683.jpeg 1024w, https:\/\/cuernavaca.gob.mx\/wp-content\/uploads\/2025\/12\/WhatsApp-Image-2025-12-09-at-3.16.21-PM-1-768x512.jpeg 768w, https:\/\/cuernavaca.gob.mx\/wp-content\/uploads\/2025\/12\/WhatsApp-Image-2025-12-09-at-3.16.21-PM-1-600x400.jpeg 600w, https:\/\/cuernavaca.gob.mx\/wp-content\/uploads\/2025\/12\/WhatsApp-Image-2025-12-09-at-3.16.21-PM-1-560x374.jpeg 560w, https:\/\/cuernavaca.gob.mx\/wp-content\/uploads\/2025\/12\/WhatsApp-Image-2025-12-09-at-3.16.21-PM-1.jpeg 1280w\" sizes=\"(max-width: 300px) 100vw, 300px\" \/><\/a>\n\t\t\t<\/dt><\/dl><dl class='gallery-item'>\n\t\t\t<dt class='gallery-icon landscape'>\n\t\t\t\t<a href='https:\/\/cuernavaca.gob.mx\/?attachment_id=55012'><img width=\"300\" height=\"200\" src=\"https:\/\/cuernavaca.gob.mx\/wp-content\/uploads\/2025\/12\/WhatsApp-Image-2025-12-09-at-3.16.21-PM-2-300x200.jpeg\" class=\"attachment-medium size-medium\" alt=\"\" loading=\"lazy\" srcset=\"https:\/\/cuernavaca.gob.mx\/wp-content\/uploads\/2025\/12\/WhatsApp-Image-2025-12-09-at-3.16.21-PM-2-300x200.jpeg 300w, https:\/\/cuernavaca.gob.mx\/wp-content\/uploads\/2025\/12\/WhatsApp-Image-2025-12-09-at-3.16.21-PM-2-1024x683.jpeg 1024w, https:\/\/cuernavaca.gob.mx\/wp-content\/uploads\/2025\/12\/WhatsApp-Image-2025-12-09-at-3.16.21-PM-2-768x512.jpeg 768w, https:\/\/cuernavaca.gob.mx\/wp-content\/uploads\/2025\/12\/WhatsApp-Image-2025-12-09-at-3.16.21-PM-2-600x400.jpeg 600w, https:\/\/cuernavaca.gob.mx\/wp-content\/uploads\/2025\/12\/WhatsApp-Image-2025-12-09-at-3.16.21-PM-2-560x374.jpeg 560w, https:\/\/cuernavaca.gob.mx\/wp-content\/uploads\/2025\/12\/WhatsApp-Image-2025-12-09-at-3.16.21-PM-2.jpeg 1280w\" sizes=\"(max-width: 300px) 100vw, 300px\" \/><\/a>\n\t\t\t<\/dt><\/dl><br style=\"clear: both\" \/><dl class='gallery-item'>\n\t\t\t<dt class='gallery-icon landscape'>\n\t\t\t\t<a href='https:\/\/cuernavaca.gob.mx\/?attachment_id=55013'><img width=\"300\" height=\"200\" src=\"https:\/\/cuernavaca.gob.mx\/wp-content\/uploads\/2025\/12\/WhatsApp-Image-2025-12-09-at-3.16.21-PM-300x200.jpeg\" class=\"attachment-medium size-medium\" alt=\"\" loading=\"lazy\" srcset=\"https:\/\/cuernavaca.gob.mx\/wp-content\/uploads\/2025\/12\/WhatsApp-Image-2025-12-09-at-3.16.21-PM-300x200.jpeg 300w, https:\/\/cuernavaca.gob.mx\/wp-content\/uploads\/2025\/12\/WhatsApp-Image-2025-12-09-at-3.16.21-PM-1024x683.jpeg 1024w, https:\/\/cuernavaca.gob.mx\/wp-content\/uploads\/2025\/12\/WhatsApp-Image-2025-12-09-at-3.16.21-PM-768x512.jpeg 768w, https:\/\/cuernavaca.gob.mx\/wp-content\/uploads\/2025\/12\/WhatsApp-Image-2025-12-09-at-3.16.21-PM-1536x1024.jpeg 1536w, https:\/\/cuernavaca.gob.mx\/wp-content\/uploads\/2025\/12\/WhatsApp-Image-2025-12-09-at-3.16.21-PM-600x400.jpeg 600w, https:\/\/cuernavaca.gob.mx\/wp-content\/uploads\/2025\/12\/WhatsApp-Image-2025-12-09-at-3.16.21-PM-560x373.jpeg 560w, https:\/\/cuernavaca.gob.mx\/wp-content\/uploads\/2025\/12\/WhatsApp-Image-2025-12-09-at-3.16.21-PM.jpeg 1599w\" sizes=\"(max-width: 300px) 100vw, 300px\" \/><\/a>\n\t\t\t<\/dt><\/dl><dl class='gallery-item'>\n\t\t\t<dt class='gallery-icon landscape'>\n\t\t\t\t<a href='https:\/\/cuernavaca.gob.mx\/?attachment_id=55014'><img width=\"300\" height=\"200\" src=\"https:\/\/cuernavaca.gob.mx\/wp-content\/uploads\/2025\/12\/WhatsApp-Image-2025-12-09-at-3.16.22-PM-1-300x200.jpeg\" class=\"attachment-medium size-medium\" alt=\"\" loading=\"lazy\" srcset=\"https:\/\/cuernavaca.gob.mx\/wp-content\/uploads\/2025\/12\/WhatsApp-Image-2025-12-09-at-3.16.22-PM-1-300x200.jpeg 300w, https:\/\/cuernavaca.gob.mx\/wp-content\/uploads\/2025\/12\/WhatsApp-Image-2025-12-09-at-3.16.22-PM-1-1024x683.jpeg 1024w, https:\/\/cuernavaca.gob.mx\/wp-content\/uploads\/2025\/12\/WhatsApp-Image-2025-12-09-at-3.16.22-PM-1-768x512.jpeg 768w, https:\/\/cuernavaca.gob.mx\/wp-content\/uploads\/2025\/12\/WhatsApp-Image-2025-12-09-at-3.16.22-PM-1-600x400.jpeg 600w, https:\/\/cuernavaca.gob.mx\/wp-content\/uploads\/2025\/12\/WhatsApp-Image-2025-12-09-at-3.16.22-PM-1-560x373.jpeg 560w, https:\/\/cuernavaca.gob.mx\/wp-content\/uploads\/2025\/12\/WhatsApp-Image-2025-12-09-at-3.16.22-PM-1.jpeg 1437w\" sizes=\"(max-width: 300px) 100vw, 300px\" \/><\/a>\n\t\t\t<\/dt><\/dl><dl class='gallery-item'>\n\t\t\t<dt class='gallery-icon landscape'>\n\t\t\t\t<a href='https:\/\/cuernavaca.gob.mx\/?attachment_id=55015'><img width=\"300\" height=\"200\" src=\"https:\/\/cuernavaca.gob.mx\/wp-content\/uploads\/2025\/12\/WhatsApp-Image-2025-12-09-at-3.16.22-PM-2-300x200.jpeg\" class=\"attachment-medium size-medium\" alt=\"\" loading=\"lazy\" srcset=\"https:\/\/cuernavaca.gob.mx\/wp-content\/uploads\/2025\/12\/WhatsApp-Image-2025-12-09-at-3.16.22-PM-2-300x200.jpeg 300w, https:\/\/cuernavaca.gob.mx\/wp-content\/uploads\/2025\/12\/WhatsApp-Image-2025-12-09-at-3.16.22-PM-2-1024x683.jpeg 1024w, https:\/\/cuernavaca.gob.mx\/wp-content\/uploads\/2025\/12\/WhatsApp-Image-2025-12-09-at-3.16.22-PM-2-768x512.jpeg 768w, https:\/\/cuernavaca.gob.mx\/wp-content\/uploads\/2025\/12\/WhatsApp-Image-2025-12-09-at-3.16.22-PM-2-600x400.jpeg 600w, https:\/\/cuernavaca.gob.mx\/wp-content\/uploads\/2025\/12\/WhatsApp-Image-2025-12-09-at-3.16.22-PM-2-560x374.jpeg 560w, https:\/\/cuernavaca.gob.mx\/wp-content\/uploads\/2025\/12\/WhatsApp-Image-2025-12-09-at-3.16.22-PM-2.jpeg 1280w\" sizes=\"(max-width: 300px) 100vw, 300px\" \/><\/a>\n\t\t\t<\/dt><\/dl><br style=\"clear: both\" \/><dl class='gallery-item'>\n\t\t\t<dt class='gallery-icon landscape'>\n\t\t\t\t<a href='https:\/\/cuernavaca.gob.mx\/?attachment_id=55016'><img width=\"300\" height=\"200\" src=\"https:\/\/cuernavaca.gob.mx\/wp-content\/uploads\/2025\/12\/WhatsApp-Image-2025-12-09-at-3.16.22-PM-3-300x200.jpeg\" class=\"attachment-medium size-medium\" alt=\"\" loading=\"lazy\" srcset=\"https:\/\/cuernavaca.gob.mx\/wp-content\/uploads\/2025\/12\/WhatsApp-Image-2025-12-09-at-3.16.22-PM-3-300x200.jpeg 300w, https:\/\/cuernavaca.gob.mx\/wp-content\/uploads\/2025\/12\/WhatsApp-Image-2025-12-09-at-3.16.22-PM-3-1024x683.jpeg 1024w, https:\/\/cuernavaca.gob.mx\/wp-content\/uploads\/2025\/12\/WhatsApp-Image-2025-12-09-at-3.16.22-PM-3-768x512.jpeg 768w, https:\/\/cuernavaca.gob.mx\/wp-content\/uploads\/2025\/12\/WhatsApp-Image-2025-12-09-at-3.16.22-PM-3-600x400.jpeg 600w, https:\/\/cuernavaca.gob.mx\/wp-content\/uploads\/2025\/12\/WhatsApp-Image-2025-12-09-at-3.16.22-PM-3-560x374.jpeg 560w, https:\/\/cuernavaca.gob.mx\/wp-content\/uploads\/2025\/12\/WhatsApp-Image-2025-12-09-at-3.16.22-PM-3.jpeg 1280w\" sizes=\"(max-width: 300px) 100vw, 300px\" \/><\/a>\n\t\t\t<\/dt><\/dl><dl class='gallery-item'>\n\t\t\t<dt class='gallery-icon landscape'>\n\t\t\t\t<a href='https:\/\/cuernavaca.gob.mx\/?attachment_id=55017'><img width=\"300\" height=\"200\" src=\"https:\/\/cuernavaca.gob.mx\/wp-content\/uploads\/2025\/12\/WhatsApp-Image-2025-12-09-at-3.16.22-PM-4-300x200.jpeg\" class=\"attachment-medium size-medium\" alt=\"\" loading=\"lazy\" srcset=\"https:\/\/cuernavaca.gob.mx\/wp-content\/uploads\/2025\/12\/WhatsApp-Image-2025-12-09-at-3.16.22-PM-4-300x200.jpeg 300w, https:\/\/cuernavaca.gob.mx\/wp-content\/uploads\/2025\/12\/WhatsApp-Image-2025-12-09-at-3.16.22-PM-4-1024x683.jpeg 1024w, https:\/\/cuernavaca.gob.mx\/wp-content\/uploads\/2025\/12\/WhatsApp-Image-2025-12-09-at-3.16.22-PM-4-768x512.jpeg 768w, https:\/\/cuernavaca.gob.mx\/wp-content\/uploads\/2025\/12\/WhatsApp-Image-2025-12-09-at-3.16.22-PM-4-1536x1024.jpeg 1536w, https:\/\/cuernavaca.gob.mx\/wp-content\/uploads\/2025\/12\/WhatsApp-Image-2025-12-09-at-3.16.22-PM-4-600x400.jpeg 600w, https:\/\/cuernavaca.gob.mx\/wp-content\/uploads\/2025\/12\/WhatsApp-Image-2025-12-09-at-3.16.22-PM-4-560x373.jpeg 560w, https:\/\/cuernavaca.gob.mx\/wp-content\/uploads\/2025\/12\/WhatsApp-Image-2025-12-09-at-3.16.22-PM-4.jpeg 1599w\" sizes=\"(max-width: 300px) 100vw, 300px\" \/><\/a>\n\t\t\t<\/dt><\/dl><dl class='gallery-item'>\n\t\t\t<dt class='gallery-icon landscape'>\n\t\t\t\t<a href='https:\/\/cuernavaca.gob.mx\/?attachment_id=55018'><img width=\"300\" height=\"200\" src=\"https:\/\/cuernavaca.gob.mx\/wp-content\/uploads\/2025\/12\/WhatsApp-Image-2025-12-09-at-3.16.22-PM-300x200.jpeg\" class=\"attachment-medium size-medium\" alt=\"\" loading=\"lazy\" srcset=\"https:\/\/cuernavaca.gob.mx\/wp-content\/uploads\/2025\/12\/WhatsApp-Image-2025-12-09-at-3.16.22-PM-300x200.jpeg 300w, https:\/\/cuernavaca.gob.mx\/wp-content\/uploads\/2025\/12\/WhatsApp-Image-2025-12-09-at-3.16.22-PM-1024x683.jpeg 1024w, https:\/\/cuernavaca.gob.mx\/wp-content\/uploads\/2025\/12\/WhatsApp-Image-2025-12-09-at-3.16.22-PM-768x512.jpeg 768w, https:\/\/cuernavaca.gob.mx\/wp-content\/uploads\/2025\/12\/WhatsApp-Image-2025-12-09-at-3.16.22-PM-600x400.jpeg 600w, https:\/\/cuernavaca.gob.mx\/wp-content\/uploads\/2025\/12\/WhatsApp-Image-2025-12-09-at-3.16.22-PM-560x374.jpeg 560w, https:\/\/cuernavaca.gob.mx\/wp-content\/uploads\/2025\/12\/WhatsApp-Image-2025-12-09-at-3.16.22-PM.jpeg 1280w\" sizes=\"(max-width: 300px) 100vw, 300px\" \/><\/a>\n\t\t\t<\/dt><\/dl><br style=\"clear: both\" \/>\n\t\t<\/div>\n\n","protected":false},"excerpt":{"rendered":"<p>\u2022 El alcalde particip\u00f3 en la ceremonia de graduaci\u00f3n de la segunda generaci\u00f3n del programa de Polic\u00eda de Proximidad, donde egresaron 120 nuevos elementos, de los cuales 56 se incorporar\u00e1n a los municipios \u2022 Subray\u00f3 la importancia de estas incorporaciones para mejorar la seguridad, la prevenci\u00f3n del delito y la proximidad con la ciudadan\u00eda El [&hellip;]<\/p>\n","protected":false},"author":1,"featured_media":55018,"comment_status":"closed","ping_status":"open","sticky":false,"template":"","format":"standard","meta":[],"categories":[17],"tags":[],"aioseo_notices":[],"_links":{"self":[{"href":"https:\/\/cuernavaca.gob.mx\/index.php?rest_route=\/wp\/v2\/posts\/55009"}],"collection":[{"href":"https:\/\/cuernavaca.gob.mx\/index.php?rest_route=\/wp\/v2\/posts"}],"about":[{"href":"https:\/\/cuernavaca.gob.mx\/index.php?rest_route=\/wp\/v2\/types\/post"}],"author":[{"embeddable":true,"href":"https:\/\/cuernavaca.gob.mx\/index.php?rest_route=\/wp\/v2\/users\/1"}],"replies":[{"embeddable":true,"href":"https:\/\/cuernavaca.gob.mx\/index.php?rest_route=%2Fwp%2Fv2%2Fcomments&post=55009"}],"version-history":[{"count":1,"href":"https:\/\/cuernavaca.gob.mx\/index.php?rest_route=\/wp\/v2\/posts\/55009\/revisions"}],"predecessor-version":[{"id":55019,"href":"https:\/\/cuernavaca.gob.mx\/index.php?rest_route=\/wp\/v2\/posts\/55009\/revisions\/55019"}],"wp:featuredmedia":[{"embeddable":true,"href":"https:\/\/cuernavaca.gob.mx\/index.php?rest_route=\/wp\/v2\/media\/55018"}],"wp:attachment":[{"href":"https:\/\/cuernavaca.gob.mx\/index.php?rest_route=%2Fwp%2Fv2%2Fmedia&parent=55009"}],"wp:term":[{"taxonomy":"category","embeddable":true,"href":"https:\/\/cuernavaca.gob.mx\/index.php?rest_route=%2Fwp%2Fv2%2Fcategories&post=55009"},{"taxonomy":"post_tag","embeddable":true,"href":"https:\/\/cuernavaca.gob.mx\/index.php?rest_route=%2Fwp%2Fv2%2Ftags&post=55009"}],"curies":[{"name":"wp","href":"https:\/\/api.w.org\/{rel}","templated":true}]}}