{"id":55023,"date":"2025-12-10T19:48:10","date_gmt":"2025-12-11T01:48:10","guid":{"rendered":"https:\/\/cuernavaca.gob.mx\/?p=55023"},"modified":"2025-12-10T19:48:10","modified_gmt":"2025-12-11T01:48:10","slug":"b789-10-12-25-con-reducciones-historicas-de-deuda-finanzas-sanas-y-mejoras-visibles-jose-luis-uriostegui-marca-rumbo-de-gobierno-en-cuernavaca","status":"publish","type":"post","link":"https:\/\/cuernavaca.gob.mx\/?p=55023","title":{"rendered":"B789 10\/12\/25 CON REDUCCIONES HIST\u00d3RICAS DE DEUDA, FINANZAS SANAS Y MEJORAS VISIBLES, JOS\u00c9 LUIS URI\u00d3STEGUI MARCA RUMBO DE GOBIERNO EN CUERNAVACA"},"content":{"rendered":"<p><strong>* El alcalde de Cuernavaca rindi\u00f3 su primer informe de gobierno correspondiente a su segunda administraci\u00f3n municipal<\/strong><\/p>\n<p>Con el Palacio de Cort\u00e9s como escenario y una explanada llena de asistentes, el alcalde de Cuernavaca, Jos\u00e9 Luis Uri\u00f3stegui Salgado, present\u00f3 este mi\u00e9rcoles 10 de diciembre su primer informe de gobierno de su segunda administraci\u00f3n municipal. En su mensaje, destac\u00f3 que las acciones emprendidas desde 2022 ya generan resultados palpables en finanzas sanas, programas sociales e infraestructura, con una inversi\u00f3n cercana a mil millones de pesos en cuatro a\u00f1os, consolidando el rumbo hacia la ciudad que la poblaci\u00f3n merece.<\/p>\n<p>Acompa\u00f1ado de su esposa, Luz Mar\u00eda Zagal Guzm\u00e1n, presidenta del Sistema Municipal DIF Cuernavaca, y en el marco de la sesi\u00f3n solemne de Cabildo, el edil record\u00f3 que al inicio de su primera administraci\u00f3n el Ayuntamiento enfrentaba una deuda de mil 046 millones de pesos, heredada de gestiones anteriores. No obstante, para diciembre de 2024, esta cifra se redujo a 224 millones de pesos y contin\u00faa disminuyendo gracias a un manejo responsable del gasto p\u00fablico.<\/p>\n<p>Ante integrantes del Cabildo, su gabinete legal y ampliado, as\u00ed como de invitados especiales, Uri\u00f3stegui Salgado detall\u00f3 que paralelamente se liquid\u00f3 el \u00faltimo adeudo con el SAT, por 270 millones de pesos, heredado de administraciones pasadas. Resalt\u00f3 que, gracias al apoyo de la gobernadora Margarita Gonz\u00e1lez Saravia, el municipio recibi\u00f3 la devoluci\u00f3n del 75% de estos recursos.<\/p>\n<p>Tras 12 a\u00f1os de abandono en materia de obra p\u00fablica, inform\u00f3 que durante este a\u00f1o se invirtieron m\u00e1s de 250 millones de pesos en la construcci\u00f3n de 79 nuevas obras en distintas zonas de la ciudad, algunas ya concluidas y otras en proceso de finalizaci\u00f3n. La mayor parte corresponde a proyectos para mejorar el servicio de agua potable, sustituyendo tuber\u00edas con m\u00e1s de 50 a\u00f1os de antig\u00fcedad por polietileno de alta densidad con vida \u00fatil m\u00ednima de 70 a\u00f1os, rehabilitando instalaciones y construyendo cinco tanques elevados que incrementar\u00e1n la disponibilidad del vital l\u00edquido.<\/p>\n<p>Asimismo, resalt\u00f3 que en materia de fugas de agua se atendieron m\u00e1s de 70 mil metros cuadrados en diversas calles, trabajando de manera permanente en un problema que da\u00f1a la carpeta asf\u00e1ltica y que, junto con las lluvias, generan cientos de baches cada a\u00f1o.<\/p>\n<p>Ante representantes de los tres poderes del Estado, el alcalde destac\u00f3 el programa &#8220;Uniendo Corazones\u201d, creado y encabezado por la presidenta del DIF Cuernavaca, su esposa Luz Mar\u00eda Zagal Guzm\u00e1n. Gracias a la intervenci\u00f3n art\u00edstica de piezas de cer\u00e1mica en forma de coraz\u00f3n donadas por diversas personalidades y quienes adem\u00e1s donaron piezas de arte, se generaron un mill\u00f3n 200 mil pesos, destinados a la entrega de aparatos funcionales, lentes y auxiliares auditivos.<\/p>\n<p>Subray\u00f3 tambi\u00e9n que el Cabildo aprob\u00f3 la continuidad de diversos programas sociales en apoyo a la econom\u00eda familiar, como la entrega de tinacos gratuitos, el Presupuesto Social Ciudadano, becas por vulnerabilidad, excelencia acad\u00e9mica, becas deportivas y apoyos para estancias infantiles.<\/p>\n<p>En materia de seguridad, asegur\u00f3 que seguir\u00e1n reforzando el sistema de vigilancia mediante c\u00e1maras de video, drones y patrullaje terrestre, adem\u00e1s de la coordinaci\u00f3n con la SEDENA, Guardia Nacional, la Secretar\u00eda de Seguridad y Protecci\u00f3n Ciudadana de Morelos y polic\u00edas municipales que, tan solo este a\u00f1o participaron en m\u00e1s de cinco mil operativos. Anunci\u00f3 que en este mes de diciembre quedar\u00e1n instalados los arcos carreteros en las principales entradas de la ciudad, equipados con lectores de placas para detectar veh\u00edculos con reporte de robo.<\/p>\n<p>En cuanto a servicios p\u00fablicos, Jos\u00e9 Luis Uri\u00f3stegui se\u00f1al\u00f3 la sustituci\u00f3n de m\u00e1s de cuatro mil luminarias LED, lo que mejora la visibilidad, reduce emisiones cal\u00f3ricas y genera ahorro energ\u00e9tico, convirtiendo a Cuernavaca en un municipio superavitario en alumbrado p\u00fablico.<\/p>\n<p>Respecto al personal del Ayuntamiento, reconoci\u00f3 que la fortaleza institucional depende del compromiso de trabajadoras y trabajadores. Por ello, se han cumplido \u00edntegramente todas las prestaciones, incluido el pago de 90 d\u00edas de aguinaldo. Asimismo, se liquidaron laudos y sentencias por m\u00e1s de 200 millones de pesos, heredados de anteriores administraciones que incluso despidieron injustificadamente a cientos de empleados bajo el argumento de generar ahorros.<\/p>\n<p>Uri\u00f3stegui Salgado destac\u00f3 la realizaci\u00f3n de eventos que impulsaron el turismo y la econom\u00eda local, como la Feria de la Primavera, el Festival Cultural de Verano y la Primera Feria Internacional del Libro &#8220;Malcolm Lowry\u201d, as\u00ed como el apoyo brindado a la organizaci\u00f3n de &#8220;Sabor es Morelos&#8221;. En materia de campo, record\u00f3 que gracias al Fondo de Aportaciones Estatales para el Fomento Municipal (FAEFOM), Cuernavaca pas\u00f3 de recibir seis millones a 24 millones de pesos anuales, permitiendo fortalecer a m\u00e1s de mil productores de los sistemas de aguacateros, granos b\u00e1sicos, fung\u00edcolas, ganadero, pan artesanal, nopalero, ap\u00edcola y ornamentales, con apoyos que incluyeron desde tractores hasta fertilizantes.<\/p>\n<p>En su mensaje final, el alcalde afirm\u00f3 que desde la alta responsabilidad de la presidencia municipal ha constatado que solo a trav\u00e9s del entendimiento, el di\u00e1logo y el intercambio de propuestas es posible servir eficazmente a una poblaci\u00f3n din\u00e1mica y exigente como la de Cuernavaca. Agradeci\u00f3 el apoyo de la gobernadora Margarita Gonz\u00e1lez Saravia, as\u00ed como de los alcaldes de Huitzilac, Temixco, Tepoztl\u00e1n, Jiutepec y Xochitepec, con quienes se ha mantenido una coordinaci\u00f3n permanente en beneficio de la ciudad.<\/p>\n<p>&#8220;Sigamos trabajando con dedicaci\u00f3n, compromiso y sentido de responsabilidad para servir eficazmente a nuestra ciudad y a sus habitantes\u201d, concluy\u00f3<\/p>\n\n\t\t<style type=\"text\/css\">\n\t\t\t#gallery-1 {\n\t\t\t\tmargin: auto;\n\t\t\t}\n\t\t\t#gallery-1 .gallery-item {\n\t\t\t\tfloat: left;\n\t\t\t\tmargin-top: 10px;\n\t\t\t\ttext-align: center;\n\t\t\t\twidth: 33%;\n\t\t\t}\n\t\t\t#gallery-1 img {\n\t\t\t\tborder: 2px solid #cfcfcf;\n\t\t\t}\n\t\t\t#gallery-1 .gallery-caption {\n\t\t\t\tmargin-left: 0;\n\t\t\t}\n\t\t\t\/* see gallery_shortcode() in wp-includes\/media.php *\/\n\t\t<\/style>\n\t\t<div id='gallery-1' class='gallery galleryid-55023 gallery-columns-3 gallery-size-thumbnail'><dl class='gallery-item'>\n\t\t\t<dt class='gallery-icon landscape'>\n\t\t\t\t<a href='https:\/\/cuernavaca.gob.mx\/?attachment_id=55024'><img width=\"150\" height=\"150\" src=\"https:\/\/cuernavaca.gob.mx\/wp-content\/uploads\/2025\/12\/CON-REDUCCIONES-HISTO\u0301RICAS-DE-DEUDA-FINANZAS-SANAS-Y-MEJORAS-VISIBLES-JOSE\u0301-LUIS-URIO\u0301STEGUI-MARCA-RUMBO-DE-GOBIERNO-EN-CUERNAVACA-1-150x150.jpg\" class=\"attachment-thumbnail size-thumbnail\" alt=\"\" loading=\"lazy\" \/><\/a>\n\t\t\t<\/dt><\/dl><dl class='gallery-item'>\n\t\t\t<dt class='gallery-icon landscape'>\n\t\t\t\t<a href='https:\/\/cuernavaca.gob.mx\/?attachment_id=55025'><img width=\"150\" height=\"150\" src=\"https:\/\/cuernavaca.gob.mx\/wp-content\/uploads\/2025\/12\/CON-REDUCCIONES-HISTO\u0301RICAS-DE-DEUDA-FINANZAS-SANAS-Y-MEJORAS-VISIBLES-JOSE\u0301-LUIS-URIO\u0301STEGUI-MARCA-RUMBO-DE-GOBIERNO-EN-CUERNAVACA-2-150x150.jpg\" class=\"attachment-thumbnail size-thumbnail\" alt=\"\" loading=\"lazy\" \/><\/a>\n\t\t\t<\/dt><\/dl><dl class='gallery-item'>\n\t\t\t<dt class='gallery-icon landscape'>\n\t\t\t\t<a href='https:\/\/cuernavaca.gob.mx\/?attachment_id=55026'><img width=\"150\" height=\"150\" src=\"https:\/\/cuernavaca.gob.mx\/wp-content\/uploads\/2025\/12\/CON-REDUCCIONES-HISTO\u0301RICAS-DE-DEUDA-FINANZAS-SANAS-Y-MEJORAS-VISIBLES-JOSE\u0301-LUIS-URIO\u0301STEGUI-MARCA-RUMBO-DE-GOBIERNO-EN-CUERNAVACA-3-150x150.jpg\" class=\"attachment-thumbnail size-thumbnail\" alt=\"\" loading=\"lazy\" \/><\/a>\n\t\t\t<\/dt><\/dl><br style=\"clear: both\" \/><dl class='gallery-item'>\n\t\t\t<dt class='gallery-icon landscape'>\n\t\t\t\t<a href='https:\/\/cuernavaca.gob.mx\/?attachment_id=55027'><img width=\"150\" height=\"150\" src=\"https:\/\/cuernavaca.gob.mx\/wp-content\/uploads\/2025\/12\/CON-REDUCCIONES-HISTO\u0301RICAS-DE-DEUDA-FINANZAS-SANAS-Y-MEJORAS-VISIBLES-JOSE\u0301-LUIS-URIO\u0301STEGUI-MARCA-RUMBO-DE-GOBIERNO-EN-CUERNAVACA-4-150x150.jpg\" class=\"attachment-thumbnail size-thumbnail\" alt=\"\" loading=\"lazy\" \/><\/a>\n\t\t\t<\/dt><\/dl><dl class='gallery-item'>\n\t\t\t<dt class='gallery-icon landscape'>\n\t\t\t\t<a href='https:\/\/cuernavaca.gob.mx\/?attachment_id=55028'><img width=\"150\" height=\"150\" src=\"https:\/\/cuernavaca.gob.mx\/wp-content\/uploads\/2025\/12\/CON-REDUCCIONES-HISTO\u0301RICAS-DE-DEUDA-FINANZAS-SANAS-Y-MEJORAS-VISIBLES-JOSE\u0301-LUIS-URIO\u0301STEGUI-MARCA-RUMBO-DE-GOBIERNO-EN-CUERNAVACA-5-150x150.jpg\" class=\"attachment-thumbnail size-thumbnail\" alt=\"\" loading=\"lazy\" \/><\/a>\n\t\t\t<\/dt><\/dl><dl class='gallery-item'>\n\t\t\t<dt class='gallery-icon landscape'>\n\t\t\t\t<a href='https:\/\/cuernavaca.gob.mx\/?attachment_id=55029'><img width=\"150\" height=\"150\" src=\"https:\/\/cuernavaca.gob.mx\/wp-content\/uploads\/2025\/12\/CON-REDUCCIONES-HISTO\u0301RICAS-DE-DEUDA-FINANZAS-SANAS-Y-MEJORAS-VISIBLES-JOSE\u0301-LUIS-URIO\u0301STEGUI-MARCA-RUMBO-DE-GOBIERNO-EN-CUERNAVACA-6-150x150.jpg\" class=\"attachment-thumbnail size-thumbnail\" alt=\"\" loading=\"lazy\" \/><\/a>\n\t\t\t<\/dt><\/dl><br style=\"clear: both\" \/>\n\t\t<\/div>\n\n","protected":false},"excerpt":{"rendered":"<p>* El alcalde de Cuernavaca rindi\u00f3 su primer informe de gobierno correspondiente a su segunda administraci\u00f3n municipal Con el Palacio de Cort\u00e9s como escenario y una explanada llena de asistentes, el alcalde de Cuernavaca, Jos\u00e9 Luis Uri\u00f3stegui Salgado, present\u00f3 este mi\u00e9rcoles 10 de diciembre su primer informe de gobierno de su segunda administraci\u00f3n municipal. En [&hellip;]<\/p>\n","protected":false},"author":1,"featured_media":55026,"comment_status":"closed","ping_status":"open","sticky":false,"template":"","format":"standard","meta":[],"categories":[3047],"tags":[4323,121,301,4322,4250,120,369],"aioseo_notices":[],"_links":{"self":[{"href":"https:\/\/cuernavaca.gob.mx\/index.php?rest_route=\/wp\/v2\/posts\/55023"}],"collection":[{"href":"https:\/\/cuernavaca.gob.mx\/index.php?rest_route=\/wp\/v2\/posts"}],"about":[{"href":"https:\/\/cuernavaca.gob.mx\/index.php?rest_route=\/wp\/v2\/types\/post"}],"author":[{"embeddable":true,"href":"https:\/\/cuernavaca.gob.mx\/index.php?rest_route=\/wp\/v2\/users\/1"}],"replies":[{"embeddable":true,"href":"https:\/\/cuernavaca.gob.mx\/index.php?rest_route=%2Fwp%2Fv2%2Fcomments&post=55023"}],"version-history":[{"count":1,"href":"https:\/\/cuernavaca.gob.mx\/index.php?rest_route=\/wp\/v2\/posts\/55023\/revisions"}],"predecessor-version":[{"id":55030,"href":"https:\/\/cuernavaca.gob.mx\/index.php?rest_route=\/wp\/v2\/posts\/55023\/revisions\/55030"}],"wp:featuredmedia":[{"embeddable":true,"href":"https:\/\/cuernavaca.gob.mx\/index.php?rest_route=\/wp\/v2\/media\/55026"}],"wp:attachment":[{"href":"https:\/\/cuernavaca.gob.mx\/index.php?rest_route=%2Fwp%2Fv2%2Fmedia&parent=55023"}],"wp:term":[{"taxonomy":"category","embeddable":true,"href":"https:\/\/cuernavaca.gob.mx\/index.php?rest_route=%2Fwp%2Fv2%2Fcategories&post=55023"},{"taxonomy":"post_tag","embeddable":true,"href":"https:\/\/cuernavaca.gob.mx\/index.php?rest_route=%2Fwp%2Fv2%2Ftags&post=55023"}],"curies":[{"name":"wp","href":"https:\/\/api.w.org\/{rel}","templated":true}]}}